{"id":30194,"date":"2023-04-18T20:30:02","date_gmt":"2023-04-18T23:30:02","guid":{"rendered":"https:\/\/radiorevelacionfm.cl\/?p=30194"},"modified":"2023-04-18T20:30:02","modified_gmt":"2023-04-18T23:30:02","slug":"raphael-valora-despacho-a-ley-de-proyecto-que-establece-un-regimen-de-proteccion-en-favor-de-familiares-de-mujeres-victimas-de-femicidio","status":"publish","type":"post","link":"https:\/\/radiorevelacionfm.cl\/?p=30194","title":{"rendered":"Raphael valora despacho a ley de proyecto que establece un r\u00e9gimen de protecci\u00f3n en favor de familiares de mujeres v\u00edctimas de femicidio"},"content":{"rendered":"<div class=\"flex_column av_one_full  flex_column_div av-zero-column-padding first  avia-builder-el-0  el_before_av_one_full  avia-builder-el-first  \" style='border-radius:0px; '><div  class='avia-image-container  av-styling-    avia-builder-el-1  avia-builder-el-no-sibling  avia-align-center '  itemprop=\"image\" itemscope=\"itemscope\" itemtype=\"https:\/\/schema.org\/ImageObject\"  ><div class='avia-image-container-inner'><div class='avia-image-overlay-wrap'><img decoding=\"async\" class='wp-image-30195 avia-img-lazy-loading-not-30195 avia_image' src=\"https:\/\/radiorevelacionfm.cl\/wp-content\/uploads\/2023\/04\/Diputada-Marcia-Raphael-1-1.jpeg\" alt='' title='Diputada Marcia Raphael (1) (1)' height=\"600\" width=\"900\"  itemprop=\"thumbnailUrl\" srcset=\"https:\/\/radiorevelacionfm.cl\/wp-content\/uploads\/2023\/04\/Diputada-Marcia-Raphael-1-1.jpeg 900w, https:\/\/radiorevelacionfm.cl\/wp-content\/uploads\/2023\/04\/Diputada-Marcia-Raphael-1-1-300x200.jpeg 300w, https:\/\/radiorevelacionfm.cl\/wp-content\/uploads\/2023\/04\/Diputada-Marcia-Raphael-1-1-768x512.jpeg 768w, https:\/\/radiorevelacionfm.cl\/wp-content\/uploads\/2023\/04\/Diputada-Marcia-Raphael-1-1-705x470.jpeg 705w, https:\/\/radiorevelacionfm.cl\/wp-content\/uploads\/2023\/04\/Diputada-Marcia-Raphael-1-1-450x300.jpeg 450w, https:\/\/radiorevelacionfm.cl\/wp-content\/uploads\/2023\/04\/Diputada-Marcia-Raphael-1-1-600x400.jpeg 600w\" sizes=\"(max-width: 900px) 100vw, 900px\" \/><\/div><\/div><\/div><\/div><div class=\"flex_column av_one_full  flex_column_div av-zero-column-padding first  avia-builder-el-2  el_after_av_one_full  el_before_av_one_full  column-top-margin\" style='border-radius:0px; '><section class=\"av_textblock_section \"  itemscope=\"itemscope\" itemtype=\"https:\/\/schema.org\/BlogPosting\" itemprop=\"blogPost\" ><div class='avia_textblock  '   itemprop=\"text\" ><p style=\"text-align: center;\"><strong><span style=\"font-size: 18pt;\">Raphael valora despacho a ley de proyecto que establece un r\u00e9gimen de protecci\u00f3n en favor de familiares de mujeres v\u00edctimas de femicidio<\/span><\/strong><\/p>\n<div id=\"gtx-trans\" style=\"position: absolute; left: -50px; top: 4.31534px;\">\n<div class=\"gtx-trans-icon\"><\/div>\n<\/div>\n<\/div><\/section><\/div><div class=\"flex_column av_one_full  flex_column_div av-zero-column-padding first  avia-builder-el-4  el_after_av_one_full  el_before_av_hr  column-top-margin\" style='border-radius:0px; '><section class=\"av_textblock_section \"  itemscope=\"itemscope\" itemtype=\"https:\/\/schema.org\/BlogPosting\" itemprop=\"blogPost\" ><div class='avia_textblock  '   itemprop=\"text\" ><p style=\"text-align: justify;\">La diputada por la Regi\u00f3n de Ays\u00e9n, calific\u00f3 como un\u00a0gran avance la aprobaci\u00f3n de esta iniciativa, que establece un r\u00e9gimen de protecci\u00f3n y reparaci\u00f3n integral en favor de las v\u00edctimas de femicidios y sus familias. La iniciativa tambi\u00e9n contempla una pensi\u00f3n de 160.000 para los hijos de v\u00edctimas de femicidios, priorizaci\u00f3n especial en el Registro Social de Hogares, atenci\u00f3n preferente en salud, entre otras iniciativas.<\/p>\n<p style=\"text-align: justify;\">Para la legisladora de Renovaci\u00f3n Nacional, en ning\u00fan caso este proyecto ataca la ra\u00edz del problema, se\u00f1alando que lamentablemente la violencia contra la mujer no ha cesado en Chile y en la Regi\u00f3n de Ays\u00e9n, lo que demuestra un fracaso de la sociedad civil y del Estado en la materia.<\/p>\n<p style=\"text-align: justify;\">\u201cEstamos lejos de ganar la batalla contra la violencia a la mujer, s\u00f3lo en 2023 han habido 10 femicidios consumados y 64 frustrados, lo que refleja la violencia persistente a la mujer a\u00fan en la sociedad, que no solamente se refleja en esto, sino tambi\u00e9n en la falta de equidad salarial, diferencias culturales, falta de oportunidades y falta de reconocimiento a las labores de cuidado, se\u00f1al\u00f3 Raphael.<\/p>\n<p style=\"text-align: justify;\">Para la diputada, este proyecto tiene que ser un punto de partida. \u201cEs relevante se\u00f1alar que este proyecto est\u00e1 lejos de ser una real protecci\u00f3n para los hijos de v\u00edctimas de femicidio y para las mujeres sobrevivientes a este traum\u00e1tico acto, pero sin dudas es un avance importante, tanto en los derechos de las mujeres, como en los derechos de la ni\u00f1ez\u201d sentenci\u00f3 Raphael.<\/p>\n<\/div><\/section><\/div><div  style='height:50px' class='hr hr-invisible   avia-builder-el-6  el_after_av_one_full  el_before_av_social_share '><span class='hr-inner ' ><span class='hr-inner-style'><\/span><\/span><\/div><\/p>\n<div  class='av-social-sharing-box  avia-builder-el-7  el_after_av_hr  el_before_av_hr  '><div class='av-share-box'><h5 class='av-share-link-description av-no-toc '>Compartir esta noticia<\/h5><ul class='av-share-box-list noLightbox'><li class='av-share-link av-social-link-facebook' ><a target=\"_blank\" aria-label=\"Compartir en Facebook\" href='https:\/\/www.facebook.com\/sharer.php?u=https:\/\/radiorevelacionfm.cl\/?p=30194&#038;t=Raphael%20valora%20despacho%20a%20ley%20de%20proyecto%20que%20establece%20un%20r%C3%A9gimen%20de%20protecci%C3%B3n%20en%20favor%20de%20familiares%20de%20mujeres%20v%C3%ADctimas%20de%20femicidio' aria-hidden='false' data-av_icon='\ue8f3' data-av_iconfont='entypo-fontello' title='' data-avia-related-tooltip='Compartir en Facebook' rel=\"noopener\"><span class='avia_hidden_link_text'>Compartir en Facebook<\/span><\/a><\/li><li class='av-share-link av-social-link-twitter' ><a target=\"_blank\" aria-label=\"Compartir en Twitter\" href='https:\/\/twitter.com\/share?text=Raphael%20valora%20despacho%20a%20ley%20de%20proyecto%20que%20establece%20un%20r%C3%A9gimen%20de%20protecci%C3%B3n%20en%20favor%20de%20familiares%20de%20mujeres%20v%C3%ADctimas%20de%20femicidio&#038;url=https:\/\/radiorevelacionfm.cl\/?p=30194' aria-hidden='false' data-av_icon='\ue8f1' data-av_iconfont='entypo-fontello' title='' data-avia-related-tooltip='Compartir en Twitter' rel=\"noopener\"><span class='avia_hidden_link_text'>Compartir en Twitter<\/span><\/a><\/li><li class='av-share-link av-social-link-whatsapp' ><a target=\"_blank\" aria-label=\"Compartir en Whatsapp\" href='https:\/\/api.whatsapp.com\/send?text=https:\/\/radiorevelacionfm.cl\/?p=30194' aria-hidden='false' data-av_icon='\uf232' data-av_iconfont='entypo-fontello' title='' data-avia-related-tooltip='Compartir en Whatsapp' rel=\"noopener\"><span class='avia_hidden_link_text'>Compartir en Whatsapp<\/span><\/a><\/li><li class='av-share-link av-social-link-linkedin' ><a target=\"_blank\" aria-label=\"Compartir en LinkedIn\" href='https:\/\/linkedin.com\/shareArticle?mini=true&#038;title=Raphael%20valora%20despacho%20a%20ley%20de%20proyecto%20que%20establece%20un%20r%C3%A9gimen%20de%20protecci%C3%B3n%20en%20favor%20de%20familiares%20de%20mujeres%20v%C3%ADctimas%20de%20femicidio&#038;url=https:\/\/radiorevelacionfm.cl\/?p=30194' aria-hidden='false' data-av_icon='\ue8fc' data-av_iconfont='entypo-fontello' title='' data-avia-related-tooltip='Compartir en LinkedIn' rel=\"noopener\"><span class='avia_hidden_link_text'>Compartir en LinkedIn<\/span><\/a><\/li><li class='av-share-link av-social-link-mail' ><a  aria-label=\"Compartir por correo\" href='mailto:?subject=Raphael%20valora%20despacho%20a%20ley%20de%20proyecto%20que%20establece%20un%20r%C3%A9gimen%20de%20protecci%C3%B3n%20en%20favor%20de%20familiares%20de%20mujeres%20v%C3%ADctimas%20de%20femicidio&#038;body=https:\/\/radiorevelacionfm.cl\/?p=30194' aria-hidden='false' data-av_icon='\ue805' data-av_iconfont='entypo-fontello' title='' data-avia-related-tooltip='Compartir por correo'><span class='avia_hidden_link_text'>Compartir por correo<\/span><\/a><\/li><\/ul><\/div><\/div>\n<div  style='height:50px' class='hr hr-invisible   avia-builder-el-8  el_after_av_social_share  el_before_av_comments_list '><span class='hr-inner ' ><span class='hr-inner-style'><\/span><\/span><\/div>\n<div  class='av-buildercomment  av-blog-meta-html-info-disabled av-blog-meta-tag-disabled  '><\/div>\n","protected":false},"excerpt":{"rendered":"","protected":false},"author":1,"featured_media":30195,"comment_status":"open","ping_status":"open","sticky":false,"template":"","format":"standard","meta":{"footnotes":""},"categories":[35],"tags":[],"class_list":["post-30194","post","type-post","status-publish","format-standard","has-post-thumbnail","hentry","category-politica"],"jetpack_featured_media_url":"https:\/\/radiorevelacionfm.cl\/wp-content\/uploads\/2023\/04\/Diputada-Marcia-Raphael-1-1.jpeg","_links":{"self":[{"href":"https:\/\/radiorevelacionfm.cl\/index.php?rest_route=\/wp\/v2\/posts\/30194","targetHints":{"allow":["GET"]}}],"collection":[{"href":"https:\/\/radiorevelacionfm.cl\/index.php?rest_route=\/wp\/v2\/posts"}],"about":[{"href":"https:\/\/radiorevelacionfm.cl\/index.php?rest_route=\/wp\/v2\/types\/post"}],"author":[{"embeddable":true,"href":"https:\/\/radiorevelacionfm.cl\/index.php?rest_route=\/wp\/v2\/users\/1"}],"replies":[{"embeddable":true,"href":"https:\/\/radiorevelacionfm.cl\/index.php?rest_route=%2Fwp%2Fv2%2Fcomments&post=30194"}],"version-history":[{"count":1,"href":"https:\/\/radiorevelacionfm.cl\/index.php?rest_route=\/wp\/v2\/posts\/30194\/revisions"}],"predecessor-version":[{"id":30196,"href":"https:\/\/radiorevelacionfm.cl\/index.php?rest_route=\/wp\/v2\/posts\/30194\/revisions\/30196"}],"wp:featuredmedia":[{"embeddable":true,"href":"https:\/\/radiorevelacionfm.cl\/index.php?rest_route=\/wp\/v2\/media\/30195"}],"wp:attachment":[{"href":"https:\/\/radiorevelacionfm.cl\/index.php?rest_route=%2Fwp%2Fv2%2Fmedia&parent=30194"}],"wp:term":[{"taxonomy":"category","embeddable":true,"href":"https:\/\/radiorevelacionfm.cl\/index.php?rest_route=%2Fwp%2Fv2%2Fcategories&post=30194"},{"taxonomy":"post_tag","embeddable":true,"href":"https:\/\/radiorevelacionfm.cl\/index.php?rest_route=%2Fwp%2Fv2%2Ftags&post=30194"}],"curies":[{"name":"wp","href":"https:\/\/api.w.org\/{rel}","templated":true}]}}