{"id":30191,"date":"2023-04-18T18:38:24","date_gmt":"2023-04-18T21:38:24","guid":{"rendered":"https:\/\/radiorevelacionfm.cl\/?p=30191"},"modified":"2023-04-18T18:38:24","modified_gmt":"2023-04-18T21:38:24","slug":"estudiantes-de-la-escuela-altamira-visitaron-la-corte-de-apelaciones-de-coyhaique","status":"publish","type":"post","link":"https:\/\/radiorevelacionfm.cl\/?p=30191","title":{"rendered":"Estudiantes de la Escuela Altamira visitaron la Corte de Apelaciones de Coyhaique"},"content":{"rendered":"<div class=\"flex_column av_one_full  flex_column_div av-zero-column-padding first  avia-builder-el-0  el_before_av_one_full  avia-builder-el-first  \" style='border-radius:0px; '><div  class='avia-image-container  av-styling-    avia-builder-el-1  avia-builder-el-no-sibling  avia-align-center '  itemprop=\"image\" itemscope=\"itemscope\" itemtype=\"https:\/\/schema.org\/ImageObject\"  ><div class='avia-image-container-inner'><div class='avia-image-overlay-wrap'><img decoding=\"async\" class='wp-image-30192 avia-img-lazy-loading-not-30192 avia_image' src=\"https:\/\/radiorevelacionfm.cl\/wp-content\/uploads\/2023\/04\/Visita-Escuela-Altamira-15-1-1.jpg\" alt='' title='Visita Escuela Altamira 15 (1) (1)' height=\"600\" width=\"900\"  itemprop=\"thumbnailUrl\" srcset=\"https:\/\/radiorevelacionfm.cl\/wp-content\/uploads\/2023\/04\/Visita-Escuela-Altamira-15-1-1.jpg 900w, https:\/\/radiorevelacionfm.cl\/wp-content\/uploads\/2023\/04\/Visita-Escuela-Altamira-15-1-1-300x200.jpg 300w, https:\/\/radiorevelacionfm.cl\/wp-content\/uploads\/2023\/04\/Visita-Escuela-Altamira-15-1-1-768x512.jpg 768w, https:\/\/radiorevelacionfm.cl\/wp-content\/uploads\/2023\/04\/Visita-Escuela-Altamira-15-1-1-705x470.jpg 705w, https:\/\/radiorevelacionfm.cl\/wp-content\/uploads\/2023\/04\/Visita-Escuela-Altamira-15-1-1-450x300.jpg 450w, https:\/\/radiorevelacionfm.cl\/wp-content\/uploads\/2023\/04\/Visita-Escuela-Altamira-15-1-1-600x400.jpg 600w\" sizes=\"(max-width: 900px) 100vw, 900px\" \/><\/div><\/div><\/div><\/div><div class=\"flex_column av_one_full  flex_column_div av-zero-column-padding first  avia-builder-el-2  el_after_av_one_full  el_before_av_one_full  column-top-margin\" style='border-radius:0px; '><section class=\"av_textblock_section \"  itemscope=\"itemscope\" itemtype=\"https:\/\/schema.org\/BlogPosting\" itemprop=\"blogPost\" ><div class='avia_textblock  '   itemprop=\"text\" ><p style=\"text-align: center;\"><strong><span style=\"font-size: 18pt;\">Estudiantes de la Escuela Altamira visitaron la Corte de Apelaciones de Coyhaique<\/span><\/strong><\/p>\n<div id=\"gtx-trans\" style=\"position: absolute; left: -50px; top: 4.31534px;\">\n<div class=\"gtx-trans-icon\"><\/div>\n<\/div>\n<\/div><\/section><\/div><div class=\"flex_column av_one_full  flex_column_div av-zero-column-padding first  avia-builder-el-4  el_after_av_one_full  el_before_av_hr  column-top-margin\" style='border-radius:0px; '><section class=\"av_textblock_section \"  itemscope=\"itemscope\" itemtype=\"https:\/\/schema.org\/BlogPosting\" itemprop=\"blogPost\" ><div class='avia_textblock  '   itemprop=\"text\" ><p class=\"v1MsoNormal\" style=\"text-align: justify;\">Una jornada educativa vivieron 35 ni\u00f1os de la Escuela Altamira de Coyhaique, quienes el pasado viernes 14 de abril visitaron la Corte de Apelaciones para conocer el funcionamiento de este tribunal y tambi\u00e9n para observar la exposici\u00f3n \u00abMiradas de Pandemia, Historias de migrantes en Patagonia\u00bb.<\/p>\n<p class=\"v1MsoNormal\" style=\"text-align: justify;\">La instancia permiti\u00f3 que los estudiantes de sexto a\u00f1o b\u00e1sico pudieran recorrer las dependencias del tribunal de alzada, participar de una charla a cargo del administrador \u00c1lvaro Guti\u00e9rrez, respecto a la estructura del Poder Judicial y, posteriormente, ser recibidos en la sala de alegatos por el propio presidente de la Corte de Apelaciones, Jos\u00e9 Ignacio Mora.<\/p>\n<p class=\"v1MsoNormal\" style=\"text-align: justify;\">En la conversaci\u00f3n, el ministro Mora les explic\u00f3 la principal labor que tiene la administraci\u00f3n de justicia: \u00ablo que nosotros hacemos es administrar justicia, siendo imparciales en los conflictos legales o jur\u00eddicos que ocurren entre los miembros de nuestra comunidad, con el objetivo de mantener la paz social. Ustedes (estudiantes) deben aprender que la justicia jam\u00e1s se debe tomar por sus propias manos, siempre hay instancias para dialogar y llegar a acuerdos\u00bb.<\/p>\n<p class=\"v1MsoNormal\" style=\"text-align: justify;\">Por su parte, Leslie Becker, profesora de la Escuela Altamira, sostuvo que \u00abestamos muy agradecidos por la oportunidad de haber venido a conocer la Corte de Apelaciones, dentro del contexto de una unidad integrada que tiene que ver con la participaci\u00f3n ciudadana y, adem\u00e1s\u00a0 porque es relevante que conozcan a personas significativas e importantes respecto de sus habilidades y responsabilidades, que sirven como buenos ejemplos para nuestros estudiantes\u00bb.<\/p>\n<p class=\"v1MsoNormal\" style=\"text-align: justify;\">\u00abFue muy especial, nunca hab\u00eda venido a este lugar, yo pensaba que era otra cosa y la verdad es que cuando me invitaron a pasar a la sala de alegatos y sentarme en la silla del presidente de la Corte me sent\u00ed muy nerviosa\u00bb, indic\u00f3 Josefa Carrillo Dur\u00e1n, presidenta del sexto a\u00f1o B, de la Escuela Altamira.<\/p>\n<p class=\"v1MsoNormal\" style=\"text-align: justify;\"><b>Miradas de Pandemia, Historia de migrantes en Patagonia<\/b><\/p>\n<p class=\"v1MsoNormal\" style=\"text-align: justify;\">En el contexto de la visita los ni\u00f1os y ni\u00f1as pudieron disfrutar de la exposici\u00f3n \u00abMiradas de Pandemia, Historia de migrantes en Patagonia\u00bb, del artista visual Ramiro Bahamonde, quien retrat\u00f3 14 obras que captan las miradas de migrantes de diversas nacionalidades y que permitieron a los estudiantes aprender un poco m\u00e1s respecto a la integraci\u00f3n que debe existir.<\/p>\n<p class=\"v1MsoNormal\" style=\"text-align: justify;\">\u00abRespecto de Ramiro, \u00e9l es un artista muy reconocido y para los ni\u00f1os ha sido una mirada desde el arte, que ellos no conoc\u00edan y adem\u00e1s una pincelada de integraci\u00f3n, que sin duda nos falta a todos\u00bb, indic\u00f3 Leslie Becker, profesora de la Escuela Altamira.<\/p>\n<p class=\"v1MsoNormal\" style=\"text-align: justify;\">Recordar que la muestra \u00abMiradas de Pandemia, Historias migrantes en Patagonia\u00bb, estar\u00e1 abierta al p\u00fablico en Baquedano # 182, hasta el 22 de abril de 2023, en un horario de lunes a viernes de 08:00 a 16:00 horas y los s\u00e1bados de 09:00 a 12:00 horas.<\/p>\n<\/div><\/section><\/div><div  style='height:50px' class='hr hr-invisible   avia-builder-el-6  el_after_av_one_full  el_before_av_social_share '><span class='hr-inner ' ><span class='hr-inner-style'><\/span><\/span><\/div><\/p>\n<div  class='av-social-sharing-box  avia-builder-el-7  el_after_av_hr  el_before_av_hr  '><div class='av-share-box'><h5 class='av-share-link-description av-no-toc '>Compartir esta noticia<\/h5><ul class='av-share-box-list noLightbox'><li class='av-share-link av-social-link-facebook' ><a target=\"_blank\" aria-label=\"Compartir en Facebook\" href='https:\/\/www.facebook.com\/sharer.php?u=https:\/\/radiorevelacionfm.cl\/?p=30191&#038;t=Estudiantes%20de%20la%20Escuela%20Altamira%20visitaron%20la%20Corte%20de%20Apelaciones%20de%20Coyhaique' aria-hidden='false' data-av_icon='\ue8f3' data-av_iconfont='entypo-fontello' title='' data-avia-related-tooltip='Compartir en Facebook' rel=\"noopener\"><span class='avia_hidden_link_text'>Compartir en Facebook<\/span><\/a><\/li><li class='av-share-link av-social-link-twitter' ><a target=\"_blank\" aria-label=\"Compartir en Twitter\" href='https:\/\/twitter.com\/share?text=Estudiantes%20de%20la%20Escuela%20Altamira%20visitaron%20la%20Corte%20de%20Apelaciones%20de%20Coyhaique&#038;url=https:\/\/radiorevelacionfm.cl\/?p=30191' aria-hidden='false' data-av_icon='\ue8f1' data-av_iconfont='entypo-fontello' title='' data-avia-related-tooltip='Compartir en Twitter' rel=\"noopener\"><span class='avia_hidden_link_text'>Compartir en Twitter<\/span><\/a><\/li><li class='av-share-link av-social-link-whatsapp' ><a target=\"_blank\" aria-label=\"Compartir en Whatsapp\" href='https:\/\/api.whatsapp.com\/send?text=https:\/\/radiorevelacionfm.cl\/?p=30191' aria-hidden='false' data-av_icon='\uf232' data-av_iconfont='entypo-fontello' title='' data-avia-related-tooltip='Compartir en Whatsapp' rel=\"noopener\"><span class='avia_hidden_link_text'>Compartir en Whatsapp<\/span><\/a><\/li><li class='av-share-link av-social-link-linkedin' ><a target=\"_blank\" aria-label=\"Compartir en LinkedIn\" href='https:\/\/linkedin.com\/shareArticle?mini=true&#038;title=Estudiantes%20de%20la%20Escuela%20Altamira%20visitaron%20la%20Corte%20de%20Apelaciones%20de%20Coyhaique&#038;url=https:\/\/radiorevelacionfm.cl\/?p=30191' aria-hidden='false' data-av_icon='\ue8fc' data-av_iconfont='entypo-fontello' title='' data-avia-related-tooltip='Compartir en LinkedIn' rel=\"noopener\"><span class='avia_hidden_link_text'>Compartir en LinkedIn<\/span><\/a><\/li><li class='av-share-link av-social-link-mail' ><a  aria-label=\"Compartir por correo\" href='mailto:?subject=Estudiantes%20de%20la%20Escuela%20Altamira%20visitaron%20la%20Corte%20de%20Apelaciones%20de%20Coyhaique&#038;body=https:\/\/radiorevelacionfm.cl\/?p=30191' aria-hidden='false' data-av_icon='\ue805' data-av_iconfont='entypo-fontello' title='' data-avia-related-tooltip='Compartir por correo'><span class='avia_hidden_link_text'>Compartir por correo<\/span><\/a><\/li><\/ul><\/div><\/div>\n<div  style='height:50px' class='hr hr-invisible   avia-builder-el-8  el_after_av_social_share  el_before_av_comments_list '><span class='hr-inner ' ><span class='hr-inner-style'><\/span><\/span><\/div>\n<div  class='av-buildercomment  av-blog-meta-html-info-disabled av-blog-meta-tag-disabled  '><\/div>\n","protected":false},"excerpt":{"rendered":"","protected":false},"author":1,"featured_media":30192,"comment_status":"open","ping_status":"open","sticky":false,"template":"","format":"standard","meta":{"footnotes":""},"categories":[55],"tags":[],"class_list":["post-30191","post","type-post","status-publish","format-standard","has-post-thumbnail","hentry","category-justicia"],"jetpack_featured_media_url":"https:\/\/radiorevelacionfm.cl\/wp-content\/uploads\/2023\/04\/Visita-Escuela-Altamira-15-1-1.jpg","_links":{"self":[{"href":"https:\/\/radiorevelacionfm.cl\/index.php?rest_route=\/wp\/v2\/posts\/30191","targetHints":{"allow":["GET"]}}],"collection":[{"href":"https:\/\/radiorevelacionfm.cl\/index.php?rest_route=\/wp\/v2\/posts"}],"about":[{"href":"https:\/\/radiorevelacionfm.cl\/index.php?rest_route=\/wp\/v2\/types\/post"}],"author":[{"embeddable":true,"href":"https:\/\/radiorevelacionfm.cl\/index.php?rest_route=\/wp\/v2\/users\/1"}],"replies":[{"embeddable":true,"href":"https:\/\/radiorevelacionfm.cl\/index.php?rest_route=%2Fwp%2Fv2%2Fcomments&post=30191"}],"version-history":[{"count":1,"href":"https:\/\/radiorevelacionfm.cl\/index.php?rest_route=\/wp\/v2\/posts\/30191\/revisions"}],"predecessor-version":[{"id":30193,"href":"https:\/\/radiorevelacionfm.cl\/index.php?rest_route=\/wp\/v2\/posts\/30191\/revisions\/30193"}],"wp:featuredmedia":[{"embeddable":true,"href":"https:\/\/radiorevelacionfm.cl\/index.php?rest_route=\/wp\/v2\/media\/30192"}],"wp:attachment":[{"href":"https:\/\/radiorevelacionfm.cl\/index.php?rest_route=%2Fwp%2Fv2%2Fmedia&parent=30191"}],"wp:term":[{"taxonomy":"category","embeddable":true,"href":"https:\/\/radiorevelacionfm.cl\/index.php?rest_route=%2Fwp%2Fv2%2Fcategories&post=30191"},{"taxonomy":"post_tag","embeddable":true,"href":"https:\/\/radiorevelacionfm.cl\/index.php?rest_route=%2Fwp%2Fv2%2Ftags&post=30191"}],"curies":[{"name":"wp","href":"https:\/\/api.w.org\/{rel}","templated":true}]}}