{"id":30189,"date":"2023-04-18T22:53:50","date_gmt":"2023-04-19T01:53:50","guid":{"rendered":"https:\/\/radiorevelacionfm.cl\/?p=30189"},"modified":"2023-04-18T22:53:50","modified_gmt":"2023-04-19T01:53:50","slug":"sandoval-y-proyecto-de-movilidad-de-pescadores-artesanales-tal-como-esta-planteado-lo-vemos-como-una-amenaza","status":"publish","type":"post","link":"https:\/\/radiorevelacionfm.cl\/?p=30189","title":{"rendered":"Sandoval y proyecto de movilidad de pescadores artesanales: \u201cTal como est\u00e1 planteado, lo vemos como una amenaza\u201d"},"content":{"rendered":"<div class=\"flex_column av_one_full  flex_column_div av-zero-column-padding first  avia-builder-el-0  el_before_av_one_full  avia-builder-el-first  \" style='border-radius:0px; '><div  class='avia-image-container  av-styling-    avia-builder-el-1  avia-builder-el-no-sibling  avia-align-center '  itemprop=\"image\" itemscope=\"itemscope\" itemtype=\"https:\/\/schema.org\/ImageObject\"  ><div class='avia-image-container-inner'><div class='avia-image-overlay-wrap'><img decoding=\"async\" class='wp-image-22895 avia-img-lazy-loading-not-22895 avia_image' src=\"https:\/\/radiorevelacionfm.cl\/wp-content\/uploads\/2022\/10\/SENADOR-SANDOVAL-14-1-1.jpg\" alt='' title='SENADOR SANDOVAL (14) (1) (1)' height=\"600\" width=\"750\"  itemprop=\"thumbnailUrl\" srcset=\"https:\/\/radiorevelacionfm.cl\/wp-content\/uploads\/2022\/10\/SENADOR-SANDOVAL-14-1-1.jpg 750w, https:\/\/radiorevelacionfm.cl\/wp-content\/uploads\/2022\/10\/SENADOR-SANDOVAL-14-1-1-300x240.jpg 300w, https:\/\/radiorevelacionfm.cl\/wp-content\/uploads\/2022\/10\/SENADOR-SANDOVAL-14-1-1-705x564.jpg 705w, https:\/\/radiorevelacionfm.cl\/wp-content\/uploads\/2022\/10\/SENADOR-SANDOVAL-14-1-1-600x480.jpg 600w\" sizes=\"(max-width: 750px) 100vw, 750px\" \/><\/div><\/div><\/div><\/div><div class=\"flex_column av_one_full  flex_column_div av-zero-column-padding first  avia-builder-el-2  el_after_av_one_full  el_before_av_one_full  column-top-margin\" style='border-radius:0px; '><section class=\"av_textblock_section \"  itemscope=\"itemscope\" itemtype=\"https:\/\/schema.org\/BlogPosting\" itemprop=\"blogPost\" ><div class='avia_textblock  '   itemprop=\"text\" ><p style=\"text-align: center;\"><strong><span style=\"font-size: 18pt;\">Sandoval y proyecto de movilidad de pescadores artesanales: \u201cTal como est\u00e1 planteado, lo vemos como una amenaza\u201d<\/span><\/strong><\/p>\n<div id=\"gtx-trans\" style=\"position: absolute; left: -50px; top: 4.31534px;\">\n<div class=\"gtx-trans-icon\"><\/div>\n<\/div>\n<\/div><\/section><\/div><div class=\"flex_column av_one_full  flex_column_div av-zero-column-padding first  avia-builder-el-4  el_after_av_one_full  el_before_av_hr  column-top-margin\" style='border-radius:0px; '><section class=\"av_textblock_section \"  itemscope=\"itemscope\" itemtype=\"https:\/\/schema.org\/BlogPosting\" itemprop=\"blogPost\" ><div class='avia_textblock  '   itemprop=\"text\" ><p style=\"text-align: justify;\">\u201cNosotros lo vemos como una amenaza tal como est\u00e1 planteado\u201d. As\u00ed lo afirm\u00f3 el senador David Sandoval, al referirse al impacto que podr\u00eda tener en la regi\u00f3n de Ays\u00e9n, el proyecto de ley que modifica el Decreto N\u00b0 430, Ley General de Pesca y Acuicultura, con el objeto de permitir a los pescadores artesanales desempe\u00f1arse como patr\u00f3n o tripulante en cualquier regi\u00f3n del pa\u00eds.<\/p>\n<p style=\"text-align: justify;\">Al respecto, el parlamentario inform\u00f3 que se determinaron dos semanas como plazo para presentar indicaciones a la iniciativa, precisando que se est\u00e1 conformando un equipo t\u00e9cnico de coordinaci\u00f3n legislativa \u201cpara tener la mayor sinton\u00eda\u201d con las demandas de los pescadores de Ays\u00e9n.<\/p>\n<p style=\"text-align: justify;\">En ese sentido, Sandoval dijo: \u201cLe manifestamos a los dirigentes del \u00e1mbito de la pesca industrial, pescadores artesanales, los prestadores de servicios a las empresas acu\u00edcolas, procurar el m\u00e1ximo compromiso para estar atento a la defensa de los intereses de la regi\u00f3n\u201d.<\/p>\n<p style=\"text-align: justify;\">El legislador agreg\u00f3 que, en algunos productos, puede que en la regi\u00f3n se requiera de mano de obra externa, como por ejemplo en la faena de extracci\u00f3n de erizos, pero que cuando eso pase \u201cdebe ser necesariamente bajo el absoluto y total acuerdo de la respectiva regi\u00f3n\u201d, agregando que por lo mismo \u201chabr\u00e1 que perfeccionar su representaci\u00f3n, funcionamiento y las decisiones que tomen los comit\u00e9s de manejo\u201d.<\/p>\n<p style=\"text-align: justify;\">\u201cSi la regi\u00f3n necesita eventualmente patrones y tripulantes, tiene que ser bajo el visto bueno formal de la regi\u00f3n de Ays\u00e9n\u201d, insisti\u00f3, precisando que durante estas dos semanas se presentar\u00e1 un set de indicaciones a la iniciativa. \u201cLo haremos en estrecha vinculaci\u00f3n con los dirigentes de Guaitecas, de cisnes, Ays\u00e9n, etc., para que interpretemos cabalmente las apreciaciones que hacen ellos\u201d, recalc\u00f3.<\/p>\n<p style=\"text-align: justify;\">Cabe se\u00f1alar que la moci\u00f3n parlamentaria fue presentada durante el a\u00f1o 2022, por parte de senadores oficialistas.<\/p>\n<p style=\"text-align: justify;\">Finalmente, indicar que seg\u00fan el Registro Pesquero Artesanal (RPA), en la regi\u00f3n de Ays\u00e9n existen 3.606 pescadores artesanales inscritos, que representan el 4,8% del total nacional, de los cuales 2.325 corresponden a pescadores propiamente tal, 542 son buzos y 451 son armadores.<\/p>\n<\/div><\/section><\/div><div  style='height:50px' class='hr hr-invisible   avia-builder-el-6  el_after_av_one_full  el_before_av_social_share '><span class='hr-inner ' ><span class='hr-inner-style'><\/span><\/span><\/div><\/p>\n<div  class='av-social-sharing-box  avia-builder-el-7  el_after_av_hr  el_before_av_hr  '><div class='av-share-box'><h5 class='av-share-link-description av-no-toc '>Compartir esta noticia<\/h5><ul class='av-share-box-list noLightbox'><li class='av-share-link av-social-link-facebook' ><a target=\"_blank\" aria-label=\"Compartir en Facebook\" href='https:\/\/www.facebook.com\/sharer.php?u=https:\/\/radiorevelacionfm.cl\/?p=30189&#038;t=Sandoval%20y%20proyecto%20de%20movilidad%20de%20pescadores%20artesanales%3A%20%E2%80%9CTal%20como%20est%C3%A1%20planteado%2C%20lo%20vemos%20como%20una%20amenaza%E2%80%9D' aria-hidden='false' data-av_icon='\ue8f3' data-av_iconfont='entypo-fontello' title='' data-avia-related-tooltip='Compartir en Facebook' rel=\"noopener\"><span class='avia_hidden_link_text'>Compartir en Facebook<\/span><\/a><\/li><li class='av-share-link av-social-link-twitter' ><a target=\"_blank\" aria-label=\"Compartir en Twitter\" href='https:\/\/twitter.com\/share?text=Sandoval%20y%20proyecto%20de%20movilidad%20de%20pescadores%20artesanales%3A%20%E2%80%9CTal%20como%20est%C3%A1%20planteado%2C%20lo%20vemos%20como%20una%20amenaza%E2%80%9D&#038;url=https:\/\/radiorevelacionfm.cl\/?p=30189' aria-hidden='false' data-av_icon='\ue8f1' data-av_iconfont='entypo-fontello' title='' data-avia-related-tooltip='Compartir en Twitter' rel=\"noopener\"><span class='avia_hidden_link_text'>Compartir en Twitter<\/span><\/a><\/li><li class='av-share-link av-social-link-whatsapp' ><a target=\"_blank\" aria-label=\"Compartir en Whatsapp\" href='https:\/\/api.whatsapp.com\/send?text=https:\/\/radiorevelacionfm.cl\/?p=30189' aria-hidden='false' data-av_icon='\uf232' data-av_iconfont='entypo-fontello' title='' data-avia-related-tooltip='Compartir en Whatsapp' rel=\"noopener\"><span class='avia_hidden_link_text'>Compartir en Whatsapp<\/span><\/a><\/li><li class='av-share-link av-social-link-linkedin' ><a target=\"_blank\" aria-label=\"Compartir en LinkedIn\" href='https:\/\/linkedin.com\/shareArticle?mini=true&#038;title=Sandoval%20y%20proyecto%20de%20movilidad%20de%20pescadores%20artesanales%3A%20%E2%80%9CTal%20como%20est%C3%A1%20planteado%2C%20lo%20vemos%20como%20una%20amenaza%E2%80%9D&#038;url=https:\/\/radiorevelacionfm.cl\/?p=30189' aria-hidden='false' data-av_icon='\ue8fc' data-av_iconfont='entypo-fontello' title='' data-avia-related-tooltip='Compartir en LinkedIn' rel=\"noopener\"><span class='avia_hidden_link_text'>Compartir en LinkedIn<\/span><\/a><\/li><li class='av-share-link av-social-link-mail' ><a  aria-label=\"Compartir por correo\" href='mailto:?subject=Sandoval%20y%20proyecto%20de%20movilidad%20de%20pescadores%20artesanales%3A%20%E2%80%9CTal%20como%20est%C3%A1%20planteado%2C%20lo%20vemos%20como%20una%20amenaza%E2%80%9D&#038;body=https:\/\/radiorevelacionfm.cl\/?p=30189' aria-hidden='false' data-av_icon='\ue805' data-av_iconfont='entypo-fontello' title='' data-avia-related-tooltip='Compartir por correo'><span class='avia_hidden_link_text'>Compartir por correo<\/span><\/a><\/li><\/ul><\/div><\/div>\n<div  style='height:50px' class='hr hr-invisible   avia-builder-el-8  el_after_av_social_share  el_before_av_comments_list '><span class='hr-inner ' ><span class='hr-inner-style'><\/span><\/span><\/div>\n<div  class='av-buildercomment  av-blog-meta-html-info-disabled av-blog-meta-tag-disabled  '><\/div>\n","protected":false},"excerpt":{"rendered":"","protected":false},"author":1,"featured_media":22895,"comment_status":"open","ping_status":"open","sticky":false,"template":"","format":"standard","meta":{"footnotes":""},"categories":[35],"tags":[],"class_list":["post-30189","post","type-post","status-publish","format-standard","has-post-thumbnail","hentry","category-politica"],"jetpack_featured_media_url":"https:\/\/radiorevelacionfm.cl\/wp-content\/uploads\/2022\/10\/SENADOR-SANDOVAL-14-1-1.jpg","_links":{"self":[{"href":"https:\/\/radiorevelacionfm.cl\/index.php?rest_route=\/wp\/v2\/posts\/30189","targetHints":{"allow":["GET"]}}],"collection":[{"href":"https:\/\/radiorevelacionfm.cl\/index.php?rest_route=\/wp\/v2\/posts"}],"about":[{"href":"https:\/\/radiorevelacionfm.cl\/index.php?rest_route=\/wp\/v2\/types\/post"}],"author":[{"embeddable":true,"href":"https:\/\/radiorevelacionfm.cl\/index.php?rest_route=\/wp\/v2\/users\/1"}],"replies":[{"embeddable":true,"href":"https:\/\/radiorevelacionfm.cl\/index.php?rest_route=%2Fwp%2Fv2%2Fcomments&post=30189"}],"version-history":[{"count":1,"href":"https:\/\/radiorevelacionfm.cl\/index.php?rest_route=\/wp\/v2\/posts\/30189\/revisions"}],"predecessor-version":[{"id":30190,"href":"https:\/\/radiorevelacionfm.cl\/index.php?rest_route=\/wp\/v2\/posts\/30189\/revisions\/30190"}],"wp:featuredmedia":[{"embeddable":true,"href":"https:\/\/radiorevelacionfm.cl\/index.php?rest_route=\/wp\/v2\/media\/22895"}],"wp:attachment":[{"href":"https:\/\/radiorevelacionfm.cl\/index.php?rest_route=%2Fwp%2Fv2%2Fmedia&parent=30189"}],"wp:term":[{"taxonomy":"category","embeddable":true,"href":"https:\/\/radiorevelacionfm.cl\/index.php?rest_route=%2Fwp%2Fv2%2Fcategories&post=30189"},{"taxonomy":"post_tag","embeddable":true,"href":"https:\/\/radiorevelacionfm.cl\/index.php?rest_route=%2Fwp%2Fv2%2Ftags&post=30189"}],"curies":[{"name":"wp","href":"https:\/\/api.w.org\/{rel}","templated":true}]}}