{"id":30183,"date":"2023-04-19T17:01:15","date_gmt":"2023-04-19T20:01:15","guid":{"rendered":"https:\/\/radiorevelacionfm.cl\/?p=30183"},"modified":"2023-04-19T17:01:15","modified_gmt":"2023-04-19T20:01:15","slug":"invitan-a-organizaciones-productivas-de-coyhaique-y-aysen-a-postular-al-programa-autogestionado-del-fosis","status":"publish","type":"post","link":"https:\/\/radiorevelacionfm.cl\/?p=30183","title":{"rendered":"Invitan a organizaciones productivas de Coyhaique y Ays\u00e9n a postular al programa autogestionado del FOSIS"},"content":{"rendered":"<div class=\"flex_column av_one_full  flex_column_div av-zero-column-padding first  avia-builder-el-0  el_before_av_one_full  avia-builder-el-first  \" style='border-radius:0px; '><div  class='avia-image-container  av-styling-    avia-builder-el-1  avia-builder-el-no-sibling  avia-align-center '  itemprop=\"image\" itemscope=\"itemscope\" itemtype=\"https:\/\/schema.org\/ImageObject\"  ><div class='avia-image-container-inner'><div class='avia-image-overlay-wrap'><img decoding=\"async\" class='wp-image-30184 avia-img-lazy-loading-not-30184 avia_image' src=\"https:\/\/radiorevelacionfm.cl\/wp-content\/uploads\/2023\/04\/Fernanda-Leiva-DR-FOSIS-Aysen-1-1.jpg\" alt='' title='Fernanda Leiva, DR FOSIS Ays\u00e9n (1) (1)' height=\"600\" width=\"1121\"  itemprop=\"thumbnailUrl\" srcset=\"https:\/\/radiorevelacionfm.cl\/wp-content\/uploads\/2023\/04\/Fernanda-Leiva-DR-FOSIS-Aysen-1-1.jpg 1121w, https:\/\/radiorevelacionfm.cl\/wp-content\/uploads\/2023\/04\/Fernanda-Leiva-DR-FOSIS-Aysen-1-1-300x161.jpg 300w, https:\/\/radiorevelacionfm.cl\/wp-content\/uploads\/2023\/04\/Fernanda-Leiva-DR-FOSIS-Aysen-1-1-1030x551.jpg 1030w, https:\/\/radiorevelacionfm.cl\/wp-content\/uploads\/2023\/04\/Fernanda-Leiva-DR-FOSIS-Aysen-1-1-768x411.jpg 768w, https:\/\/radiorevelacionfm.cl\/wp-content\/uploads\/2023\/04\/Fernanda-Leiva-DR-FOSIS-Aysen-1-1-705x377.jpg 705w, https:\/\/radiorevelacionfm.cl\/wp-content\/uploads\/2023\/04\/Fernanda-Leiva-DR-FOSIS-Aysen-1-1-450x241.jpg 450w, https:\/\/radiorevelacionfm.cl\/wp-content\/uploads\/2023\/04\/Fernanda-Leiva-DR-FOSIS-Aysen-1-1-600x321.jpg 600w\" sizes=\"(max-width: 1121px) 100vw, 1121px\" \/><\/div><\/div><\/div><\/div><div class=\"flex_column av_one_full  flex_column_div av-zero-column-padding first  avia-builder-el-2  el_after_av_one_full  el_before_av_one_full  column-top-margin\" style='border-radius:0px; '><section class=\"av_textblock_section \"  itemscope=\"itemscope\" itemtype=\"https:\/\/schema.org\/BlogPosting\" itemprop=\"blogPost\" ><div class='avia_textblock  '   itemprop=\"text\" ><p style=\"text-align: center;\"><span style=\"font-size: 18pt;\"><strong>Invitan a organizaciones productivas de Coyhaique y Ays\u00e9n a postular al programa autogestionado del FOSIS<\/strong><\/span><\/p>\n<div id=\"gtx-trans\" style=\"position: absolute; left: -50px; top: 4.31534px;\">\n<div class=\"gtx-trans-icon\"><\/div>\n<\/div>\n<\/div><\/section><\/div><div class=\"flex_column av_one_full  flex_column_div av-zero-column-padding first  avia-builder-el-4  el_after_av_one_full  el_before_av_hr  column-top-margin\" style='border-radius:0px; '><section class=\"av_textblock_section \"  itemscope=\"itemscope\" itemtype=\"https:\/\/schema.org\/BlogPosting\" itemprop=\"blogPost\" ><div class='avia_textblock  '   itemprop=\"text\" ><p style=\"text-align: justify;\">El programa Emprendamos Grupal, financiado por el Fondo de Solidaridad e Inversi\u00f3n Social, FOSIS, busca apoyar a grupos y organizaciones productivas, de las comunas de Coyhaique y Ays\u00e9n, para que desarrollen sus actividades econ\u00f3micas y mejoren las condiciones de producci\u00f3n del negocio, fortaleciendo capacidades personales y de las organizaciones, lazos de asociatividad y acceso a redes; con el fin de aumentar sus ingresos.<\/p>\n<p style=\"text-align: justify;\">Hasta $6 millones de pesos entrega el fondo de financiamiento de este programa, donde las agrupaciones productivas interesadas en postular pueden presentar sus propuestas en \u00e1reas como la comercializaci\u00f3n, producci\u00f3n, imagen corporativa, habilitaci\u00f3n de lugar de trabajo, formalizaci\u00f3n, desarrollo organizacional y otros.<\/p>\n<p style=\"text-align: justify;\">Fernanda Leiva, Directora Regional del FOSIS en Ays\u00e9n, hizo un llamado a agrupaciones productivas locales para aprovechar estos recursos. \u201cQueremos invitar a grupos u organizaciones productivas, de las comunas de Coyhaique y Ays\u00e9n, que est\u00e9n interesadas en fortalecer sus actividades econ\u00f3micas y desarrollar colectivamente sus negocios, para que revisen las bases, se informen y postulen al programa Emprendamos Grupal del FOSIS\u201d.<\/p>\n<p style=\"text-align: justify;\">La autoridad, adem\u00e1s enfatiz\u00f3 que \u201cesta instancia nos permite impulsar a agrupaciones productivas locales, para que puedan capacitarse, recibir asesor\u00eda y financiar maquinaria, herramientas, equipamiento e insumos con la finalidad de mejorar sus condiciones, capacidades, procesos de producci\u00f3n, que tengan la oportunidad de innovar, visibilizarse y aumentar su generaci\u00f3n de ingresos\u201d.<\/p>\n<p style=\"text-align: justify;\">Las organizaciones que deseen postular a este programa deben pertenecer a las comunas de Coyhaique y Ays\u00e9n, contar con personalidad jur\u00eddica y que el fin de sus agrupaciones sea la gesti\u00f3n de actividades productivas, comerciales y\/o econ\u00f3micas, junto con estar compuesta por a lo menos 10 integrantes, entre algunos de los requisitos estipulados por las bases. Las postulaciones estar\u00e1n abiertas hasta las 12:00 horas del jueves 25 de mayo.<\/p>\n<p style=\"text-align: justify;\">Las bases para las postulaciones pueden ser retiradas en la Direcci\u00f3n Regional del FOSIS, ubicada en calle Sim\u00f3n Bolivar 367, Coyhaique o en la Oficina Provincial de Ays\u00e9n, ubicada en Esmeralda 810, Puerto Ays\u00e9n, en horario de oficina. Los documentos se encuentran disponibles en la p\u00e1gina web del FOSIS (<a href=\"http:\/\/www.fosis.gob.cl\">www.fosis.gob.cl<\/a>) o pueden ser solicitados al correo <a href=\"mailto:ofpartesaysen@fosis.gob.cl\">ofpartesaysen@fosis.gob.cl<\/a> o llamando al 67 225 5607.<\/p>\n<\/div><\/section><\/div><div  style='height:50px' class='hr hr-invisible   avia-builder-el-6  el_after_av_one_full  el_before_av_social_share '><span class='hr-inner ' ><span class='hr-inner-style'><\/span><\/span><\/div><\/p>\n<div  class='av-social-sharing-box  avia-builder-el-7  el_after_av_hr  el_before_av_hr  '><div class='av-share-box'><h5 class='av-share-link-description av-no-toc '>Compartir esta noticia<\/h5><ul class='av-share-box-list noLightbox'><li class='av-share-link av-social-link-facebook' ><a target=\"_blank\" aria-label=\"Compartir en Facebook\" href='https:\/\/www.facebook.com\/sharer.php?u=https:\/\/radiorevelacionfm.cl\/?p=30183&#038;t=Invitan%20a%20organizaciones%20productivas%20de%20Coyhaique%20y%20Ays%C3%A9n%20a%20postular%20al%20programa%20autogestionado%20del%20FOSIS' aria-hidden='false' data-av_icon='\ue8f3' data-av_iconfont='entypo-fontello' title='' data-avia-related-tooltip='Compartir en Facebook' rel=\"noopener\"><span class='avia_hidden_link_text'>Compartir en Facebook<\/span><\/a><\/li><li class='av-share-link av-social-link-twitter' ><a target=\"_blank\" aria-label=\"Compartir en Twitter\" href='https:\/\/twitter.com\/share?text=Invitan%20a%20organizaciones%20productivas%20de%20Coyhaique%20y%20Ays%C3%A9n%20a%20postular%20al%20programa%20autogestionado%20del%20FOSIS&#038;url=https:\/\/radiorevelacionfm.cl\/?p=30183' aria-hidden='false' data-av_icon='\ue8f1' data-av_iconfont='entypo-fontello' title='' data-avia-related-tooltip='Compartir en Twitter' rel=\"noopener\"><span class='avia_hidden_link_text'>Compartir en Twitter<\/span><\/a><\/li><li class='av-share-link av-social-link-whatsapp' ><a target=\"_blank\" aria-label=\"Compartir en Whatsapp\" href='https:\/\/api.whatsapp.com\/send?text=https:\/\/radiorevelacionfm.cl\/?p=30183' aria-hidden='false' data-av_icon='\uf232' data-av_iconfont='entypo-fontello' title='' data-avia-related-tooltip='Compartir en Whatsapp' rel=\"noopener\"><span class='avia_hidden_link_text'>Compartir en Whatsapp<\/span><\/a><\/li><li class='av-share-link av-social-link-linkedin' ><a target=\"_blank\" aria-label=\"Compartir en LinkedIn\" href='https:\/\/linkedin.com\/shareArticle?mini=true&#038;title=Invitan%20a%20organizaciones%20productivas%20de%20Coyhaique%20y%20Ays%C3%A9n%20a%20postular%20al%20programa%20autogestionado%20del%20FOSIS&#038;url=https:\/\/radiorevelacionfm.cl\/?p=30183' aria-hidden='false' data-av_icon='\ue8fc' data-av_iconfont='entypo-fontello' title='' data-avia-related-tooltip='Compartir en LinkedIn' rel=\"noopener\"><span class='avia_hidden_link_text'>Compartir en LinkedIn<\/span><\/a><\/li><li class='av-share-link av-social-link-mail' ><a  aria-label=\"Compartir por correo\" href='mailto:?subject=Invitan%20a%20organizaciones%20productivas%20de%20Coyhaique%20y%20Ays%C3%A9n%20a%20postular%20al%20programa%20autogestionado%20del%20FOSIS&#038;body=https:\/\/radiorevelacionfm.cl\/?p=30183' aria-hidden='false' data-av_icon='\ue805' data-av_iconfont='entypo-fontello' title='' data-avia-related-tooltip='Compartir por correo'><span class='avia_hidden_link_text'>Compartir por correo<\/span><\/a><\/li><\/ul><\/div><\/div>\n<div  style='height:50px' class='hr hr-invisible   avia-builder-el-8  el_after_av_social_share  el_before_av_comments_list '><span class='hr-inner ' ><span class='hr-inner-style'><\/span><\/span><\/div>\n<div  class='av-buildercomment  av-blog-meta-html-info-disabled av-blog-meta-tag-disabled  '><\/div>\n","protected":false},"excerpt":{"rendered":"","protected":false},"author":1,"featured_media":30184,"comment_status":"open","ping_status":"open","sticky":false,"template":"","format":"standard","meta":{"footnotes":""},"categories":[38],"tags":[],"class_list":["post-30183","post","type-post","status-publish","format-standard","has-post-thumbnail","hentry","category-regional"],"jetpack_featured_media_url":"https:\/\/radiorevelacionfm.cl\/wp-content\/uploads\/2023\/04\/Fernanda-Leiva-DR-FOSIS-Aysen-1-1.jpg","_links":{"self":[{"href":"https:\/\/radiorevelacionfm.cl\/index.php?rest_route=\/wp\/v2\/posts\/30183","targetHints":{"allow":["GET"]}}],"collection":[{"href":"https:\/\/radiorevelacionfm.cl\/index.php?rest_route=\/wp\/v2\/posts"}],"about":[{"href":"https:\/\/radiorevelacionfm.cl\/index.php?rest_route=\/wp\/v2\/types\/post"}],"author":[{"embeddable":true,"href":"https:\/\/radiorevelacionfm.cl\/index.php?rest_route=\/wp\/v2\/users\/1"}],"replies":[{"embeddable":true,"href":"https:\/\/radiorevelacionfm.cl\/index.php?rest_route=%2Fwp%2Fv2%2Fcomments&post=30183"}],"version-history":[{"count":1,"href":"https:\/\/radiorevelacionfm.cl\/index.php?rest_route=\/wp\/v2\/posts\/30183\/revisions"}],"predecessor-version":[{"id":30185,"href":"https:\/\/radiorevelacionfm.cl\/index.php?rest_route=\/wp\/v2\/posts\/30183\/revisions\/30185"}],"wp:featuredmedia":[{"embeddable":true,"href":"https:\/\/radiorevelacionfm.cl\/index.php?rest_route=\/wp\/v2\/media\/30184"}],"wp:attachment":[{"href":"https:\/\/radiorevelacionfm.cl\/index.php?rest_route=%2Fwp%2Fv2%2Fmedia&parent=30183"}],"wp:term":[{"taxonomy":"category","embeddable":true,"href":"https:\/\/radiorevelacionfm.cl\/index.php?rest_route=%2Fwp%2Fv2%2Fcategories&post=30183"},{"taxonomy":"post_tag","embeddable":true,"href":"https:\/\/radiorevelacionfm.cl\/index.php?rest_route=%2Fwp%2Fv2%2Ftags&post=30183"}],"curies":[{"name":"wp","href":"https:\/\/api.w.org\/{rel}","templated":true}]}}