{"id":30181,"date":"2023-04-18T16:44:11","date_gmt":"2023-04-18T19:44:11","guid":{"rendered":"https:\/\/radiorevelacionfm.cl\/?p=30181"},"modified":"2023-04-18T16:46:05","modified_gmt":"2023-04-18T19:46:05","slug":"corte-confirma-condena-de-10-anos-y-un-dia-de-presidio-por-trafico-de-drogas-a-sujeto-detenido-en-puerto-chacabuco","status":"publish","type":"post","link":"https:\/\/radiorevelacionfm.cl\/?p=30181","title":{"rendered":"Corte confirma condena de 10 a\u00f1os y un d\u00eda de presidio por tr\u00e1fico de drogas a sujeto detenido en Puerto Chacabuco"},"content":{"rendered":"<div class=\"flex_column av_one_full  flex_column_div av-zero-column-padding first  avia-builder-el-0  el_before_av_one_full  avia-builder-el-first  \" style='border-radius:0px; '><div  class='avia-image-container  av-styling-    avia-builder-el-1  avia-builder-el-no-sibling  avia-align-center '  itemprop=\"image\" itemscope=\"itemscope\" itemtype=\"https:\/\/schema.org\/ImageObject\"  ><div class='avia-image-container-inner'><div class='avia-image-overlay-wrap'><img decoding=\"async\" class='wp-image-8540 avia-img-lazy-loading-not-8540 avia_image' src=\"https:\/\/radiorevelacionfm.cl\/wp-content\/uploads\/2021\/09\/foto-corte-apelaciones-coyhaique-1_optimized.jpg\" alt='' title='foto-corte-apelaciones-coyhaique-(1)_optimized' height=\"600\" width=\"1078\"  itemprop=\"thumbnailUrl\" srcset=\"https:\/\/radiorevelacionfm.cl\/wp-content\/uploads\/2021\/09\/foto-corte-apelaciones-coyhaique-1_optimized.jpg 1078w, https:\/\/radiorevelacionfm.cl\/wp-content\/uploads\/2021\/09\/foto-corte-apelaciones-coyhaique-1_optimized-300x167.jpg 300w, https:\/\/radiorevelacionfm.cl\/wp-content\/uploads\/2021\/09\/foto-corte-apelaciones-coyhaique-1_optimized-1030x573.jpg 1030w, https:\/\/radiorevelacionfm.cl\/wp-content\/uploads\/2021\/09\/foto-corte-apelaciones-coyhaique-1_optimized-768x427.jpg 768w, https:\/\/radiorevelacionfm.cl\/wp-content\/uploads\/2021\/09\/foto-corte-apelaciones-coyhaique-1_optimized-705x392.jpg 705w, https:\/\/radiorevelacionfm.cl\/wp-content\/uploads\/2021\/09\/foto-corte-apelaciones-coyhaique-1_optimized-600x334.jpg 600w\" sizes=\"(max-width: 1078px) 100vw, 1078px\" \/><\/div><\/div><\/div><\/div><div class=\"flex_column av_one_full  flex_column_div av-zero-column-padding first  avia-builder-el-2  el_after_av_one_full  el_before_av_one_full  column-top-margin\" style='border-radius:0px; '><section class=\"av_textblock_section \"  itemscope=\"itemscope\" itemtype=\"https:\/\/schema.org\/BlogPosting\" itemprop=\"blogPost\" ><div class='avia_textblock  '   itemprop=\"text\" ><p style=\"text-align: center;\"><strong><span style=\"font-size: 18pt;\">Corte confirma condena de 10 a\u00f1os y un d\u00eda de presidio por tr\u00e1fico de drogas a sujeto detenido en Puerto Chacabuco<\/span><\/strong><\/p>\n<div id=\"gtx-trans\" style=\"position: absolute; left: -50px; top: 4.31534px;\">\n<div class=\"gtx-trans-icon\"><\/div>\n<\/div>\n<\/div><\/section><\/div><div class=\"flex_column av_one_full  flex_column_div av-zero-column-padding first  avia-builder-el-4  el_after_av_one_full  el_before_av_hr  column-top-margin\" style='border-radius:0px; '><section class=\"av_textblock_section \"  itemscope=\"itemscope\" itemtype=\"https:\/\/schema.org\/BlogPosting\" itemprop=\"blogPost\" ><div class='avia_textblock  '   itemprop=\"text\" ><p class=\"v1MsoNormal\" style=\"text-align: justify;\">La Corte de Apelaciones de Coyhaique rechaz\u00f3 el recurso de nulidad en contra de la sentencia que conden\u00f3 a 10 a\u00f1os y un d\u00eda de presidio a Darwin Manuel Altamirano Contreras, en calidad de autor del delito consumado de tr\u00e1fico de drogas. Il\u00edcito perpetrado en febrero de 2022, en el muelle Oxxean de Puerto Chacabuco.<\/p>\n<p class=\"v1MsoNormal\" style=\"text-align: justify;\">En fallo un\u00e1nime (causa rol 38-2023), la Primera Sala del tribunal de alzada \u2013integrada por los ministros Jos\u00e9 Ignacio Mora Trujillo, Natalia Rencoret Oliva y la abogada (i) Paola Aguilar Gallardo\u2013 descart\u00f3 infracci\u00f3n de ley en la sentencia, dictada el 23 de febrero pasado por el Tribunal de Juicio Oral en lo Penal de Coyhaique.<\/p>\n<p class=\"v1MsoNormal\" style=\"text-align: justify;\">\u00abQue, en las condiciones expuestas, no apareciendo de los antecedentes que se conocen, que en el pronunciamiento de la sentencia recurrida se haya cometido el motivo de nulidad absoluto denunciado y que, por el contrario, se dio cumplimiento a lo exigido en el art\u00edculo 342, letra c), del C\u00f3digo Procesal Penal, esto es, la exposici\u00f3n clara l\u00f3gica y completa de cada uno de los hechos y circunstancias que se dieren por probados, fueren ellos favorables o desfavorables al acusado, y de la valoraci\u00f3n de los medios de prueba y fundamentaren dichas conclusiones de acuerdo con lo dispuestos en el art\u00edculo 297 del mismo cuerpo legal, m\u00e1s a\u00fan, tambi\u00e9n de las razones legales o doctrinales que sirvieron de base para fundar el fallo, puesto que seg\u00fan se ha se\u00f1alado, en la sentencia se indican claramente los hechos y medios de pruebas rendidos y valorados y los motivos de su decisi\u00f3n\u00bb, sostiene el fallo.<\/p>\n<p class=\"v1MsoNormal\" style=\"text-align: justify;\">Por tanto, se resuelve\u00a0que: \u00ab<b>SE RECHAZA<\/b>\u00a0el recurso de nulidad deducido por la defensa, en contra de la sentencia definitiva de fecha 23 de febrero de 2023, dictada por el Tribunal de Juicio Oral en lo Penal de Coyhaique, conforme a la cual se condena al imputado Darwin Manuel Altamirano Contreras, como autor del delito consumado de tr\u00e1fico il\u00edcito de drogas, la que, en consecuencia, no es nula, como tampoco el juicio oral en la que se dict\u00f3\u00bb.<\/p>\n<\/div><\/section><\/div><div  style='height:50px' class='hr hr-invisible   avia-builder-el-6  el_after_av_one_full  el_before_av_social_share '><span class='hr-inner ' ><span class='hr-inner-style'><\/span><\/span><\/div><\/p>\n<div  class='av-social-sharing-box  avia-builder-el-7  el_after_av_hr  el_before_av_hr  '><div class='av-share-box'><h5 class='av-share-link-description av-no-toc '>Compartir esta noticia<\/h5><ul class='av-share-box-list noLightbox'><li class='av-share-link av-social-link-facebook' ><a target=\"_blank\" aria-label=\"Compartir en Facebook\" href='https:\/\/www.facebook.com\/sharer.php?u=https:\/\/radiorevelacionfm.cl\/?p=30181&#038;t=Corte%20confirma%20condena%20de%2010%20a%C3%B1os%20y%20un%20d%C3%ADa%20de%20presidio%20por%20tr%C3%A1fico%20de%20drogas%20a%20sujeto%20detenido%20en%20Puerto%20Chacabuco' aria-hidden='false' data-av_icon='\ue8f3' data-av_iconfont='entypo-fontello' title='' data-avia-related-tooltip='Compartir en Facebook' rel=\"noopener\"><span class='avia_hidden_link_text'>Compartir en Facebook<\/span><\/a><\/li><li class='av-share-link av-social-link-twitter' ><a target=\"_blank\" aria-label=\"Compartir en Twitter\" href='https:\/\/twitter.com\/share?text=Corte%20confirma%20condena%20de%2010%20a%C3%B1os%20y%20un%20d%C3%ADa%20de%20presidio%20por%20tr%C3%A1fico%20de%20drogas%20a%20sujeto%20detenido%20en%20Puerto%20Chacabuco&#038;url=https:\/\/radiorevelacionfm.cl\/?p=30181' aria-hidden='false' data-av_icon='\ue8f1' data-av_iconfont='entypo-fontello' title='' data-avia-related-tooltip='Compartir en Twitter' rel=\"noopener\"><span class='avia_hidden_link_text'>Compartir en Twitter<\/span><\/a><\/li><li class='av-share-link av-social-link-whatsapp' ><a target=\"_blank\" aria-label=\"Compartir en Whatsapp\" href='https:\/\/api.whatsapp.com\/send?text=https:\/\/radiorevelacionfm.cl\/?p=30181' aria-hidden='false' data-av_icon='\uf232' data-av_iconfont='entypo-fontello' title='' data-avia-related-tooltip='Compartir en Whatsapp' rel=\"noopener\"><span class='avia_hidden_link_text'>Compartir en Whatsapp<\/span><\/a><\/li><li class='av-share-link av-social-link-linkedin' ><a target=\"_blank\" aria-label=\"Compartir en LinkedIn\" href='https:\/\/linkedin.com\/shareArticle?mini=true&#038;title=Corte%20confirma%20condena%20de%2010%20a%C3%B1os%20y%20un%20d%C3%ADa%20de%20presidio%20por%20tr%C3%A1fico%20de%20drogas%20a%20sujeto%20detenido%20en%20Puerto%20Chacabuco&#038;url=https:\/\/radiorevelacionfm.cl\/?p=30181' aria-hidden='false' data-av_icon='\ue8fc' data-av_iconfont='entypo-fontello' title='' data-avia-related-tooltip='Compartir en LinkedIn' rel=\"noopener\"><span class='avia_hidden_link_text'>Compartir en LinkedIn<\/span><\/a><\/li><li class='av-share-link av-social-link-mail' ><a  aria-label=\"Compartir por correo\" href='mailto:?subject=Corte%20confirma%20condena%20de%2010%20a%C3%B1os%20y%20un%20d%C3%ADa%20de%20presidio%20por%20tr%C3%A1fico%20de%20drogas%20a%20sujeto%20detenido%20en%20Puerto%20Chacabuco&#038;body=https:\/\/radiorevelacionfm.cl\/?p=30181' aria-hidden='false' data-av_icon='\ue805' data-av_iconfont='entypo-fontello' title='' data-avia-related-tooltip='Compartir por correo'><span class='avia_hidden_link_text'>Compartir por correo<\/span><\/a><\/li><\/ul><\/div><\/div>\n<div  style='height:50px' class='hr hr-invisible   avia-builder-el-8  el_after_av_social_share  el_before_av_comments_list '><span class='hr-inner ' ><span class='hr-inner-style'><\/span><\/span><\/div>\n<div  class='av-buildercomment  av-blog-meta-html-info-disabled av-blog-meta-tag-disabled  '><\/div>\n","protected":false},"excerpt":{"rendered":"","protected":false},"author":1,"featured_media":8540,"comment_status":"open","ping_status":"open","sticky":false,"template":"","format":"standard","meta":{"footnotes":""},"categories":[55],"tags":[],"class_list":["post-30181","post","type-post","status-publish","format-standard","has-post-thumbnail","hentry","category-justicia"],"jetpack_featured_media_url":"https:\/\/radiorevelacionfm.cl\/wp-content\/uploads\/2021\/09\/foto-corte-apelaciones-coyhaique-1_optimized.jpg","_links":{"self":[{"href":"https:\/\/radiorevelacionfm.cl\/index.php?rest_route=\/wp\/v2\/posts\/30181","targetHints":{"allow":["GET"]}}],"collection":[{"href":"https:\/\/radiorevelacionfm.cl\/index.php?rest_route=\/wp\/v2\/posts"}],"about":[{"href":"https:\/\/radiorevelacionfm.cl\/index.php?rest_route=\/wp\/v2\/types\/post"}],"author":[{"embeddable":true,"href":"https:\/\/radiorevelacionfm.cl\/index.php?rest_route=\/wp\/v2\/users\/1"}],"replies":[{"embeddable":true,"href":"https:\/\/radiorevelacionfm.cl\/index.php?rest_route=%2Fwp%2Fv2%2Fcomments&post=30181"}],"version-history":[{"count":1,"href":"https:\/\/radiorevelacionfm.cl\/index.php?rest_route=\/wp\/v2\/posts\/30181\/revisions"}],"predecessor-version":[{"id":30182,"href":"https:\/\/radiorevelacionfm.cl\/index.php?rest_route=\/wp\/v2\/posts\/30181\/revisions\/30182"}],"wp:featuredmedia":[{"embeddable":true,"href":"https:\/\/radiorevelacionfm.cl\/index.php?rest_route=\/wp\/v2\/media\/8540"}],"wp:attachment":[{"href":"https:\/\/radiorevelacionfm.cl\/index.php?rest_route=%2Fwp%2Fv2%2Fmedia&parent=30181"}],"wp:term":[{"taxonomy":"category","embeddable":true,"href":"https:\/\/radiorevelacionfm.cl\/index.php?rest_route=%2Fwp%2Fv2%2Fcategories&post=30181"},{"taxonomy":"post_tag","embeddable":true,"href":"https:\/\/radiorevelacionfm.cl\/index.php?rest_route=%2Fwp%2Fv2%2Ftags&post=30181"}],"curies":[{"name":"wp","href":"https:\/\/api.w.org\/{rel}","templated":true}]}}