{"id":30175,"date":"2023-04-18T18:02:14","date_gmt":"2023-04-18T21:02:14","guid":{"rendered":"https:\/\/radiorevelacionfm.cl\/?p=30175"},"modified":"2023-04-18T18:02:14","modified_gmt":"2023-04-18T21:02:14","slug":"comunidad-de-coyhaique-inaugura-nueva-cancha-de-pasto-sintetico","status":"publish","type":"post","link":"https:\/\/radiorevelacionfm.cl\/?p=30175","title":{"rendered":"Comunidad de Coyhaique inaugura nueva cancha de pasto sint\u00e9tico"},"content":{"rendered":"<div class=\"flex_column av_one_full  flex_column_div av-zero-column-padding first  avia-builder-el-0  el_before_av_one_full  avia-builder-el-first  \" style='border-radius:0px; '><div  class='avia-image-container  av-styling-    avia-builder-el-1  avia-builder-el-no-sibling  avia-align-center '  itemprop=\"image\" itemscope=\"itemscope\" itemtype=\"https:\/\/schema.org\/ImageObject\"  ><div class='avia-image-container-inner'><div class='avia-image-overlay-wrap'><img decoding=\"async\" class='wp-image-30176 avia-img-lazy-loading-not-30176 avia_image' src=\"https:\/\/radiorevelacionfm.cl\/wp-content\/uploads\/2023\/04\/unnamed-21-1-2_optimized-1.jpg\" alt='' title='unnamed-(21)-(1)-(2)_optimized (1)' height=\"600\" width=\"952\"  itemprop=\"thumbnailUrl\" srcset=\"https:\/\/radiorevelacionfm.cl\/wp-content\/uploads\/2023\/04\/unnamed-21-1-2_optimized-1.jpg 952w, https:\/\/radiorevelacionfm.cl\/wp-content\/uploads\/2023\/04\/unnamed-21-1-2_optimized-1-300x189.jpg 300w, https:\/\/radiorevelacionfm.cl\/wp-content\/uploads\/2023\/04\/unnamed-21-1-2_optimized-1-768x484.jpg 768w, https:\/\/radiorevelacionfm.cl\/wp-content\/uploads\/2023\/04\/unnamed-21-1-2_optimized-1-705x444.jpg 705w, https:\/\/radiorevelacionfm.cl\/wp-content\/uploads\/2023\/04\/unnamed-21-1-2_optimized-1-450x284.jpg 450w, https:\/\/radiorevelacionfm.cl\/wp-content\/uploads\/2023\/04\/unnamed-21-1-2_optimized-1-600x378.jpg 600w\" sizes=\"(max-width: 952px) 100vw, 952px\" \/><\/div><\/div><\/div><\/div><div class=\"flex_column av_one_full  flex_column_div av-zero-column-padding first  avia-builder-el-2  el_after_av_one_full  el_before_av_one_full  column-top-margin\" style='border-radius:0px; '><section class=\"av_textblock_section \"  itemscope=\"itemscope\" itemtype=\"https:\/\/schema.org\/BlogPosting\" itemprop=\"blogPost\" ><div class='avia_textblock  '   itemprop=\"text\" ><p style=\"text-align: center;\"><span style=\"font-size: 18pt;\"><strong>Comunidad de Coyhaique inaugura nueva cancha de pasto sint\u00e9tico<\/strong><\/span><\/p>\n<div id=\"gtx-trans\" style=\"position: absolute; left: -50px; top: 4.31534px;\">\n<div class=\"gtx-trans-icon\"><\/div>\n<\/div>\n<\/div><\/section><\/div><div class=\"flex_column av_one_full  flex_column_div av-zero-column-padding first  avia-builder-el-4  el_after_av_one_full  el_before_av_hr  column-top-margin\" style='border-radius:0px; '><section class=\"av_textblock_section \"  itemscope=\"itemscope\" itemtype=\"https:\/\/schema.org\/BlogPosting\" itemprop=\"blogPost\" ><div class='avia_textblock  '   itemprop=\"text\" ><p style=\"font-weight: 400; text-align: justify;\"><em>Este nuevo espacio deportivo se pudo realizar a trav\u00e9s de recursos del Programa de Mejoramiento Urbano y equipamiento comunal (PMU) de la Subsecretar\u00eda de Desarrollo Regional y Administrativo (Subdere), con una inversi\u00f3n de m\u00e1s de $54 millones.<\/em><\/p>\n<p style=\"font-weight: 400; text-align: justify;\">Un nuevo espacio deportivo para la comunidad de Coyhaique, Regi\u00f3n de Ays\u00e9n, fue inaugurado la jornada de este s\u00e1bado: la cancha de pasto sint\u00e9tico del Club Deportivo y Social Baquedano que beneficiar\u00e1 a m\u00e1s de 700 vecinas y vecinos de la zona. Estas obras se realizaron a trav\u00e9s de recursos del Programa de Mejoramiento Urbano y equipamiento comunal (PMU) de la Subsecretar\u00eda de Desarrollo Regional y Administrativo (Subdere), con una inversi\u00f3n de m\u00e1s de $54 millones.<\/p>\n<p style=\"font-weight: 400; text-align: justify;\">En la actividad participaron el jefe de la Unidad Regional Subdere de Ays\u00e9n, Guillermo Mart\u00ednez; la seremi del Deporte, Mar\u00eda Eugenia Dur\u00e1n; y junto a vecinas y vecinos de Coyhaique, quienes pudieron disfrutar de la nueva cancha realizando actividades deportivas.<\/p>\n<p style=\"font-weight: 400; text-align: justify;\">\u2018\u2019La recuperaci\u00f3n de los espacios p\u00fablicos es uno de los ejes principales de nuestra gesti\u00f3n, es por ello que estamos muy contentos en inaugurar este nuevo espacio deportivo para la comuna de Coyhaique. Como Subdere seguiremos trabajando para las y los vecinos de los distintos territorios de la zona\u2019\u2019, destac\u00f3 el jefe regional Subdere, Guillermo Mart\u00ednez.<\/p>\n<\/div><\/section><\/div><div  style='height:50px' class='hr hr-invisible   avia-builder-el-6  el_after_av_one_full  el_before_av_social_share '><span class='hr-inner ' ><span class='hr-inner-style'><\/span><\/span><\/div><\/p>\n<div  class='av-social-sharing-box  avia-builder-el-7  el_after_av_hr  el_before_av_hr  '><div class='av-share-box'><h5 class='av-share-link-description av-no-toc '>Compartir esta noticia<\/h5><ul class='av-share-box-list noLightbox'><li class='av-share-link av-social-link-facebook' ><a target=\"_blank\" aria-label=\"Compartir en Facebook\" href='https:\/\/www.facebook.com\/sharer.php?u=https:\/\/radiorevelacionfm.cl\/?p=30175&#038;t=Comunidad%20de%20Coyhaique%20inaugura%20nueva%20cancha%20de%20pasto%20sint%C3%A9tico' aria-hidden='false' data-av_icon='\ue8f3' data-av_iconfont='entypo-fontello' title='' data-avia-related-tooltip='Compartir en Facebook' rel=\"noopener\"><span class='avia_hidden_link_text'>Compartir en Facebook<\/span><\/a><\/li><li class='av-share-link av-social-link-twitter' ><a target=\"_blank\" aria-label=\"Compartir en Twitter\" href='https:\/\/twitter.com\/share?text=Comunidad%20de%20Coyhaique%20inaugura%20nueva%20cancha%20de%20pasto%20sint%C3%A9tico&#038;url=https:\/\/radiorevelacionfm.cl\/?p=30175' aria-hidden='false' data-av_icon='\ue8f1' data-av_iconfont='entypo-fontello' title='' data-avia-related-tooltip='Compartir en Twitter' rel=\"noopener\"><span class='avia_hidden_link_text'>Compartir en Twitter<\/span><\/a><\/li><li class='av-share-link av-social-link-whatsapp' ><a target=\"_blank\" aria-label=\"Compartir en Whatsapp\" href='https:\/\/api.whatsapp.com\/send?text=https:\/\/radiorevelacionfm.cl\/?p=30175' aria-hidden='false' data-av_icon='\uf232' data-av_iconfont='entypo-fontello' title='' data-avia-related-tooltip='Compartir en Whatsapp' rel=\"noopener\"><span class='avia_hidden_link_text'>Compartir en Whatsapp<\/span><\/a><\/li><li class='av-share-link av-social-link-linkedin' ><a target=\"_blank\" aria-label=\"Compartir en LinkedIn\" href='https:\/\/linkedin.com\/shareArticle?mini=true&#038;title=Comunidad%20de%20Coyhaique%20inaugura%20nueva%20cancha%20de%20pasto%20sint%C3%A9tico&#038;url=https:\/\/radiorevelacionfm.cl\/?p=30175' aria-hidden='false' data-av_icon='\ue8fc' data-av_iconfont='entypo-fontello' title='' data-avia-related-tooltip='Compartir en LinkedIn' rel=\"noopener\"><span class='avia_hidden_link_text'>Compartir en LinkedIn<\/span><\/a><\/li><li class='av-share-link av-social-link-mail' ><a  aria-label=\"Compartir por correo\" href='mailto:?subject=Comunidad%20de%20Coyhaique%20inaugura%20nueva%20cancha%20de%20pasto%20sint%C3%A9tico&#038;body=https:\/\/radiorevelacionfm.cl\/?p=30175' aria-hidden='false' data-av_icon='\ue805' data-av_iconfont='entypo-fontello' title='' data-avia-related-tooltip='Compartir por correo'><span class='avia_hidden_link_text'>Compartir por correo<\/span><\/a><\/li><\/ul><\/div><\/div>\n<div  style='height:50px' class='hr hr-invisible   avia-builder-el-8  el_after_av_social_share  el_before_av_comments_list '><span class='hr-inner ' ><span class='hr-inner-style'><\/span><\/span><\/div>\n<div  class='av-buildercomment  av-blog-meta-html-info-disabled av-blog-meta-tag-disabled  '><\/div>\n","protected":false},"excerpt":{"rendered":"","protected":false},"author":1,"featured_media":30176,"comment_status":"open","ping_status":"open","sticky":false,"template":"","format":"standard","meta":{"footnotes":""},"categories":[38],"tags":[],"class_list":["post-30175","post","type-post","status-publish","format-standard","has-post-thumbnail","hentry","category-regional"],"jetpack_featured_media_url":"https:\/\/radiorevelacionfm.cl\/wp-content\/uploads\/2023\/04\/unnamed-21-1-2_optimized-1.jpg","_links":{"self":[{"href":"https:\/\/radiorevelacionfm.cl\/index.php?rest_route=\/wp\/v2\/posts\/30175","targetHints":{"allow":["GET"]}}],"collection":[{"href":"https:\/\/radiorevelacionfm.cl\/index.php?rest_route=\/wp\/v2\/posts"}],"about":[{"href":"https:\/\/radiorevelacionfm.cl\/index.php?rest_route=\/wp\/v2\/types\/post"}],"author":[{"embeddable":true,"href":"https:\/\/radiorevelacionfm.cl\/index.php?rest_route=\/wp\/v2\/users\/1"}],"replies":[{"embeddable":true,"href":"https:\/\/radiorevelacionfm.cl\/index.php?rest_route=%2Fwp%2Fv2%2Fcomments&post=30175"}],"version-history":[{"count":1,"href":"https:\/\/radiorevelacionfm.cl\/index.php?rest_route=\/wp\/v2\/posts\/30175\/revisions"}],"predecessor-version":[{"id":30177,"href":"https:\/\/radiorevelacionfm.cl\/index.php?rest_route=\/wp\/v2\/posts\/30175\/revisions\/30177"}],"wp:featuredmedia":[{"embeddable":true,"href":"https:\/\/radiorevelacionfm.cl\/index.php?rest_route=\/wp\/v2\/media\/30176"}],"wp:attachment":[{"href":"https:\/\/radiorevelacionfm.cl\/index.php?rest_route=%2Fwp%2Fv2%2Fmedia&parent=30175"}],"wp:term":[{"taxonomy":"category","embeddable":true,"href":"https:\/\/radiorevelacionfm.cl\/index.php?rest_route=%2Fwp%2Fv2%2Fcategories&post=30175"},{"taxonomy":"post_tag","embeddable":true,"href":"https:\/\/radiorevelacionfm.cl\/index.php?rest_route=%2Fwp%2Fv2%2Ftags&post=30175"}],"curies":[{"name":"wp","href":"https:\/\/api.w.org\/{rel}","templated":true}]}}