{"id":30172,"date":"2023-04-18T14:28:38","date_gmt":"2023-04-18T17:28:38","guid":{"rendered":"https:\/\/radiorevelacionfm.cl\/?p=30172"},"modified":"2023-04-18T16:14:28","modified_gmt":"2023-04-18T19:14:28","slug":"infor-reune-a-recolectoras-y-recolectores-de-productos-forestales-no-madereros-en-puerto-guadal","status":"publish","type":"post","link":"https:\/\/radiorevelacionfm.cl\/?p=30172","title":{"rendered":"INFOR re\u00fane a recolectoras y recolectores de productos forestales no madereros en Puerto Guadal"},"content":{"rendered":"<div class=\"flex_column av_one_full  flex_column_div av-zero-column-padding first  avia-builder-el-0  el_before_av_one_full  avia-builder-el-first  \" style='border-radius:0px; '><div  class='avia-image-container  av-styling-    avia-builder-el-1  avia-builder-el-no-sibling  avia-align-center '  itemprop=\"image\" itemscope=\"itemscope\" itemtype=\"https:\/\/schema.org\/ImageObject\"  ><div class='avia-image-container-inner'><div class='avia-image-overlay-wrap'><img decoding=\"async\" class='wp-image-30173 avia-img-lazy-loading-not-30173 avia_image' src=\"https:\/\/radiorevelacionfm.cl\/wp-content\/uploads\/2023\/04\/ENCUENTRO-RECOLECTORAS-02-1-1.jpg\" alt='' title='ENCUENTRO RECOLECTORAS 02 (1) (1)' height=\"600\" width=\"782\"  itemprop=\"thumbnailUrl\" srcset=\"https:\/\/radiorevelacionfm.cl\/wp-content\/uploads\/2023\/04\/ENCUENTRO-RECOLECTORAS-02-1-1.jpg 782w, https:\/\/radiorevelacionfm.cl\/wp-content\/uploads\/2023\/04\/ENCUENTRO-RECOLECTORAS-02-1-1-300x230.jpg 300w, https:\/\/radiorevelacionfm.cl\/wp-content\/uploads\/2023\/04\/ENCUENTRO-RECOLECTORAS-02-1-1-768x589.jpg 768w, https:\/\/radiorevelacionfm.cl\/wp-content\/uploads\/2023\/04\/ENCUENTRO-RECOLECTORAS-02-1-1-705x541.jpg 705w, https:\/\/radiorevelacionfm.cl\/wp-content\/uploads\/2023\/04\/ENCUENTRO-RECOLECTORAS-02-1-1-450x345.jpg 450w, https:\/\/radiorevelacionfm.cl\/wp-content\/uploads\/2023\/04\/ENCUENTRO-RECOLECTORAS-02-1-1-600x460.jpg 600w\" sizes=\"(max-width: 782px) 100vw, 782px\" \/><\/div><\/div><\/div><\/div><div class=\"flex_column av_one_full  flex_column_div av-zero-column-padding first  avia-builder-el-2  el_after_av_one_full  el_before_av_one_full  column-top-margin\" style='border-radius:0px; '><section class=\"av_textblock_section \"  itemscope=\"itemscope\" itemtype=\"https:\/\/schema.org\/BlogPosting\" itemprop=\"blogPost\" ><div class='avia_textblock  '   itemprop=\"text\" ><p style=\"text-align: center;\"><strong><span style=\"font-size: 18pt;\">INFOR re\u00fane a recolectoras y recolectores de productos forestales no madereros en Puerto Guadal<\/span><\/strong><\/p>\n<div id=\"gtx-trans\" style=\"position: absolute; left: -50px; top: 4.31534px;\">\n<div class=\"gtx-trans-icon\"><\/div>\n<\/div>\n<\/div><\/section><\/div><div class=\"flex_column av_one_full  flex_column_div av-zero-column-padding first  avia-builder-el-4  el_after_av_one_full  el_before_av_hr  column-top-margin\" style='border-radius:0px; '><section class=\"av_textblock_section \"  itemscope=\"itemscope\" itemtype=\"https:\/\/schema.org\/BlogPosting\" itemprop=\"blogPost\" ><div class='avia_textblock  '   itemprop=\"text\" ><p style=\"text-align: justify;\">El pasado fin de semana, en la localidad de Puerto Guadal, se llev\u00f3 a cabo el encuentro de recolectoras y recolectores Zona Sur del Programa FNDR \u201cTransferencia para el Desarrollo Productivo en Bases a Productos Forestales No Madereros (PFNM)\u201d, que ejecuta el Instituto Forestal (INFOR) -organismo dependiente del Ministerio de Agricultura- a trav\u00e9s de su sede Patagonia, y que busca aumentar la diversificaci\u00f3n productiva del sector, a trav\u00e9s de la implementaci\u00f3n de transferencia tecnol\u00f3gica y de conocimientos.<\/p>\n<p style=\"text-align: justify;\">La inauguraci\u00f3n del encuentro cont\u00f3 con la presencia de los Consejeros Regionales Paulina Hern\u00e1ndez y Jorge Abello, quienes valoraron positivamente la actividad, as\u00ed como la ejecuci\u00f3n del programa que cuenta con el financiamiento del Gobierno Regional y su Consejo, instancia que permiti\u00f3 la reuni\u00f3n de recolectoras y recolectores de R\u00edo Ib\u00e1\u00f1ez, Bah\u00eda Murta, Villa Cerro Castillo, Guadal, Cochrane y Villa O\u00b4Higgins.<\/p>\n<p style=\"text-align: justify;\">La Consejera Hern\u00e1ndez destac\u00f3 el avance de la ejecuci\u00f3n del programa y las habilidades instaladas en cada una de las recolectoras y recolectores, destacando que \u00abuno visualiza en este tipo de encuentros el fondo y el impacto que genera, no solamente en cada una de las personas que forman parte del programa, sino que adem\u00e1s el impacto en el entorno familiar y en la comunidad\u00bb.<\/p>\n<p style=\"text-align: justify;\">Por su parte, el Consejero Abello valor\u00f3 el liderazgo del INFOR en esta materia y resalt\u00f3 los recursos invertidos en el programa. \u00abSe ve el avance, y que la gente quiere seguir innovando. Es importante saber, nutrirnos de las opiniones de las personas para que en nuevos proyectos se pueden ir incorporando todos este crecimiento, y por cierto yo creo que el gobierno regional va a estar disponible para seguir apoyando, porque aqu\u00ed hay emprendedores, trabajo, y esfuerzo y se nota que quieren seguir aportando con nuestra regi\u00f3n\u00bb.<\/p>\n<p style=\"text-align: justify;\"><strong>Intercambio de Experiencias <\/strong><\/p>\n<p style=\"text-align: justify;\">El encuentro contempl\u00f3 entre sus actividades la visita al Huerto Cuatro Estaciones para conocer una experiencia de innovaci\u00f3n en huertos y viveros; la participaci\u00f3n en conversatorios de intercambio de experiencias y asociatividad; la recolecci\u00f3n colectiva de Rosa Mosqueta; el taller de elaboraci\u00f3n de aceite esencial de menta, dirigido por Roberto Figueroa, beneficiario del programa y recolector de Cochrane; as\u00ed como tambi\u00e9n la participaci\u00f3n en actividades parte de la Fiesta de la Cosecha que se realiz\u00f3 paralelamente en Guadal, como talleres de chocolater\u00eda y charcuter\u00eda, as\u00ed como a la exposici\u00f3n en la Feria de Productores y cocina en vivo en base a la Rosa Mosqueta.<\/p>\n<p style=\"text-align: justify;\">Teresa Hern\u00e1ndez, beneficiaria del programa y recolectora de Villa O&#8217;Higgins, calific\u00f3 la experiencia como \u00abmaravillosa\u00bb, destacando el valor de compartir y conocer gente cercana a ella que se dedica a la recolecci\u00f3n de productos forestales no madereros. \u00abA m\u00ed me parece eso de compartir lo que uno tiene o no tiene, maravilloso. Adem\u00e1s de todas experiencias de aprendizaje que uno tiene respecto de lo que uno hace, que en mi caso es la cosecha del calafate, eso de compartir y conocer gente muy cercana a ti, porque se parecen las formas de vida, me parece fant\u00e1stico\u00bb.<\/p>\n<p style=\"text-align: justify;\">A su vez, Ang\u00e9lica Vielma, beneficiaria y recolectora de Cochrane, enfatiz\u00f3 que \u00abel programa ha sido s\u00faper importante porque hemos adquirido nuevas herramientas y conocimientos para desarrollar de forma mejorada y con seguridad los productos que elaboramos\u00bb. Tambi\u00e9n resalt\u00f3 la importancia de fortalecer redes y el valor de saber que no est\u00e1 sola en su emprendimiento, reafirma que lo que est\u00e1 haciendo est\u00e1 bien.<\/p>\n<p style=\"text-align: justify;\">\u00abEste encuentro ha permitido a las recolectoras intercambiar experiencias de recolecci\u00f3n referentes a la Rosa Mosqueta y otros Productos Forestales No Madereros, y tambi\u00e9n ir cerrando el programa que financia el Gobierno Regional y su Consejo. Estamos muy contentos como Instituto Forestal porque las recolectoras han agradecido el trabajo de este gran programa\u00bb, enfatiz\u00f3 Jaime Salinas, Gerente de la sede Patagonia de INFOR.<\/p>\n<p style=\"text-align: justify;\">Este encuentro es parte de las iniciativas contempladas en el Programa FNDR de PFNM para fomentar la econom\u00eda local y apoyar a las comunidades en el uso sostenible de los recursos naturales, impulsando el desarrollo productivo y econ\u00f3mico en la regi\u00f3n.<\/p>\n<\/div><\/section><\/div><div  style='height:50px' class='hr hr-invisible   avia-builder-el-6  el_after_av_one_full  el_before_av_social_share '><span class='hr-inner ' ><span class='hr-inner-style'><\/span><\/span><\/div><\/p>\n<div  class='av-social-sharing-box  avia-builder-el-7  el_after_av_hr  el_before_av_hr  '><div class='av-share-box'><h5 class='av-share-link-description av-no-toc '>Compartir esta noticia<\/h5><ul class='av-share-box-list noLightbox'><li class='av-share-link av-social-link-facebook' ><a target=\"_blank\" aria-label=\"Compartir en Facebook\" href='https:\/\/www.facebook.com\/sharer.php?u=https:\/\/radiorevelacionfm.cl\/?p=30172&#038;t=INFOR%20re%C3%BAne%20a%20recolectoras%20y%20recolectores%20de%20productos%20forestales%20no%20madereros%20en%20Puerto%20Guadal' aria-hidden='false' data-av_icon='\ue8f3' data-av_iconfont='entypo-fontello' title='' data-avia-related-tooltip='Compartir en Facebook' rel=\"noopener\"><span class='avia_hidden_link_text'>Compartir en Facebook<\/span><\/a><\/li><li class='av-share-link av-social-link-twitter' ><a target=\"_blank\" aria-label=\"Compartir en Twitter\" href='https:\/\/twitter.com\/share?text=INFOR%20re%C3%BAne%20a%20recolectoras%20y%20recolectores%20de%20productos%20forestales%20no%20madereros%20en%20Puerto%20Guadal&#038;url=https:\/\/radiorevelacionfm.cl\/?p=30172' aria-hidden='false' data-av_icon='\ue8f1' data-av_iconfont='entypo-fontello' title='' data-avia-related-tooltip='Compartir en Twitter' rel=\"noopener\"><span class='avia_hidden_link_text'>Compartir en Twitter<\/span><\/a><\/li><li class='av-share-link av-social-link-whatsapp' ><a target=\"_blank\" aria-label=\"Compartir en Whatsapp\" href='https:\/\/api.whatsapp.com\/send?text=https:\/\/radiorevelacionfm.cl\/?p=30172' aria-hidden='false' data-av_icon='\uf232' data-av_iconfont='entypo-fontello' title='' data-avia-related-tooltip='Compartir en Whatsapp' rel=\"noopener\"><span class='avia_hidden_link_text'>Compartir en Whatsapp<\/span><\/a><\/li><li class='av-share-link av-social-link-linkedin' ><a target=\"_blank\" aria-label=\"Compartir en LinkedIn\" href='https:\/\/linkedin.com\/shareArticle?mini=true&#038;title=INFOR%20re%C3%BAne%20a%20recolectoras%20y%20recolectores%20de%20productos%20forestales%20no%20madereros%20en%20Puerto%20Guadal&#038;url=https:\/\/radiorevelacionfm.cl\/?p=30172' aria-hidden='false' data-av_icon='\ue8fc' data-av_iconfont='entypo-fontello' title='' data-avia-related-tooltip='Compartir en LinkedIn' rel=\"noopener\"><span class='avia_hidden_link_text'>Compartir en LinkedIn<\/span><\/a><\/li><li class='av-share-link av-social-link-mail' ><a  aria-label=\"Compartir por correo\" href='mailto:?subject=INFOR%20re%C3%BAne%20a%20recolectoras%20y%20recolectores%20de%20productos%20forestales%20no%20madereros%20en%20Puerto%20Guadal&#038;body=https:\/\/radiorevelacionfm.cl\/?p=30172' aria-hidden='false' data-av_icon='\ue805' data-av_iconfont='entypo-fontello' title='' data-avia-related-tooltip='Compartir por correo'><span class='avia_hidden_link_text'>Compartir por correo<\/span><\/a><\/li><\/ul><\/div><\/div>\n<div  style='height:50px' class='hr hr-invisible   avia-builder-el-8  el_after_av_social_share  el_before_av_comments_list '><span class='hr-inner ' ><span class='hr-inner-style'><\/span><\/span><\/div>\n<div  class='av-buildercomment  av-blog-meta-html-info-disabled av-blog-meta-tag-disabled  '><\/div>\n","protected":false},"excerpt":{"rendered":"","protected":false},"author":1,"featured_media":30173,"comment_status":"open","ping_status":"open","sticky":false,"template":"","format":"standard","meta":{"footnotes":""},"categories":[1],"tags":[],"class_list":["post-30172","post","type-post","status-publish","format-standard","has-post-thumbnail","hentry","category-sin-categoria"],"jetpack_featured_media_url":"https:\/\/radiorevelacionfm.cl\/wp-content\/uploads\/2023\/04\/ENCUENTRO-RECOLECTORAS-02-1-1.jpg","_links":{"self":[{"href":"https:\/\/radiorevelacionfm.cl\/index.php?rest_route=\/wp\/v2\/posts\/30172","targetHints":{"allow":["GET"]}}],"collection":[{"href":"https:\/\/radiorevelacionfm.cl\/index.php?rest_route=\/wp\/v2\/posts"}],"about":[{"href":"https:\/\/radiorevelacionfm.cl\/index.php?rest_route=\/wp\/v2\/types\/post"}],"author":[{"embeddable":true,"href":"https:\/\/radiorevelacionfm.cl\/index.php?rest_route=\/wp\/v2\/users\/1"}],"replies":[{"embeddable":true,"href":"https:\/\/radiorevelacionfm.cl\/index.php?rest_route=%2Fwp%2Fv2%2Fcomments&post=30172"}],"version-history":[{"count":1,"href":"https:\/\/radiorevelacionfm.cl\/index.php?rest_route=\/wp\/v2\/posts\/30172\/revisions"}],"predecessor-version":[{"id":30174,"href":"https:\/\/radiorevelacionfm.cl\/index.php?rest_route=\/wp\/v2\/posts\/30172\/revisions\/30174"}],"wp:featuredmedia":[{"embeddable":true,"href":"https:\/\/radiorevelacionfm.cl\/index.php?rest_route=\/wp\/v2\/media\/30173"}],"wp:attachment":[{"href":"https:\/\/radiorevelacionfm.cl\/index.php?rest_route=%2Fwp%2Fv2%2Fmedia&parent=30172"}],"wp:term":[{"taxonomy":"category","embeddable":true,"href":"https:\/\/radiorevelacionfm.cl\/index.php?rest_route=%2Fwp%2Fv2%2Fcategories&post=30172"},{"taxonomy":"post_tag","embeddable":true,"href":"https:\/\/radiorevelacionfm.cl\/index.php?rest_route=%2Fwp%2Fv2%2Ftags&post=30172"}],"curies":[{"name":"wp","href":"https:\/\/api.w.org\/{rel}","templated":true}]}}