{"id":30166,"date":"2023-04-18T19:25:50","date_gmt":"2023-04-18T22:25:50","guid":{"rendered":"https:\/\/radiorevelacionfm.cl\/?p=30166"},"modified":"2023-04-18T19:25:50","modified_gmt":"2023-04-18T22:25:50","slug":"director-de-seguridad-publica-de-aysen-esperamos-que-se-incluya-a-nuestra-comuna-en-las-estrategias-de-seguridad-del-gobierno","status":"publish","type":"post","link":"https:\/\/radiorevelacionfm.cl\/?p=30166","title":{"rendered":"Director de Seguridad P\u00fablica de Ays\u00e9n: \u00abEsperamos que se incluya a nuestra comuna en las estrategias de seguridad del Gobierno\u00bb"},"content":{"rendered":"<div class=\"flex_column av_one_full  flex_column_div av-zero-column-padding first  avia-builder-el-0  el_before_av_one_full  avia-builder-el-first  \" style='border-radius:0px; '><div  class='avia-image-container  av-styling-    avia-builder-el-1  avia-builder-el-no-sibling  avia-align-center '  itemprop=\"image\" itemscope=\"itemscope\" itemtype=\"https:\/\/schema.org\/ImageObject\"  ><div class='avia-image-container-inner'><div class='avia-image-overlay-wrap'><img decoding=\"async\" class='wp-image-30167 avia-img-lazy-loading-not-30167 avia_image' src=\"https:\/\/radiorevelacionfm.cl\/wp-content\/uploads\/2023\/04\/IMG-20230417-WA0023-1-1.jpg\" alt='' title='IMG-20230417-WA0023 (1) (1)' height=\"600\" width=\"901\"  itemprop=\"thumbnailUrl\" srcset=\"https:\/\/radiorevelacionfm.cl\/wp-content\/uploads\/2023\/04\/IMG-20230417-WA0023-1-1.jpg 901w, https:\/\/radiorevelacionfm.cl\/wp-content\/uploads\/2023\/04\/IMG-20230417-WA0023-1-1-300x200.jpg 300w, https:\/\/radiorevelacionfm.cl\/wp-content\/uploads\/2023\/04\/IMG-20230417-WA0023-1-1-768x511.jpg 768w, https:\/\/radiorevelacionfm.cl\/wp-content\/uploads\/2023\/04\/IMG-20230417-WA0023-1-1-705x469.jpg 705w, https:\/\/radiorevelacionfm.cl\/wp-content\/uploads\/2023\/04\/IMG-20230417-WA0023-1-1-450x300.jpg 450w, https:\/\/radiorevelacionfm.cl\/wp-content\/uploads\/2023\/04\/IMG-20230417-WA0023-1-1-600x400.jpg 600w\" sizes=\"(max-width: 901px) 100vw, 901px\" \/><\/div><\/div><\/div><\/div><div class=\"flex_column av_one_full  flex_column_div av-zero-column-padding first  avia-builder-el-2  el_after_av_one_full  el_before_av_one_full  column-top-margin\" style='border-radius:0px; '><section class=\"av_textblock_section \"  itemscope=\"itemscope\" itemtype=\"https:\/\/schema.org\/BlogPosting\" itemprop=\"blogPost\" ><div class='avia_textblock  '   itemprop=\"text\" ><p style=\"text-align: center;\"><span style=\"font-size: 18pt;\"><strong>Director de Seguridad P\u00fablica de Ays\u00e9n: \u00abEsperamos que se incluya a nuestra comuna en las estrategias de seguridad del Gobierno\u00bb<\/strong><\/span><\/p>\n<div id=\"gtx-trans\" style=\"position: absolute; left: -50px; top: 4.31534px;\">\n<div class=\"gtx-trans-icon\"><\/div>\n<\/div>\n<\/div><\/section><\/div><div class=\"flex_column av_one_full  flex_column_div av-zero-column-padding first  avia-builder-el-4  el_after_av_one_full  el_before_av_hr  column-top-margin\" style='border-radius:0px; '><section class=\"av_textblock_section \"  itemscope=\"itemscope\" itemtype=\"https:\/\/schema.org\/BlogPosting\" itemprop=\"blogPost\" ><div class='avia_textblock  '   itemprop=\"text\" ><p style=\"text-align: justify;\">El director de Seguridad P\u00fablica de Ays\u00e9n, Marco Co\u00f1uecar, se pronunci\u00f3 respecto del programa \u201cCalles sin Violencia\u201d anunciado por el Gobierno, realizando un llamado a \u201cno olvidar a las comunas que hemos estado trabajando intensamente en seguridad p\u00fablica\u201d. En esta l\u00ednea, si bien el director valora el esfuerzo que realiza el Ejecutivo, lament\u00f3 que no se incluyese a Ays\u00e9n entre las comunas part\u00edcipes del plan.<\/p>\n<p style=\"text-align: justify;\">En los \u00faltimos d\u00edas, el gobierno de Gabriel Boric dio a conocer el plan \u201cCalles sin Violencia\u201d, el cual est\u00e1 enfocado en disponer de mayores recursos y diversas medidas que permitan reforzar la seguridad en el pa\u00eds, y que incluye a 46 comunas, la mayor\u00eda de ellas, en la Regi\u00f3n Metropolitana.<\/p>\n<p style=\"text-align: justify;\">\u201cSomos la primera comuna en la regi\u00f3n en tener una Direcci\u00f3n de Seguridad P\u00fablica, los primeros que contaron con inspectores de seguridad y que realizan patrullajes preventivos peri\u00f3dicos, todo ello con recursos municipales\u201d, agreg\u00f3 Co\u00f1uecar, recalcando que la disminuci\u00f3n de los delitos reportados en la comuna de Ays\u00e9n se debe gracias al intenso trabajo colaborativo efectuado junto a Carabineros.<\/p>\n<p style=\"text-align: justify;\">Respecto de la baja de delitos en comparaci\u00f3n a las mediciones anteriores, Co\u00f1uecar agreg\u00f3 que \u201cexisten estudios que revelan que el delito es m\u00f3vil, y va cambiando seg\u00fan las circunstancias del territorio\u201d. Del plan anunciado por el gobierno, la \u00fanica comuna de la regi\u00f3n que se encuentra incluida es Coyhaique, ante lo cual agrega que \u201cel Gobierno Regional y Central est\u00e1n inyectando recursos en prevenci\u00f3n a la capital regional, lo que podr\u00eda significar que el delito se traslade a nuestro territorio\u201d.<\/p>\n<p style=\"text-align: justify;\">Actualmente, la Direcci\u00f3n de Seguridad P\u00fablica realiza patrullajes preventivos, trabaja de manera conjunta con Carabineros para fiscalizar a los conductores, opera c\u00e1maras de seguridad, participa de los controles aduaneros en Puerto Chacabuco, adem\u00e1s de otras acciones para garantizar la seguridad de los habitantes de Ays\u00e9n. Respecto de ello, Co\u00f1uecar agreg\u00f3 que \u201ccomo administraci\u00f3n seguiremos trabajando para garantizar que los ayseninos vivan en un entorno seguro, pero para ello, necesitamos la ayuda del Gobierno\u201d.<\/p>\n<\/div><\/section><\/div><div  style='height:50px' class='hr hr-invisible   avia-builder-el-6  el_after_av_one_full  el_before_av_social_share '><span class='hr-inner ' ><span class='hr-inner-style'><\/span><\/span><\/div><\/p>\n<div  class='av-social-sharing-box  avia-builder-el-7  el_after_av_hr  el_before_av_hr  '><div class='av-share-box'><h5 class='av-share-link-description av-no-toc '>Compartir esta noticia<\/h5><ul class='av-share-box-list noLightbox'><li class='av-share-link av-social-link-facebook' ><a target=\"_blank\" aria-label=\"Compartir en Facebook\" href='https:\/\/www.facebook.com\/sharer.php?u=https:\/\/radiorevelacionfm.cl\/?p=30166&#038;t=Director%20de%20Seguridad%20P%C3%BAblica%20de%20Ays%C3%A9n%3A%20%C2%ABEsperamos%20que%20se%20incluya%20a%20nuestra%20comuna%20en%20las%20estrategias%20de%20seguridad%20del%20Gobierno%C2%BB' aria-hidden='false' data-av_icon='\ue8f3' data-av_iconfont='entypo-fontello' title='' data-avia-related-tooltip='Compartir en Facebook' rel=\"noopener\"><span class='avia_hidden_link_text'>Compartir en Facebook<\/span><\/a><\/li><li class='av-share-link av-social-link-twitter' ><a target=\"_blank\" aria-label=\"Compartir en Twitter\" href='https:\/\/twitter.com\/share?text=Director%20de%20Seguridad%20P%C3%BAblica%20de%20Ays%C3%A9n%3A%20%C2%ABEsperamos%20que%20se%20incluya%20a%20nuestra%20comuna%20en%20las%20estrategias%20de%20seguridad%20del%20Gobierno%C2%BB&#038;url=https:\/\/radiorevelacionfm.cl\/?p=30166' aria-hidden='false' data-av_icon='\ue8f1' data-av_iconfont='entypo-fontello' title='' data-avia-related-tooltip='Compartir en Twitter' rel=\"noopener\"><span class='avia_hidden_link_text'>Compartir en Twitter<\/span><\/a><\/li><li class='av-share-link av-social-link-whatsapp' ><a target=\"_blank\" aria-label=\"Compartir en Whatsapp\" href='https:\/\/api.whatsapp.com\/send?text=https:\/\/radiorevelacionfm.cl\/?p=30166' aria-hidden='false' data-av_icon='\uf232' data-av_iconfont='entypo-fontello' title='' data-avia-related-tooltip='Compartir en Whatsapp' rel=\"noopener\"><span class='avia_hidden_link_text'>Compartir en Whatsapp<\/span><\/a><\/li><li class='av-share-link av-social-link-linkedin' ><a target=\"_blank\" aria-label=\"Compartir en LinkedIn\" href='https:\/\/linkedin.com\/shareArticle?mini=true&#038;title=Director%20de%20Seguridad%20P%C3%BAblica%20de%20Ays%C3%A9n%3A%20%C2%ABEsperamos%20que%20se%20incluya%20a%20nuestra%20comuna%20en%20las%20estrategias%20de%20seguridad%20del%20Gobierno%C2%BB&#038;url=https:\/\/radiorevelacionfm.cl\/?p=30166' aria-hidden='false' data-av_icon='\ue8fc' data-av_iconfont='entypo-fontello' title='' data-avia-related-tooltip='Compartir en LinkedIn' rel=\"noopener\"><span class='avia_hidden_link_text'>Compartir en LinkedIn<\/span><\/a><\/li><li class='av-share-link av-social-link-mail' ><a  aria-label=\"Compartir por correo\" href='mailto:?subject=Director%20de%20Seguridad%20P%C3%BAblica%20de%20Ays%C3%A9n%3A%20%C2%ABEsperamos%20que%20se%20incluya%20a%20nuestra%20comuna%20en%20las%20estrategias%20de%20seguridad%20del%20Gobierno%C2%BB&#038;body=https:\/\/radiorevelacionfm.cl\/?p=30166' aria-hidden='false' data-av_icon='\ue805' data-av_iconfont='entypo-fontello' title='' data-avia-related-tooltip='Compartir por correo'><span class='avia_hidden_link_text'>Compartir por correo<\/span><\/a><\/li><\/ul><\/div><\/div>\n<div  style='height:50px' class='hr hr-invisible   avia-builder-el-8  el_after_av_social_share  el_before_av_comments_list '><span class='hr-inner ' ><span class='hr-inner-style'><\/span><\/span><\/div>\n<div  class='av-buildercomment  av-blog-meta-html-info-disabled av-blog-meta-tag-disabled  '><\/div>\n","protected":false},"excerpt":{"rendered":"","protected":false},"author":1,"featured_media":30167,"comment_status":"open","ping_status":"open","sticky":false,"template":"","format":"standard","meta":{"footnotes":""},"categories":[38],"tags":[],"class_list":["post-30166","post","type-post","status-publish","format-standard","has-post-thumbnail","hentry","category-regional"],"jetpack_featured_media_url":"https:\/\/radiorevelacionfm.cl\/wp-content\/uploads\/2023\/04\/IMG-20230417-WA0023-1-1.jpg","_links":{"self":[{"href":"https:\/\/radiorevelacionfm.cl\/index.php?rest_route=\/wp\/v2\/posts\/30166","targetHints":{"allow":["GET"]}}],"collection":[{"href":"https:\/\/radiorevelacionfm.cl\/index.php?rest_route=\/wp\/v2\/posts"}],"about":[{"href":"https:\/\/radiorevelacionfm.cl\/index.php?rest_route=\/wp\/v2\/types\/post"}],"author":[{"embeddable":true,"href":"https:\/\/radiorevelacionfm.cl\/index.php?rest_route=\/wp\/v2\/users\/1"}],"replies":[{"embeddable":true,"href":"https:\/\/radiorevelacionfm.cl\/index.php?rest_route=%2Fwp%2Fv2%2Fcomments&post=30166"}],"version-history":[{"count":1,"href":"https:\/\/radiorevelacionfm.cl\/index.php?rest_route=\/wp\/v2\/posts\/30166\/revisions"}],"predecessor-version":[{"id":30168,"href":"https:\/\/radiorevelacionfm.cl\/index.php?rest_route=\/wp\/v2\/posts\/30166\/revisions\/30168"}],"wp:featuredmedia":[{"embeddable":true,"href":"https:\/\/radiorevelacionfm.cl\/index.php?rest_route=\/wp\/v2\/media\/30167"}],"wp:attachment":[{"href":"https:\/\/radiorevelacionfm.cl\/index.php?rest_route=%2Fwp%2Fv2%2Fmedia&parent=30166"}],"wp:term":[{"taxonomy":"category","embeddable":true,"href":"https:\/\/radiorevelacionfm.cl\/index.php?rest_route=%2Fwp%2Fv2%2Fcategories&post=30166"},{"taxonomy":"post_tag","embeddable":true,"href":"https:\/\/radiorevelacionfm.cl\/index.php?rest_route=%2Fwp%2Fv2%2Ftags&post=30166"}],"curies":[{"name":"wp","href":"https:\/\/api.w.org\/{rel}","templated":true}]}}