{"id":30162,"date":"2023-04-18T10:40:48","date_gmt":"2023-04-18T13:40:48","guid":{"rendered":"https:\/\/radiorevelacionfm.cl\/?p=30162"},"modified":"2023-04-18T10:40:48","modified_gmt":"2023-04-18T13:40:48","slug":"personal-de-gendarmeria-de-coyhaique-y-aysen-refuerzan-practica-en-tiro","status":"publish","type":"post","link":"https:\/\/radiorevelacionfm.cl\/?p=30162","title":{"rendered":"Personal de Gendarmer\u00eda de Coyhaique y Ays\u00e9n refuerzan pr\u00e1ctica en tiro"},"content":{"rendered":"<div class=\"flex_column av_one_full  flex_column_div av-zero-column-padding first  avia-builder-el-0  el_before_av_one_full  avia-builder-el-first  \" style='border-radius:0px; '><div  class='avia-image-container  av-styling-    avia-builder-el-1  avia-builder-el-no-sibling  avia-align-center '  itemprop=\"image\" itemscope=\"itemscope\" itemtype=\"https:\/\/schema.org\/ImageObject\"  ><div class='avia-image-container-inner'><div class='avia-image-overlay-wrap'><img decoding=\"async\" class='wp-image-30163 avia-img-lazy-loading-not-30163 avia_image' src=\"https:\/\/radiorevelacionfm.cl\/wp-content\/uploads\/2023\/04\/gendarmeria-image-2023-04-14-1_optimized.jpeg\" alt='' title='gendarmeria-image-2023-04-14-(1)_optimized' height=\"600\" width=\"900\"  itemprop=\"thumbnailUrl\" srcset=\"https:\/\/radiorevelacionfm.cl\/wp-content\/uploads\/2023\/04\/gendarmeria-image-2023-04-14-1_optimized.jpeg 900w, https:\/\/radiorevelacionfm.cl\/wp-content\/uploads\/2023\/04\/gendarmeria-image-2023-04-14-1_optimized-300x200.jpeg 300w, https:\/\/radiorevelacionfm.cl\/wp-content\/uploads\/2023\/04\/gendarmeria-image-2023-04-14-1_optimized-768x512.jpeg 768w, https:\/\/radiorevelacionfm.cl\/wp-content\/uploads\/2023\/04\/gendarmeria-image-2023-04-14-1_optimized-705x470.jpeg 705w, https:\/\/radiorevelacionfm.cl\/wp-content\/uploads\/2023\/04\/gendarmeria-image-2023-04-14-1_optimized-450x300.jpeg 450w, https:\/\/radiorevelacionfm.cl\/wp-content\/uploads\/2023\/04\/gendarmeria-image-2023-04-14-1_optimized-600x400.jpeg 600w\" sizes=\"(max-width: 900px) 100vw, 900px\" \/><\/div><\/div><\/div><\/div><div class=\"flex_column av_one_full  flex_column_div av-zero-column-padding first  avia-builder-el-2  el_after_av_one_full  el_before_av_one_full  column-top-margin\" style='border-radius:0px; '><section class=\"av_textblock_section \"  itemscope=\"itemscope\" itemtype=\"https:\/\/schema.org\/BlogPosting\" itemprop=\"blogPost\" ><div class='avia_textblock  '   itemprop=\"text\" ><p style=\"text-align: center;\"><strong><span style=\"font-size: 18pt;\">Personal de Gendarmer\u00eda de Coyhaique y Ays\u00e9n refuerzan pr\u00e1ctica en tiro<\/span><\/strong><\/p>\n<div id=\"gtx-trans\" style=\"position: absolute; left: -50px; top: 4.31534px;\">\n<div class=\"gtx-trans-icon\"><\/div>\n<\/div>\n<\/div><\/section><\/div><div class=\"flex_column av_one_full  flex_column_div av-zero-column-padding first  avia-builder-el-4  el_after_av_one_full  el_before_av_hr  column-top-margin\" style='border-radius:0px; '><section class=\"av_textblock_section \"  itemscope=\"itemscope\" itemtype=\"https:\/\/schema.org\/BlogPosting\" itemprop=\"blogPost\" ><div class='avia_textblock  '   itemprop=\"text\" ><p style=\"text-align: justify;\">Con la finalidad de reforzar los conocimientos que poseen los funcionarios de Gendarmer\u00eda de Chile respecto el funcionamiento y uso del armamento, es que se realiz\u00f3 una capacitaci\u00f3n de tiro de la que participaron 22 funcionarios pertenecientes a las guardias armadas de las unidades penales de Puerto Ays\u00e9n y Coyhaique.<\/p>\n<p style=\"text-align: justify;\">En la ocasi\u00f3n el personal repas\u00f3 la manipulaci\u00f3n y medidas de seguridad asociadas al uso de armamento largo y corto, teniendo la posibilidad de percutar los elementos de uso m\u00e1s com\u00fan en la Instituci\u00f3n, instrucci\u00f3n que se llev\u00f3 adelante en los pol\u00edgonos facilitados por el Ejercito de manera de asegurar un desarrollo seguro de los ejercicios.<\/p>\n<p style=\"text-align: justify;\">\u201cLa pr\u00e1ctica permanente y el repaso constante de procedimientos, son esenciales para que nuestro personal pueda hacer un uso adecuado y racional de su armamento en caso de enfrentarse a una situaci\u00f3n que implique hacer uso de este\u201d explic\u00f3 el director regional (S) de Gendarmer\u00eda, teniente coronel Ariel Saldivia Iglesias.<\/p>\n<p style=\"text-align: justify;\">Funcionarios que se desempe\u00f1an en las guardias armadas de los establecimientos penales, participaron de la actividad que se extendi\u00f3 durante tres d\u00edas, estos funcionarios tal como se indica, trabajan a diario portando armamento de all\u00ed la importancia de reinstruirlos peri\u00f3dicamente en la materia, actualizando sus conocimientos de acuerdo a las modificaciones y evoluci\u00f3n de la normativa.<\/p>\n<p style=\"text-align: justify;\">\u201cHabitualmente en estas instancias se refuerza la manipulaci\u00f3n de las armas, y los conceptos de uso racional de acuerdo a la norma y las exigencias en materia de DDHH. La idea de estas capacitaciones es que los funcionarios puedan hacer un uso correcto de su armamento, de acuerdo a las facultades legales que rigen su uso\u201d agreg\u00f3 el instructor de tiro a cargo de la capacitaci\u00f3n, suboficial mayor Yohnny Lav\u00edn Jerez.<\/p>\n<p style=\"text-align: justify;\">Finalmente hay que destacar que la capacitaci\u00f3n fue llevada adelante por un equipo de trabajo interdisciplinario que asegur\u00f3 el buen desarrollo de la iniciativa.<\/p>\n<\/div><\/section><\/div><div  style='height:50px' class='hr hr-invisible   avia-builder-el-6  el_after_av_one_full  el_before_av_social_share '><span class='hr-inner ' ><span class='hr-inner-style'><\/span><\/span><\/div><\/p>\n<div  class='av-social-sharing-box  avia-builder-el-7  el_after_av_hr  el_before_av_hr  '><div class='av-share-box'><h5 class='av-share-link-description av-no-toc '>Compartir esta noticia<\/h5><ul class='av-share-box-list noLightbox'><li class='av-share-link av-social-link-facebook' ><a target=\"_blank\" aria-label=\"Compartir en Facebook\" href='https:\/\/www.facebook.com\/sharer.php?u=https:\/\/radiorevelacionfm.cl\/?p=30162&#038;t=Personal%20de%20Gendarmer%C3%ADa%20de%20Coyhaique%20y%20Ays%C3%A9n%20refuerzan%20pr%C3%A1ctica%20en%20tiro' aria-hidden='false' data-av_icon='\ue8f3' data-av_iconfont='entypo-fontello' title='' data-avia-related-tooltip='Compartir en Facebook' rel=\"noopener\"><span class='avia_hidden_link_text'>Compartir en Facebook<\/span><\/a><\/li><li class='av-share-link av-social-link-twitter' ><a target=\"_blank\" aria-label=\"Compartir en Twitter\" href='https:\/\/twitter.com\/share?text=Personal%20de%20Gendarmer%C3%ADa%20de%20Coyhaique%20y%20Ays%C3%A9n%20refuerzan%20pr%C3%A1ctica%20en%20tiro&#038;url=https:\/\/radiorevelacionfm.cl\/?p=30162' aria-hidden='false' data-av_icon='\ue8f1' data-av_iconfont='entypo-fontello' title='' data-avia-related-tooltip='Compartir en Twitter' rel=\"noopener\"><span class='avia_hidden_link_text'>Compartir en Twitter<\/span><\/a><\/li><li class='av-share-link av-social-link-whatsapp' ><a target=\"_blank\" aria-label=\"Compartir en Whatsapp\" href='https:\/\/api.whatsapp.com\/send?text=https:\/\/radiorevelacionfm.cl\/?p=30162' aria-hidden='false' data-av_icon='\uf232' data-av_iconfont='entypo-fontello' title='' data-avia-related-tooltip='Compartir en Whatsapp' rel=\"noopener\"><span class='avia_hidden_link_text'>Compartir en Whatsapp<\/span><\/a><\/li><li class='av-share-link av-social-link-linkedin' ><a target=\"_blank\" aria-label=\"Compartir en LinkedIn\" href='https:\/\/linkedin.com\/shareArticle?mini=true&#038;title=Personal%20de%20Gendarmer%C3%ADa%20de%20Coyhaique%20y%20Ays%C3%A9n%20refuerzan%20pr%C3%A1ctica%20en%20tiro&#038;url=https:\/\/radiorevelacionfm.cl\/?p=30162' aria-hidden='false' data-av_icon='\ue8fc' data-av_iconfont='entypo-fontello' title='' data-avia-related-tooltip='Compartir en LinkedIn' rel=\"noopener\"><span class='avia_hidden_link_text'>Compartir en LinkedIn<\/span><\/a><\/li><li class='av-share-link av-social-link-mail' ><a  aria-label=\"Compartir por correo\" href='mailto:?subject=Personal%20de%20Gendarmer%C3%ADa%20de%20Coyhaique%20y%20Ays%C3%A9n%20refuerzan%20pr%C3%A1ctica%20en%20tiro&#038;body=https:\/\/radiorevelacionfm.cl\/?p=30162' aria-hidden='false' data-av_icon='\ue805' data-av_iconfont='entypo-fontello' title='' data-avia-related-tooltip='Compartir por correo'><span class='avia_hidden_link_text'>Compartir por correo<\/span><\/a><\/li><\/ul><\/div><\/div>\n<div  style='height:50px' class='hr hr-invisible   avia-builder-el-8  el_after_av_social_share  el_before_av_comments_list '><span class='hr-inner ' ><span class='hr-inner-style'><\/span><\/span><\/div>\n<div  class='av-buildercomment  av-blog-meta-html-info-disabled av-blog-meta-tag-disabled  '><\/div>\n","protected":false},"excerpt":{"rendered":"","protected":false},"author":1,"featured_media":30163,"comment_status":"open","ping_status":"open","sticky":false,"template":"","format":"standard","meta":{"footnotes":""},"categories":[38],"tags":[],"class_list":["post-30162","post","type-post","status-publish","format-standard","has-post-thumbnail","hentry","category-regional"],"jetpack_featured_media_url":"https:\/\/radiorevelacionfm.cl\/wp-content\/uploads\/2023\/04\/gendarmeria-image-2023-04-14-1_optimized.jpeg","_links":{"self":[{"href":"https:\/\/radiorevelacionfm.cl\/index.php?rest_route=\/wp\/v2\/posts\/30162","targetHints":{"allow":["GET"]}}],"collection":[{"href":"https:\/\/radiorevelacionfm.cl\/index.php?rest_route=\/wp\/v2\/posts"}],"about":[{"href":"https:\/\/radiorevelacionfm.cl\/index.php?rest_route=\/wp\/v2\/types\/post"}],"author":[{"embeddable":true,"href":"https:\/\/radiorevelacionfm.cl\/index.php?rest_route=\/wp\/v2\/users\/1"}],"replies":[{"embeddable":true,"href":"https:\/\/radiorevelacionfm.cl\/index.php?rest_route=%2Fwp%2Fv2%2Fcomments&post=30162"}],"version-history":[{"count":1,"href":"https:\/\/radiorevelacionfm.cl\/index.php?rest_route=\/wp\/v2\/posts\/30162\/revisions"}],"predecessor-version":[{"id":30164,"href":"https:\/\/radiorevelacionfm.cl\/index.php?rest_route=\/wp\/v2\/posts\/30162\/revisions\/30164"}],"wp:featuredmedia":[{"embeddable":true,"href":"https:\/\/radiorevelacionfm.cl\/index.php?rest_route=\/wp\/v2\/media\/30163"}],"wp:attachment":[{"href":"https:\/\/radiorevelacionfm.cl\/index.php?rest_route=%2Fwp%2Fv2%2Fmedia&parent=30162"}],"wp:term":[{"taxonomy":"category","embeddable":true,"href":"https:\/\/radiorevelacionfm.cl\/index.php?rest_route=%2Fwp%2Fv2%2Fcategories&post=30162"},{"taxonomy":"post_tag","embeddable":true,"href":"https:\/\/radiorevelacionfm.cl\/index.php?rest_route=%2Fwp%2Fv2%2Ftags&post=30162"}],"curies":[{"name":"wp","href":"https:\/\/api.w.org\/{rel}","templated":true}]}}