{"id":30159,"date":"2023-04-18T22:26:20","date_gmt":"2023-04-19T01:26:20","guid":{"rendered":"https:\/\/radiorevelacionfm.cl\/?p=30159"},"modified":"2023-04-18T22:26:20","modified_gmt":"2023-04-19T01:26:20","slug":"plan-calles-sin-violencia-refuerza-trabajo-local-mancomunado","status":"publish","type":"post","link":"https:\/\/radiorevelacionfm.cl\/?p=30159","title":{"rendered":"Plan Calles sin Violencia refuerza trabajo local mancomunado"},"content":{"rendered":"<div class=\"flex_column av_one_full  flex_column_div av-zero-column-padding first  avia-builder-el-0  el_before_av_one_full  avia-builder-el-first  \" style='border-radius:0px; '><div  class='avia-image-container  av-styling-    avia-builder-el-1  avia-builder-el-no-sibling  avia-align-center '  itemprop=\"image\" itemscope=\"itemscope\" itemtype=\"https:\/\/schema.org\/ImageObject\"  ><div class='avia-image-container-inner'><div class='avia-image-overlay-wrap'><img decoding=\"async\" class='wp-image-30160 avia-img-lazy-loading-not-30160 avia_image' src=\"https:\/\/radiorevelacionfm.cl\/wp-content\/uploads\/2023\/04\/WhatsApp-Image-2023-04-17-at-18.41.10-1-1.jpeg\" alt='' title='WhatsApp Image 2023-04-17 at 18.41.10 (1) (1)' height=\"600\" width=\"900\"  itemprop=\"thumbnailUrl\" srcset=\"https:\/\/radiorevelacionfm.cl\/wp-content\/uploads\/2023\/04\/WhatsApp-Image-2023-04-17-at-18.41.10-1-1.jpeg 900w, https:\/\/radiorevelacionfm.cl\/wp-content\/uploads\/2023\/04\/WhatsApp-Image-2023-04-17-at-18.41.10-1-1-300x200.jpeg 300w, https:\/\/radiorevelacionfm.cl\/wp-content\/uploads\/2023\/04\/WhatsApp-Image-2023-04-17-at-18.41.10-1-1-768x512.jpeg 768w, https:\/\/radiorevelacionfm.cl\/wp-content\/uploads\/2023\/04\/WhatsApp-Image-2023-04-17-at-18.41.10-1-1-705x470.jpeg 705w, https:\/\/radiorevelacionfm.cl\/wp-content\/uploads\/2023\/04\/WhatsApp-Image-2023-04-17-at-18.41.10-1-1-450x300.jpeg 450w, https:\/\/radiorevelacionfm.cl\/wp-content\/uploads\/2023\/04\/WhatsApp-Image-2023-04-17-at-18.41.10-1-1-600x400.jpeg 600w\" sizes=\"(max-width: 900px) 100vw, 900px\" \/><\/div><\/div><\/div><\/div><div class=\"flex_column av_one_full  flex_column_div av-zero-column-padding first  avia-builder-el-2  el_after_av_one_full  el_before_av_one_full  column-top-margin\" style='border-radius:0px; '><section class=\"av_textblock_section \"  itemscope=\"itemscope\" itemtype=\"https:\/\/schema.org\/BlogPosting\" itemprop=\"blogPost\" ><div class='avia_textblock  '   itemprop=\"text\" ><p style=\"font-weight: 400; text-align: center;\"><span style=\"font-size: 18pt;\"><strong>Plan Calles sin Violencia refuerza trabajo local mancomunado<\/strong><\/span><\/p>\n<p style=\"font-weight: 400;\"><strong>\u00a0<\/strong><\/p>\n<div id=\"gtx-trans\" style=\"position: absolute; left: -50px; top: 4.31534px;\">\n<div class=\"gtx-trans-icon\"><\/div>\n<\/div>\n<\/div><\/section><\/div><div class=\"flex_column av_one_full  flex_column_div av-zero-column-padding first  avia-builder-el-4  el_after_av_one_full  el_before_av_hr  column-top-margin\" style='border-radius:0px; '><section class=\"av_textblock_section \"  itemscope=\"itemscope\" itemtype=\"https:\/\/schema.org\/BlogPosting\" itemprop=\"blogPost\" ><div class='avia_textblock  '   itemprop=\"text\" ><p style=\"font-weight: 400; text-align: justify;\">Como una iniciativa valiosa dentro del trabajo mancomunado en materia de seguridad p\u00fablica, calificaron autoridades regionales y comunales la implementaci\u00f3n del Plan Calles Sin Violencia en la comuna de Coyhaique.<\/p>\n<p style=\"font-weight: 400; text-align: justify;\">El Gobierno del Presidente Gabriel Boric anunci\u00f3 este Plan\u00a0para disminuir los homicidios y delitos violentos en 46 comunas, entre ellas las capitales regionales, en base a un trabajo coordinado que involucra a Gobierno, Carabineros de Chile, Polic\u00eda de Investigaciones y Ministerio P\u00fablico.<\/p>\n<p style=\"font-weight: 400; text-align: justify;\">El Delegado Presidencial Regional, Rodrigo Araya, en compa\u00f1\u00eda del alcalde Carlos Gatica, Fiscal Regional, Carlos Palma, jefe XI Zona de Carabineros, General Patricio Santos, Prefecto de la Polic\u00eda de Investigaciones (PDI), Luis Torralba, y Coordinadora de Seguridad P\u00fablica, Camila Covarrubias, destacaron la importancia de esta iniciativa enmarcada en\u00a0la\u00a0Pol\u00edtica Nacional contra el Crimen Organizado.<\/p>\n<p style=\"font-weight: 400; text-align: justify;\">\u201cEn nuestra regi\u00f3n el Plan Calle Segura tambi\u00e9n tiene una expresi\u00f3n, Coyhaique es la comuna con la que vamos a trabajar, por el hecho de ser capital regional. Sin embargo, las intervenciones en seguridad no solo implican Calle Segura, sino que tambi\u00e9n queremos incorporar programas donde otros municipios van a ser beneficiados, como Estado en la Calle y M\u00e1s Seguridad M\u00e1s Comunidad, en apoyo a los distintos municipios\u201d, expres\u00f3.<\/p>\n<p style=\"font-weight: 400; text-align: justify;\">El alcalde Carlos Gatica destac\u00f3 la incorporaci\u00f3n de Coyhaique al Plan y el conjunto de medidas orientadas a desbaratar organizaciones criminales.<\/p>\n<p style=\"font-weight: 400; text-align: justify;\">\u201cHoy d\u00eda como municipio vamos a estar nuevamente trabajando con este tipo de proyectos, ya hemos presentado iniciativas de iluminaci\u00f3n de parques, mejorar espacios p\u00fablicos y, gracias al apoyo y trabajo conjunto con la Subsecretar\u00eda del Prevenci\u00f3n del Delito, hemos comprado dos carros policiales de seguridad preventiva, m\u00e1s una camioneta para llegar desde el pr\u00f3ximo mes a fortalecer el trabajo conjunto con las polic\u00edas\u201d, destac\u00f3.<\/p>\n<p style=\"font-weight: 400; text-align: justify;\">Para el Fiscal Carlos Palma la eficiente persecuci\u00f3n penal que tiene la regi\u00f3n se obtiene como resultado de una determinaci\u00f3n clara de objetivos, alineamiento estrat\u00e9gico y trabajo mancomunado de los actores competentes.<\/p>\n<p style=\"font-weight: 400; text-align: justify;\">\u201cLo que tenemos ac\u00e1 es la confirmaci\u00f3n de c\u00f3mo se debe trabajar. Est\u00e1n todas las autoridades involucradas y eso ha transformado a la regi\u00f3n de Ays\u00e9n en la que tiene los mejores indicadores nacionales de persecuci\u00f3n penal y los m\u00e1s altos \u00edndices de satisfacci\u00f3n de usuarios del sistema procesal penal. Es decir, aqu\u00ed en la regi\u00f3n, hemos demostrado que trabajando mancomunadamente se puede producir un cambio y, por supuesto, comprometido con la autoridad pol\u00edtico administrativa y con las polic\u00edas para una persecuci\u00f3n eficiente\u201d.<\/p>\n<p style=\"font-weight: 400; text-align: justify;\"><strong>L\u00edneas de acci\u00f3n del Plan Calles sin Violencia<\/strong><\/p>\n<p style=\"font-weight: 400; text-align: justify;\">El Plan contempla tres l\u00edneas de acci\u00f3n, comenzando por un eje para tener una\u00a0persecuci\u00f3n penal efectiva, para esclarecer homicidios y delitos asociados, mediante un grupo de primera respuesta de homicidios, que partir\u00e1 en la Regi\u00f3n Metropolitana.<\/p>\n<p style=\"font-weight: 400; text-align: justify;\">La segunda l\u00ednea es de\u00a0actividad policial, para lo cual\u00a0Carabineros realizar\u00e1 un\u00a0patrullaje\u00a0policial efectivo para prevenir la ocurrencia de homicidios y delitos violentos, adem\u00e1s de visibilizar mayor presencia policial en sectores con alta ocurrencia de delitos.<\/p>\n<p style=\"font-weight: 400; text-align: justify;\">En tercer lugar, se realizar\u00e1 una fiscalizaci\u00f3n de infracciones e incivilidades, considerando fiscalizaci\u00f3n de armas para asegurar la tenencia responsable de armas legalmente inscritas y sacar de circulaci\u00f3n armas ilegales e irregulares.\u00a0\u00a0Asimismo, Carabineros realizar\u00e1 rondas focalizadas de fiscalizaci\u00f3n<strong>\u00a0<\/strong>cuyo\u00a0objetivo es poder dar captura a personas que cuenten con \u00f3rdenes de detenci\u00f3n pendientes, mediante controles vehiculares y de identidad.<\/p>\n<p style=\"font-weight: 400; text-align: justify;\">En este sentido el General Patricio Santos manifest\u00f3 que \u201ctodas las pol\u00edticas p\u00fablicas derivan en lo que institucionalmente refiere un plan de trabajo, con indicadores claros, de los cuales damos cuenta p\u00fablica a trav\u00e9s de las sesiones STOP. Por ejemplo, desde el t\u00e9rmino del a\u00f1o pasado se implementaron programas barriales de acuerdo a las necesidades que junto con Fiscal\u00eda levantamos en toda la regi\u00f3n y cuyos resultados se manifiestan en la labor que desarrollamos\u201d.<\/p>\n<p style=\"font-weight: 400; text-align: justify;\">En tanto el Prefecto Luis Torralba recalc\u00f3 el compromiso de la \u201cPolic\u00eda Investigaciones, como organismo del Estado competente en la investigaci\u00f3n de delitos de manera especializada, mediante un trabajo que ha dado resultados, expresados en un buen \u00edndice de respuesta y esclarecimiento de il\u00edcitos, para dar tranquilidad a la comunidad\u201d.<\/p>\n<p style=\"font-weight: 400; text-align: justify;\"><strong>\u00a0<\/strong><\/p>\n<\/div><\/section><\/div><div  style='height:50px' class='hr hr-invisible   avia-builder-el-6  el_after_av_one_full  el_before_av_social_share '><span class='hr-inner ' ><span class='hr-inner-style'><\/span><\/span><\/div><\/p>\n<div  class='av-social-sharing-box  avia-builder-el-7  el_after_av_hr  el_before_av_hr  '><div class='av-share-box'><h5 class='av-share-link-description av-no-toc '>Compartir esta noticia<\/h5><ul class='av-share-box-list noLightbox'><li class='av-share-link av-social-link-facebook' ><a target=\"_blank\" aria-label=\"Compartir en Facebook\" href='https:\/\/www.facebook.com\/sharer.php?u=https:\/\/radiorevelacionfm.cl\/?p=30159&#038;t=Plan%20Calles%20sin%20Violencia%20refuerza%20trabajo%20local%20mancomunado' aria-hidden='false' data-av_icon='\ue8f3' data-av_iconfont='entypo-fontello' title='' data-avia-related-tooltip='Compartir en Facebook' rel=\"noopener\"><span class='avia_hidden_link_text'>Compartir en Facebook<\/span><\/a><\/li><li class='av-share-link av-social-link-twitter' ><a target=\"_blank\" aria-label=\"Compartir en Twitter\" href='https:\/\/twitter.com\/share?text=Plan%20Calles%20sin%20Violencia%20refuerza%20trabajo%20local%20mancomunado&#038;url=https:\/\/radiorevelacionfm.cl\/?p=30159' aria-hidden='false' data-av_icon='\ue8f1' data-av_iconfont='entypo-fontello' title='' data-avia-related-tooltip='Compartir en Twitter' rel=\"noopener\"><span class='avia_hidden_link_text'>Compartir en Twitter<\/span><\/a><\/li><li class='av-share-link av-social-link-whatsapp' ><a target=\"_blank\" aria-label=\"Compartir en Whatsapp\" href='https:\/\/api.whatsapp.com\/send?text=https:\/\/radiorevelacionfm.cl\/?p=30159' aria-hidden='false' data-av_icon='\uf232' data-av_iconfont='entypo-fontello' title='' data-avia-related-tooltip='Compartir en Whatsapp' rel=\"noopener\"><span class='avia_hidden_link_text'>Compartir en Whatsapp<\/span><\/a><\/li><li class='av-share-link av-social-link-linkedin' ><a target=\"_blank\" aria-label=\"Compartir en LinkedIn\" href='https:\/\/linkedin.com\/shareArticle?mini=true&#038;title=Plan%20Calles%20sin%20Violencia%20refuerza%20trabajo%20local%20mancomunado&#038;url=https:\/\/radiorevelacionfm.cl\/?p=30159' aria-hidden='false' data-av_icon='\ue8fc' data-av_iconfont='entypo-fontello' title='' data-avia-related-tooltip='Compartir en LinkedIn' rel=\"noopener\"><span class='avia_hidden_link_text'>Compartir en LinkedIn<\/span><\/a><\/li><li class='av-share-link av-social-link-mail' ><a  aria-label=\"Compartir por correo\" href='mailto:?subject=Plan%20Calles%20sin%20Violencia%20refuerza%20trabajo%20local%20mancomunado&#038;body=https:\/\/radiorevelacionfm.cl\/?p=30159' aria-hidden='false' data-av_icon='\ue805' data-av_iconfont='entypo-fontello' title='' data-avia-related-tooltip='Compartir por correo'><span class='avia_hidden_link_text'>Compartir por correo<\/span><\/a><\/li><\/ul><\/div><\/div>\n<div  style='height:50px' class='hr hr-invisible   avia-builder-el-8  el_after_av_social_share  el_before_av_comments_list '><span class='hr-inner ' ><span class='hr-inner-style'><\/span><\/span><\/div>\n<div  class='av-buildercomment  av-blog-meta-html-info-disabled av-blog-meta-tag-disabled  '><\/div>\n","protected":false},"excerpt":{"rendered":"","protected":false},"author":1,"featured_media":30160,"comment_status":"open","ping_status":"open","sticky":false,"template":"","format":"standard","meta":{"footnotes":""},"categories":[38],"tags":[],"class_list":["post-30159","post","type-post","status-publish","format-standard","has-post-thumbnail","hentry","category-regional"],"jetpack_featured_media_url":"https:\/\/radiorevelacionfm.cl\/wp-content\/uploads\/2023\/04\/WhatsApp-Image-2023-04-17-at-18.41.10-1-1.jpeg","_links":{"self":[{"href":"https:\/\/radiorevelacionfm.cl\/index.php?rest_route=\/wp\/v2\/posts\/30159","targetHints":{"allow":["GET"]}}],"collection":[{"href":"https:\/\/radiorevelacionfm.cl\/index.php?rest_route=\/wp\/v2\/posts"}],"about":[{"href":"https:\/\/radiorevelacionfm.cl\/index.php?rest_route=\/wp\/v2\/types\/post"}],"author":[{"embeddable":true,"href":"https:\/\/radiorevelacionfm.cl\/index.php?rest_route=\/wp\/v2\/users\/1"}],"replies":[{"embeddable":true,"href":"https:\/\/radiorevelacionfm.cl\/index.php?rest_route=%2Fwp%2Fv2%2Fcomments&post=30159"}],"version-history":[{"count":1,"href":"https:\/\/radiorevelacionfm.cl\/index.php?rest_route=\/wp\/v2\/posts\/30159\/revisions"}],"predecessor-version":[{"id":30161,"href":"https:\/\/radiorevelacionfm.cl\/index.php?rest_route=\/wp\/v2\/posts\/30159\/revisions\/30161"}],"wp:featuredmedia":[{"embeddable":true,"href":"https:\/\/radiorevelacionfm.cl\/index.php?rest_route=\/wp\/v2\/media\/30160"}],"wp:attachment":[{"href":"https:\/\/radiorevelacionfm.cl\/index.php?rest_route=%2Fwp%2Fv2%2Fmedia&parent=30159"}],"wp:term":[{"taxonomy":"category","embeddable":true,"href":"https:\/\/radiorevelacionfm.cl\/index.php?rest_route=%2Fwp%2Fv2%2Fcategories&post=30159"},{"taxonomy":"post_tag","embeddable":true,"href":"https:\/\/radiorevelacionfm.cl\/index.php?rest_route=%2Fwp%2Fv2%2Ftags&post=30159"}],"curies":[{"name":"wp","href":"https:\/\/api.w.org\/{rel}","templated":true}]}}