{"id":30152,"date":"2023-04-17T22:31:50","date_gmt":"2023-04-18T01:31:50","guid":{"rendered":"https:\/\/radiorevelacionfm.cl\/?p=30152"},"modified":"2023-04-17T22:31:50","modified_gmt":"2023-04-18T01:31:50","slug":"inician-revalidacion-de-tarjeta-nacional-estudiantil-tne","status":"publish","type":"post","link":"https:\/\/radiorevelacionfm.cl\/?p=30152","title":{"rendered":"Inician revalidaci\u00f3n de Tarjeta Nacional Estudiantil (TNE)"},"content":{"rendered":"<div class=\"flex_column av_one_full  flex_column_div av-zero-column-padding first  avia-builder-el-0  el_before_av_one_full  avia-builder-el-first  \" style='border-radius:0px; '><div  class='avia-image-container  av-styling-    avia-builder-el-1  avia-builder-el-no-sibling  avia-align-center '  itemprop=\"image\" itemscope=\"itemscope\" itemtype=\"https:\/\/schema.org\/ImageObject\"  ><div class='avia-image-container-inner'><div class='avia-image-overlay-wrap'><img decoding=\"async\" class='wp-image-30153 avia-img-lazy-loading-not-30153 avia_image' src=\"https:\/\/radiorevelacionfm.cl\/wp-content\/uploads\/2023\/04\/revalidacion-tne-39-1_optimized.jpg\" alt='' title='revalidaci\u00f3n-tne-(39)-(1)_optimized' height=\"600\" width=\"1067\"  itemprop=\"thumbnailUrl\" srcset=\"https:\/\/radiorevelacionfm.cl\/wp-content\/uploads\/2023\/04\/revalidacion-tne-39-1_optimized.jpg 1067w, https:\/\/radiorevelacionfm.cl\/wp-content\/uploads\/2023\/04\/revalidacion-tne-39-1_optimized-300x169.jpg 300w, https:\/\/radiorevelacionfm.cl\/wp-content\/uploads\/2023\/04\/revalidacion-tne-39-1_optimized-1030x579.jpg 1030w, https:\/\/radiorevelacionfm.cl\/wp-content\/uploads\/2023\/04\/revalidacion-tne-39-1_optimized-768x432.jpg 768w, https:\/\/radiorevelacionfm.cl\/wp-content\/uploads\/2023\/04\/revalidacion-tne-39-1_optimized-705x396.jpg 705w, https:\/\/radiorevelacionfm.cl\/wp-content\/uploads\/2023\/04\/revalidacion-tne-39-1_optimized-450x253.jpg 450w, https:\/\/radiorevelacionfm.cl\/wp-content\/uploads\/2023\/04\/revalidacion-tne-39-1_optimized-600x337.jpg 600w\" sizes=\"(max-width: 1067px) 100vw, 1067px\" \/><\/div><\/div><\/div><\/div><div class=\"flex_column av_one_full  flex_column_div av-zero-column-padding first  avia-builder-el-2  el_after_av_one_full  el_before_av_one_full  column-top-margin\" style='border-radius:0px; '><section class=\"av_textblock_section \"  itemscope=\"itemscope\" itemtype=\"https:\/\/schema.org\/BlogPosting\" itemprop=\"blogPost\" ><div class='avia_textblock  '   itemprop=\"text\" ><p style=\"text-align: center;\"><strong><span style=\"font-size: 18pt;\">Inician revalidaci\u00f3n de Tarjeta Nacional Estudiantil (TNE)<\/span><\/strong><\/p>\n<div id=\"gtx-trans\" style=\"position: absolute; left: -50px; top: 4.31534px;\">\n<div class=\"gtx-trans-icon\"><\/div>\n<\/div>\n<\/div><\/section><\/div><div class=\"flex_column av_one_full  flex_column_div av-zero-column-padding first  avia-builder-el-4  el_after_av_one_full  el_before_av_hr  column-top-margin\" style='border-radius:0px; '><section class=\"av_textblock_section \"  itemscope=\"itemscope\" itemtype=\"https:\/\/schema.org\/BlogPosting\" itemprop=\"blogPost\" ><div class='avia_textblock  '   itemprop=\"text\" ><p style=\"text-align: justify;\">En m\u00f3dulo de atenci\u00f3n instalado en Terminal de Buses de Coyhaique, seremi de Transportes, seremi de Educaci\u00f3n y Junaeb convocaron a estudiantes a realizar esta renovaci\u00f3n.<\/p>\n<p style=\"text-align: justify;\">Antes del 31 de mayo se estar\u00e1 realizando en distintos puntos de atenci\u00f3n la revalidaci\u00f3n de la Tarjeta Nacional Estudiantil (TNE). Este proceso permitir\u00e1 a las y los estudiantes mantener la tarifa rebajada, o gratuitas seg\u00fan nivel , en el transporte p\u00fablico de todo el pa\u00eds hasta mayo de 2024 en todo horario y en todo el territorio nacional. Para convocar a estudiantes ayseninos a realizar este tr\u00e1mite, en el terminal de buses de Coyhaique se instal\u00f3 un m\u00f3dulo de atenci\u00f3n en donde seremiTT, seremi de Educaci\u00f3n y Junaeb informaron sobre las caracter\u00edsticas del proceso TNE 2023.<\/p>\n<p style=\"text-align: justify;\">La seremiTT Claudia Cantero explic\u00f3 que la rebaja tarifaria para escolares establecida en el decreto 45 del Ministerio de Transportes y Telecomunicaciones requiere el uso de la Tarjeta Nacional Estudiantil actualizada. \u201cEs importante que los y las estudiantes de la regi\u00f3n sepan que deben portar esta tarjeta para no tener problemas al momento de pagar su tarifa de transporte escolar. Cuando el operador o chofer del bus no respete la rebaja tarifaria y el estudiante porta la tarjeta TNE, es importante que las personas se acerquen y hagan la denuncia formal. Puede ser en\u00a0<a href=\"http:\/\/www.transportescucha.cl\/\" target=\"_blank\" rel=\"noopener\" data-saferedirecturl=\"https:\/\/www.google.com\/url?q=http:\/\/www.transportescucha.cl&amp;source=gmail&amp;ust=1681852054247000&amp;usg=AOvVaw3QDIEF--9NpxEEQjXkGkQE\">www.transportescucha.cl<\/a>,\u00a0<a href=\"http:\/\/www.fiscalizacion.cl\/\" target=\"_blank\" rel=\"noopener\" data-saferedirecturl=\"https:\/\/www.google.com\/url?q=http:\/\/www.fiscalizacion.cl&amp;source=gmail&amp;ust=1681852054247000&amp;usg=AOvVaw2VaJeOps5XBC7qVOdu_9_e\">www.fiscalizacion.cl<\/a>\u00a0o en nuestra oficinas ubicadas en Dussen 188. Lo importante es que vayamos conociendo nuestros derechos y para los estudiantes, es acceder a la rebaja tarifaria en los servicios de transporte p\u00fablico portando la tarjeta TNE\u201d.<\/p>\n<p style=\"text-align: justify;\">Desde Junaeb, su director regional Manuel Vivar se refiri\u00f3 a las caracter\u00edsticas y particularidades del proceso en Ays\u00e9n. \u201cLa tarjeta es s\u00faper importante para estudiantes que viajan desde entornos rurales, que tienen que tener su tarjeta para contar con la rebaja en el transporte y en ese contexto efectivamente es importante que puedan disponer de ella. Hemos hecho las gestiones para contar con m\u00f3dulos en establecimientos educacionales y tambi\u00e9n hay m\u00f3dulos masivos como \u00e9ste en el terminal de buses de Coyhaique, la pr\u00f3xima semana se habilitar\u00e1 otro en Puerto Ays\u00e9n y estaremos haciendo el recorrido por distintas localidades rurales de la regi\u00f3n\u201d, detall\u00f3 Vivar.<\/p>\n<p style=\"text-align: justify;\">Tras el periodo post pandemia, la locomoci\u00f3n de alumnos y alumnas juega un rol importante en su asistencia a clases. De esta forma lo explic\u00f3 el jefe de planificaci\u00f3n regional de la seremi de Educaci\u00f3n, Claudio Rivera. \u201cEl ministerio junto al presidente Gabriel Boric lanz\u00f3 el plan de reactivaci\u00f3n educativa el cual tiene tres ejes y uno de ellos tienen que ver con la asistencia y la revinculaci\u00f3n de los alumnos con los establecimientos educacionales. En el fondo buscando garantizar su trayectoria educativa. El tema de la movilizaci\u00f3n de los estudiantes garantiza de alguna manera la mejora en la asistencia\u201d, asever\u00f3.<\/p>\n<p style=\"text-align: justify;\">En la regi\u00f3n se estima que mil a 1500 alumnos de educaci\u00f3n media realizar\u00e1n la renovaci\u00f3n, mientras que en educaci\u00f3n superior se esperan 150 a 200 revalidaciones, con la salvedad que en este caso, corresponde la inscripci\u00f3n previa en instituto o casa universitaria. Para mayor informaci\u00f3n de m\u00f3dulos de revalidaci\u00f3n, los escolares pueden dirigir su consulta al establecimiento educativo quienes se coordinan en forma directa con Junaeb.<\/p>\n<div style=\"text-align: justify;\"><\/div>\n<\/div><\/section><\/div><div  style='height:50px' class='hr hr-invisible   avia-builder-el-6  el_after_av_one_full  el_before_av_social_share '><span class='hr-inner ' ><span class='hr-inner-style'><\/span><\/span><\/div><\/p>\n<div  class='av-social-sharing-box  avia-builder-el-7  el_after_av_hr  el_before_av_hr  '><div class='av-share-box'><h5 class='av-share-link-description av-no-toc '>Compartir esta noticia<\/h5><ul class='av-share-box-list noLightbox'><li class='av-share-link av-social-link-facebook' ><a target=\"_blank\" aria-label=\"Compartir en Facebook\" href='https:\/\/www.facebook.com\/sharer.php?u=https:\/\/radiorevelacionfm.cl\/?p=30152&#038;t=Inician%20revalidaci%C3%B3n%20de%20Tarjeta%20Nacional%20Estudiantil%20%28TNE%29' aria-hidden='false' data-av_icon='\ue8f3' data-av_iconfont='entypo-fontello' title='' data-avia-related-tooltip='Compartir en Facebook' rel=\"noopener\"><span class='avia_hidden_link_text'>Compartir en Facebook<\/span><\/a><\/li><li class='av-share-link av-social-link-twitter' ><a target=\"_blank\" aria-label=\"Compartir en Twitter\" href='https:\/\/twitter.com\/share?text=Inician%20revalidaci%C3%B3n%20de%20Tarjeta%20Nacional%20Estudiantil%20%28TNE%29&#038;url=https:\/\/radiorevelacionfm.cl\/?p=30152' aria-hidden='false' data-av_icon='\ue8f1' data-av_iconfont='entypo-fontello' title='' data-avia-related-tooltip='Compartir en Twitter' rel=\"noopener\"><span class='avia_hidden_link_text'>Compartir en Twitter<\/span><\/a><\/li><li class='av-share-link av-social-link-whatsapp' ><a target=\"_blank\" aria-label=\"Compartir en Whatsapp\" href='https:\/\/api.whatsapp.com\/send?text=https:\/\/radiorevelacionfm.cl\/?p=30152' aria-hidden='false' data-av_icon='\uf232' data-av_iconfont='entypo-fontello' title='' data-avia-related-tooltip='Compartir en Whatsapp' rel=\"noopener\"><span class='avia_hidden_link_text'>Compartir en Whatsapp<\/span><\/a><\/li><li class='av-share-link av-social-link-linkedin' ><a target=\"_blank\" aria-label=\"Compartir en LinkedIn\" href='https:\/\/linkedin.com\/shareArticle?mini=true&#038;title=Inician%20revalidaci%C3%B3n%20de%20Tarjeta%20Nacional%20Estudiantil%20%28TNE%29&#038;url=https:\/\/radiorevelacionfm.cl\/?p=30152' aria-hidden='false' data-av_icon='\ue8fc' data-av_iconfont='entypo-fontello' title='' data-avia-related-tooltip='Compartir en LinkedIn' rel=\"noopener\"><span class='avia_hidden_link_text'>Compartir en LinkedIn<\/span><\/a><\/li><li class='av-share-link av-social-link-mail' ><a  aria-label=\"Compartir por correo\" href='mailto:?subject=Inician%20revalidaci%C3%B3n%20de%20Tarjeta%20Nacional%20Estudiantil%20%28TNE%29&#038;body=https:\/\/radiorevelacionfm.cl\/?p=30152' aria-hidden='false' data-av_icon='\ue805' data-av_iconfont='entypo-fontello' title='' data-avia-related-tooltip='Compartir por correo'><span class='avia_hidden_link_text'>Compartir por correo<\/span><\/a><\/li><\/ul><\/div><\/div>\n<div  style='height:50px' class='hr hr-invisible   avia-builder-el-8  el_after_av_social_share  el_before_av_comments_list '><span class='hr-inner ' ><span class='hr-inner-style'><\/span><\/span><\/div>\n<div  class='av-buildercomment  av-blog-meta-html-info-disabled av-blog-meta-tag-disabled  '><\/div>\n","protected":false},"excerpt":{"rendered":"","protected":false},"author":1,"featured_media":30153,"comment_status":"open","ping_status":"open","sticky":false,"template":"","format":"standard","meta":{"footnotes":""},"categories":[59],"tags":[],"class_list":["post-30152","post","type-post","status-publish","format-standard","has-post-thumbnail","hentry","category-transporte"],"jetpack_featured_media_url":"https:\/\/radiorevelacionfm.cl\/wp-content\/uploads\/2023\/04\/revalidacion-tne-39-1_optimized.jpg","_links":{"self":[{"href":"https:\/\/radiorevelacionfm.cl\/index.php?rest_route=\/wp\/v2\/posts\/30152","targetHints":{"allow":["GET"]}}],"collection":[{"href":"https:\/\/radiorevelacionfm.cl\/index.php?rest_route=\/wp\/v2\/posts"}],"about":[{"href":"https:\/\/radiorevelacionfm.cl\/index.php?rest_route=\/wp\/v2\/types\/post"}],"author":[{"embeddable":true,"href":"https:\/\/radiorevelacionfm.cl\/index.php?rest_route=\/wp\/v2\/users\/1"}],"replies":[{"embeddable":true,"href":"https:\/\/radiorevelacionfm.cl\/index.php?rest_route=%2Fwp%2Fv2%2Fcomments&post=30152"}],"version-history":[{"count":1,"href":"https:\/\/radiorevelacionfm.cl\/index.php?rest_route=\/wp\/v2\/posts\/30152\/revisions"}],"predecessor-version":[{"id":30154,"href":"https:\/\/radiorevelacionfm.cl\/index.php?rest_route=\/wp\/v2\/posts\/30152\/revisions\/30154"}],"wp:featuredmedia":[{"embeddable":true,"href":"https:\/\/radiorevelacionfm.cl\/index.php?rest_route=\/wp\/v2\/media\/30153"}],"wp:attachment":[{"href":"https:\/\/radiorevelacionfm.cl\/index.php?rest_route=%2Fwp%2Fv2%2Fmedia&parent=30152"}],"wp:term":[{"taxonomy":"category","embeddable":true,"href":"https:\/\/radiorevelacionfm.cl\/index.php?rest_route=%2Fwp%2Fv2%2Fcategories&post=30152"},{"taxonomy":"post_tag","embeddable":true,"href":"https:\/\/radiorevelacionfm.cl\/index.php?rest_route=%2Fwp%2Fv2%2Ftags&post=30152"}],"curies":[{"name":"wp","href":"https:\/\/api.w.org\/{rel}","templated":true}]}}