{"id":3015,"date":"2021-02-28T16:33:15","date_gmt":"2021-02-28T19:33:15","guid":{"rendered":"https:\/\/radiorevelacionfm.cl\/?p=3015"},"modified":"2021-02-28T16:33:15","modified_gmt":"2021-02-28T19:33:15","slug":"proyecto-de-viviendas-sociales-del-comite-lago-ciervo-en-villa-ohiggins-sera-el-primero-con-cables-soterrados-a-nivel-nacional","status":"publish","type":"post","link":"https:\/\/radiorevelacionfm.cl\/?p=3015","title":{"rendered":"Proyecto de viviendas sociales del comit\u00e9 Lago Ciervo en Villa O\u2019Higgins ser\u00e1 el primero con cables soterrados a nivel nacional"},"content":{"rendered":"<div class=\"flex_column av_one_full  flex_column_div av-zero-column-padding first  avia-builder-el-0  el_before_av_one_full  avia-builder-el-first  \" style='border-radius:0px; '><div  class='avia-image-container  av-styling-    avia-builder-el-1  avia-builder-el-no-sibling  avia-align-center '  itemprop=\"image\" itemscope=\"itemscope\" itemtype=\"https:\/\/schema.org\/ImageObject\"  ><div class='avia-image-container-inner'><div class='avia-image-overlay-wrap'><img decoding=\"async\" class='wp-image-0 avia-img-lazy-loading-not-0 avia_image' src=\"https:\/\/radiorevelacionfm.cl\/wp-content\/uploads\/2021\/02\/COMITE-LAGO-CIERVO-3-2.jpeg\" alt='' title=''   itemprop=\"thumbnailUrl\"  \/><\/div><\/div><\/div><\/div><div class=\"flex_column av_one_full  flex_column_div av-zero-column-padding first  avia-builder-el-2  el_after_av_one_full  el_before_av_one_full  column-top-margin\" style='border-radius:0px; '><section class=\"av_textblock_section \"  itemscope=\"itemscope\" itemtype=\"https:\/\/schema.org\/BlogPosting\" itemprop=\"blogPost\" ><div class='avia_textblock  '   itemprop=\"text\" ><p style=\"text-align: center;\"><strong><span style=\"font-size: 18pt;\">Proyecto de viviendas sociales del comit\u00e9 Lago Ciervo en Villa O\u2019Higgins ser\u00e1 el primero con cables soterrados a nivel nacional <\/span><\/strong><\/p>\n<div id=\"gtx-trans\" style=\"position: absolute; left: -50px; top: 4.31534px;\">\n<div class=\"gtx-trans-icon\"><\/div>\n<\/div>\n<\/div><\/section><\/div><div class=\"flex_column av_one_full  flex_column_div av-zero-column-padding first  avia-builder-el-4  el_after_av_one_full  el_before_av_hr  column-top-margin\" style='border-radius:0px; '><section class=\"av_textblock_section \"  itemscope=\"itemscope\" itemtype=\"https:\/\/schema.org\/BlogPosting\" itemprop=\"blogPost\" ><div class='avia_textblock  '   itemprop=\"text\" ><p style=\"font-weight: 400; text-align: justify;\">Han sido a\u00f1os de gestiones directamente en el nivel central, lo que han generado que las 22 viviendas del comit\u00e9 Lago Ciervo en Villa O\u2019Higgins se conviertan en un modelo a seguir en temas constructivos.<\/p>\n<p style=\"font-weight: 400; text-align: justify;\">Primero, conseguir que estas viviendas sociales logren un factor multiplicador 2.0, otorgable para localidades con problemas de conectividad como Villa O`Higgins, lo que implica que la inversi\u00f3n por una de estas casas pase de 570 unidades de fomento a 1.300 UF.<\/p>\n<p style=\"font-weight: 400; text-align: justify;\">Ahora, la buena noticia, que se conjuga con la gran calidad constructiva de estas estructuras, es que este comit\u00e9 ubicado en la austral comuna sea el primero favorecido con cables soterrados a nivel nacional.<\/p>\n<p style=\"font-weight: 400; text-align: justify;\">\u201cEstamos al final de la construcci\u00f3n de las casas del comit\u00e9 Lago Ciervo, con el programa de habitabilidad rural, con el m\u00e1ximo factor multiplicador de subsidio 2.0, logrado en el gobierno pasado y en ejecuci\u00f3n en este gobierno. Destacar que con gestiones ante el ministro Felipe Ward, logramos recursos especiales, para que este comit\u00e9 sea el primero en el pa\u00eds que lleve los cables soterrados\u201d, indic\u00f3 el alcalde Roberto Recabal.<\/p>\n<p style=\"font-weight: 400; text-align: justify;\">La esperanza, seg\u00fan palabras de la autoridad comunal, es que \u201ceste ejemplo de soterrar los cables, se empiece a aplicar a todos los comit\u00e9s de vivienda de nuestra regi\u00f3n, como igual lograr el m\u00e1ximo factor multiplicador 2.0, desde Lago Verde hasta Tortel, lo que implica la entrega de mayores recursos para mejores viviendas, petici\u00f3n que har\u00e9 llegar al se\u00f1or ministro\u201d.<\/p>\n<p style=\"font-weight: 400; text-align: justify;\"><strong>Proyecto in\u00e9dito<\/strong><\/p>\n<p style=\"font-weight: 400; text-align: justify;\">La gesti\u00f3n ante el ministerio de Vivienda y el trabajo coordinado permiti\u00f3 una inversi\u00f3n para el soterramiento de cables que alcanz\u00f3 los 3.500 U.F., unos 100 millones de pesos.<\/p>\n<p style=\"font-weight: 400; text-align: justify;\">\u201cMuy contentos como ministerio de Vivienda ante esta aprobaci\u00f3n de recursos de electrificaci\u00f3n soterrada del comit\u00e9 Lago Ciervo, 22 viviendas del subsidio rural del Minvu, donde no solo es una construcci\u00f3n de alto est\u00e1ndar, en lo t\u00e9rmico y en el espacio, ahora con este soterramiento de cables, proyecto \u00fanico y modelo a seguir para el pa\u00eds, con una coordinaci\u00f3n con el municipio que es clave para sacar adelante el proyecto\u201d, precis\u00f3 el Seremi de Vivienda Diego Silva Barrera.<\/p>\n<p style=\"font-weight: 400; text-align: justify;\">Trabajo coordinado entre el equipo municipal y el ministerio que permitir\u00e1 hacer realidad este proyecto, que ser\u00e1 ejecutado por la empresa constructora Marianela Lav\u00edn, cuya propietaria se\u00f1al\u00f3 que \u201ccuando me dijeron que me hab\u00eda adjudicado en Villa O\u2019Higgins la instalaci\u00f3n el\u00e9ctrica, la cual ser\u00eda soterrada y no a\u00e9rea como se presentaba en el proyecto inicial, no lo cre\u00eda, pero la alcald\u00eda se estaba consiguiendo los recursos para concretar los trabajos. Me siento extremadamente afortunada de haber hecho la primera poblaci\u00f3n en la regi\u00f3n, en una localidad tan extrema y peque\u00f1a, con una instalaci\u00f3n el\u00e9ctrica soterrada, esto habla de una buena gesti\u00f3n alcaldicia, muchas gracias por haber confiado en nosotros\u201d.<\/p>\n<p style=\"font-weight: 400; text-align: justify;\">Gesti\u00f3n alcaldicia que podr\u00eda marcar un camino para futuros proyectos de este tipo a nivel regional, una iniciativa distintiva que implic\u00f3 viviendas de gran confort y calidad, adem\u00e1s de un barrio con cableado soterrado, todo esto donde los beneficiados son 22 familias del comit\u00e9 Lago Ciervo de la austral Villa O\u2019Higgins.<\/p>\n<\/div><\/section><\/div><div  style='height:50px' class='hr hr-invisible   avia-builder-el-6  el_after_av_one_full  el_before_av_social_share '><span class='hr-inner ' ><span class='hr-inner-style'><\/span><\/span><\/div><\/p>\n<div  class='av-social-sharing-box  avia-builder-el-7  el_after_av_hr  el_before_av_hr  '><div class='av-share-box'><h5 class='av-share-link-description av-no-toc '>Compartir esta noticia<\/h5><ul class='av-share-box-list noLightbox'><li class='av-share-link av-social-link-facebook' ><a target=\"_blank\" aria-label=\"Compartir en Facebook\" href='https:\/\/www.facebook.com\/sharer.php?u=https:\/\/radiorevelacionfm.cl\/?p=3015&#038;t=Proyecto%20de%20viviendas%20sociales%20del%20comit%C3%A9%20Lago%20Ciervo%20en%20Villa%20O%E2%80%99Higgins%20ser%C3%A1%20el%20primero%20con%20cables%20soterrados%20a%20nivel%20nacional' aria-hidden='false' data-av_icon='\ue8f3' data-av_iconfont='entypo-fontello' title='' data-avia-related-tooltip='Compartir en Facebook' rel=\"noopener\"><span class='avia_hidden_link_text'>Compartir en Facebook<\/span><\/a><\/li><li class='av-share-link av-social-link-twitter' ><a target=\"_blank\" aria-label=\"Compartir en Twitter\" href='https:\/\/twitter.com\/share?text=Proyecto%20de%20viviendas%20sociales%20del%20comit%C3%A9%20Lago%20Ciervo%20en%20Villa%20O%E2%80%99Higgins%20ser%C3%A1%20el%20primero%20con%20cables%20soterrados%20a%20nivel%20nacional&#038;url=https:\/\/radiorevelacionfm.cl\/?p=3015' aria-hidden='false' data-av_icon='\ue8f1' data-av_iconfont='entypo-fontello' title='' data-avia-related-tooltip='Compartir en Twitter' rel=\"noopener\"><span class='avia_hidden_link_text'>Compartir en Twitter<\/span><\/a><\/li><li class='av-share-link av-social-link-whatsapp' ><a target=\"_blank\" aria-label=\"Compartir en Whatsapp\" href='https:\/\/api.whatsapp.com\/send?text=https:\/\/radiorevelacionfm.cl\/?p=3015' aria-hidden='false' data-av_icon='\uf232' data-av_iconfont='entypo-fontello' title='' data-avia-related-tooltip='Compartir en Whatsapp' rel=\"noopener\"><span class='avia_hidden_link_text'>Compartir en Whatsapp<\/span><\/a><\/li><li class='av-share-link av-social-link-linkedin' ><a target=\"_blank\" aria-label=\"Compartir en LinkedIn\" href='https:\/\/linkedin.com\/shareArticle?mini=true&#038;title=Proyecto%20de%20viviendas%20sociales%20del%20comit%C3%A9%20Lago%20Ciervo%20en%20Villa%20O%E2%80%99Higgins%20ser%C3%A1%20el%20primero%20con%20cables%20soterrados%20a%20nivel%20nacional&#038;url=https:\/\/radiorevelacionfm.cl\/?p=3015' aria-hidden='false' data-av_icon='\ue8fc' data-av_iconfont='entypo-fontello' title='' data-avia-related-tooltip='Compartir en LinkedIn' rel=\"noopener\"><span class='avia_hidden_link_text'>Compartir en LinkedIn<\/span><\/a><\/li><li class='av-share-link av-social-link-mail' ><a  aria-label=\"Compartir por correo\" href='mailto:?subject=Proyecto%20de%20viviendas%20sociales%20del%20comit%C3%A9%20Lago%20Ciervo%20en%20Villa%20O%E2%80%99Higgins%20ser%C3%A1%20el%20primero%20con%20cables%20soterrados%20a%20nivel%20nacional&#038;body=https:\/\/radiorevelacionfm.cl\/?p=3015' aria-hidden='false' data-av_icon='\ue805' data-av_iconfont='entypo-fontello' title='' data-avia-related-tooltip='Compartir por correo'><span class='avia_hidden_link_text'>Compartir por correo<\/span><\/a><\/li><\/ul><\/div><\/div>\n<div  style='height:50px' class='hr hr-invisible   avia-builder-el-8  el_after_av_social_share  el_before_av_comments_list '><span class='hr-inner ' ><span class='hr-inner-style'><\/span><\/span><\/div>\n<div  class='av-buildercomment  av-blog-meta-html-info-disabled av-blog-meta-tag-disabled  '><\/div>\n","protected":false},"excerpt":{"rendered":"","protected":false},"author":1,"featured_media":0,"comment_status":"open","ping_status":"open","sticky":false,"template":"","format":"standard","meta":{"footnotes":""},"categories":[57],"tags":[],"class_list":["post-3015","post","type-post","status-publish","format-standard","hentry","category-vivienda"],"jetpack_featured_media_url":"","_links":{"self":[{"href":"https:\/\/radiorevelacionfm.cl\/index.php?rest_route=\/wp\/v2\/posts\/3015","targetHints":{"allow":["GET"]}}],"collection":[{"href":"https:\/\/radiorevelacionfm.cl\/index.php?rest_route=\/wp\/v2\/posts"}],"about":[{"href":"https:\/\/radiorevelacionfm.cl\/index.php?rest_route=\/wp\/v2\/types\/post"}],"author":[{"embeddable":true,"href":"https:\/\/radiorevelacionfm.cl\/index.php?rest_route=\/wp\/v2\/users\/1"}],"replies":[{"embeddable":true,"href":"https:\/\/radiorevelacionfm.cl\/index.php?rest_route=%2Fwp%2Fv2%2Fcomments&post=3015"}],"version-history":[{"count":1,"href":"https:\/\/radiorevelacionfm.cl\/index.php?rest_route=\/wp\/v2\/posts\/3015\/revisions"}],"predecessor-version":[{"id":3017,"href":"https:\/\/radiorevelacionfm.cl\/index.php?rest_route=\/wp\/v2\/posts\/3015\/revisions\/3017"}],"wp:attachment":[{"href":"https:\/\/radiorevelacionfm.cl\/index.php?rest_route=%2Fwp%2Fv2%2Fmedia&parent=3015"}],"wp:term":[{"taxonomy":"category","embeddable":true,"href":"https:\/\/radiorevelacionfm.cl\/index.php?rest_route=%2Fwp%2Fv2%2Fcategories&post=3015"},{"taxonomy":"post_tag","embeddable":true,"href":"https:\/\/radiorevelacionfm.cl\/index.php?rest_route=%2Fwp%2Fv2%2Ftags&post=3015"}],"curies":[{"name":"wp","href":"https:\/\/api.w.org\/{rel}","templated":true}]}}