{"id":30149,"date":"2023-04-17T20:10:56","date_gmt":"2023-04-17T23:10:56","guid":{"rendered":"https:\/\/radiorevelacionfm.cl\/?p=30149"},"modified":"2023-04-17T20:10:56","modified_gmt":"2023-04-17T23:10:56","slug":"despues-de-20-anos-el-minvu-volvio-a-entregar-subsidios-para-la-casa-propia-en-puerto-chacabuco","status":"publish","type":"post","link":"https:\/\/radiorevelacionfm.cl\/?p=30149","title":{"rendered":"Despu\u00e9s de 20 a\u00f1os el Minvu volvi\u00f3 a entregar subsidios para la casa propia en Puerto Chacabuco"},"content":{"rendered":"<div class=\"flex_column av_one_full  flex_column_div av-zero-column-padding first  avia-builder-el-0  el_before_av_one_full  avia-builder-el-first  \" style='border-radius:0px; '><div  class='avia-image-container  av-styling-    avia-builder-el-1  avia-builder-el-no-sibling  avia-align-center '  itemprop=\"image\" itemscope=\"itemscope\" itemtype=\"https:\/\/schema.org\/ImageObject\"  ><div class='avia-image-container-inner'><div class='avia-image-overlay-wrap'><img decoding=\"async\" class='wp-image-30150 avia-img-lazy-loading-not-30150 avia_image' src=\"https:\/\/radiorevelacionfm.cl\/wp-content\/uploads\/2023\/04\/Subsidios-Chacabuco-Seremi-de-Vivienda-y-grupo-1-1.jpg\" alt='' title='Subsidios Chacabuco - Seremi de Vivienda y grupo (1) (1)' height=\"600\" width=\"800\"  itemprop=\"thumbnailUrl\" srcset=\"https:\/\/radiorevelacionfm.cl\/wp-content\/uploads\/2023\/04\/Subsidios-Chacabuco-Seremi-de-Vivienda-y-grupo-1-1.jpg 800w, https:\/\/radiorevelacionfm.cl\/wp-content\/uploads\/2023\/04\/Subsidios-Chacabuco-Seremi-de-Vivienda-y-grupo-1-1-300x225.jpg 300w, https:\/\/radiorevelacionfm.cl\/wp-content\/uploads\/2023\/04\/Subsidios-Chacabuco-Seremi-de-Vivienda-y-grupo-1-1-768x576.jpg 768w, https:\/\/radiorevelacionfm.cl\/wp-content\/uploads\/2023\/04\/Subsidios-Chacabuco-Seremi-de-Vivienda-y-grupo-1-1-705x529.jpg 705w, https:\/\/radiorevelacionfm.cl\/wp-content\/uploads\/2023\/04\/Subsidios-Chacabuco-Seremi-de-Vivienda-y-grupo-1-1-450x338.jpg 450w, https:\/\/radiorevelacionfm.cl\/wp-content\/uploads\/2023\/04\/Subsidios-Chacabuco-Seremi-de-Vivienda-y-grupo-1-1-600x450.jpg 600w\" sizes=\"(max-width: 800px) 100vw, 800px\" \/><\/div><\/div><\/div><\/div><div class=\"flex_column av_one_full  flex_column_div av-zero-column-padding first  avia-builder-el-2  el_after_av_one_full  el_before_av_one_full  column-top-margin\" style='border-radius:0px; '><section class=\"av_textblock_section \"  itemscope=\"itemscope\" itemtype=\"https:\/\/schema.org\/BlogPosting\" itemprop=\"blogPost\" ><div class='avia_textblock  '   itemprop=\"text\" ><p style=\"text-align: center;\"><strong><span style=\"font-size: 18pt;\">Despu\u00e9s de 20 a\u00f1os el Minvu volvi\u00f3 a entregar subsidios para la casa propia en Puerto Chacabuco<\/span><\/strong><\/p>\n<div id=\"gtx-trans\" style=\"position: absolute; left: -50px; top: 4.31534px;\">\n<div class=\"gtx-trans-icon\"><\/div>\n<\/div>\n<\/div><\/section><\/div><div class=\"flex_column av_one_full  flex_column_div av-zero-column-padding first  avia-builder-el-4  el_after_av_one_full  el_before_av_hr  column-top-margin\" style='border-radius:0px; '><section class=\"av_textblock_section \"  itemscope=\"itemscope\" itemtype=\"https:\/\/schema.org\/BlogPosting\" itemprop=\"blogPost\" ><div class='avia_textblock  '   itemprop=\"text\" ><p style=\"text-align: justify;\">Despu\u00e9s de doce a\u00f1os de incansable trabajo y espera, este fin de semana los 58 integrantes del comit\u00e9 \u201cPatagonia Alegre\u201d de Puerto Chacabuco vivieron un hist\u00f3rico momento al recibir los certificados de subsidio que los dejan a pocos pasos de iniciar la anhelada construcci\u00f3n de su futuro conjunto habitacional.<\/p>\n<p style=\"text-align: justify;\">Se trata de un comit\u00e9 que en todos estos a\u00f1os debi\u00f3 afrontar variadas dificultades, como la falta de terrenos aptos para la construcci\u00f3n o la necesidad de recursos complementarios para concretar el proyecto, objetivo que se logr\u00f3 con \u00e9xito tras numerosas gestiones de las autoridades sectoriales de la regi\u00f3n, que en febrero de este a\u00f1o recibieron la confirmaci\u00f3n del Minvu central de que estaban asignados los recursos para financiar la totalidad del proyecto, alcanzando un monto que supera los 5 mil 300 millones de pesos.<\/p>\n<p style=\"text-align: justify;\">Por eso, tras el saludo del alcalde de la comuna, Julio Uribe, fue la Seremi de Vivienda y Urbanismo, quien calific\u00f3 la entrega de certificados como un hito de gran relevancia para la vida y el futuro de las familias. \u201cEmocionada, porque ha sido un arduo trabajo el que hemos hecho con este comit\u00e9. Cuando me junt\u00e9 con ellos hace un a\u00f1o hab\u00eda mucha desilusi\u00f3n, cre\u00edan que no \u00edbamos a poder cumplir con este objetivo de garantizarles su derecho a la vivienda digna y hoy, gracias a una tremenda gesti\u00f3n que se ha hecho desde el Ministerio de Vivienda y Urbanismo, pero tambi\u00e9n de otras autoridades como la senadora Ximena \u00d3rdenes, podemos decir que ya contamos con los recursos para que las familias puedan tener sus viviendas. Hoy esto se concreta con la entrega de certificados, que adem\u00e1s es el paso inicial para una hermosa vida que espero que tengan las 58 familias\u201d, indic\u00f3.<\/p>\n<p style=\"text-align: justify;\">Por su parte el Presidente del comit\u00e9 Patagonia Alegre, Sigifredo S\u00e1nchez, se mostr\u00f3 emocionado y agradecido al ver que ya est\u00e1n a pocos pasos de abrir la puerta que los lleva hasta su casa propia. \u201cFeliz, muy feliz, hoy fue un d\u00eda de emociones para todo el comit\u00e9 y para todas las familias. Uno como presidente conoce la realidad de cada uno de sus socios as\u00ed que feliz por ellos. Fueron a\u00f1os con altos y bajos, pero no bajamos los brazos y la gente tampoco, as\u00ed que felices. Son muchos actores que participaron de parte del Gobierno, la senadora \u00d3rdenes fue muy importante en la tramitaci\u00f3n que hab\u00eda que hacer en Santiago ante el mont\u00f3n de problemas que ten\u00edamos con el terreno; la Seremi que siendo tan joven asumi\u00f3 hace solo un a\u00f1o un compromiso con nosotros, as\u00ed que se reconoce el esfuerzo que hizo en conseguir los fondos y as\u00ed se dio el momento para que todos nos pudieran apoyar, de manera que ya la pr\u00f3xima semana estar\u00eda el permiso de edificaci\u00f3n para comenzar las obras\u201d, afirm\u00f3.<\/p>\n<p style=\"text-align: justify;\">El Delegado Presidencial Regional, Rodrigo Araya, valor\u00f3 la oportunidad de compartir con las familias un momento tan significativo, que sin duda es el producto de un esfuerzo conjunto que hoy rinde sus frutos. \u201cDestacar el trabajo que efectu\u00f3 nuestra Seremi de Vivienda para lograr este objetivo que es tremendamente relevante, ya que cumpli\u00f3 con el mandato de nuestro Presidente Gabriel Boric de avanzar en la vivienda digna para los habitantes de nuestro pa\u00eds. Hay un Plan de Emergencia Habitacional que nuestro Gobierno est\u00e1 impulsando y gracias al esfuerzo de los funcionarios de nuestra Seremi de Vivienda y Serviu es que se lograron los recursos para avanzar hacia la construcci\u00f3n, lo que demand\u00f3 recursos adicionales porque el terreno amerita una infraestructura totalmente diferente a lo que puede cubrir con el subsidio habitual, por lo tanto, vivimos en carne propia la alegr\u00eda de la gente al recibir su certificado de subsidio\u201d, manifest\u00f3<\/p>\n<p style=\"text-align: justify;\">Finalmente, la Senador Ximena \u00d3rdenes destac\u00f3 tambi\u00e9n este gran paso en la vida de las familias, sobre todo en una localidad importante, como Puerto Chacabuco, donde esta necesidad se hac\u00eda evidente. \u201cHace mucho tiempo, varios a\u00f1os ya, que conocemos el trabajo que realiz\u00f3 el presidente de comit\u00e9 Patagonia Alegre y estuvimos colaborando tambi\u00e9n porque creo que es tarea de todos sacar adelante proyectos tan importantes como una vivienda para las familias y especialmente en Chacabuco, donde no se ha construido desde hace mucho tiempo. As\u00ed que quiero reconocer el trabajo que han hecho el Ministerio de Vivienda, el dirigente, y la misma gente que va a contar con su conjunto habitacional, por lo tanto, lo que ha ocurrido hoy es un hito sin duda de gran relevancia, una certeza de que pronto se va a iniciar la construcci\u00f3n de las casas que al final del d\u00eda es el desaf\u00edo que tenemos todos y todas\u201d, concluy\u00f3.<\/p>\n<p style=\"text-align: justify;\">A la ceremonia asistieron autoridades regionales y locales, adem\u00e1s de la Entidad Patrocinante Ergo, quienes compartieron con las familias en un ambiente de gran alegr\u00eda, amenizado adem\u00e1s con una gran presentaci\u00f3n de la Banda Instrumental de la Prefectura de Carabineros N\u00b0 27 Ays\u00e9n.<\/p>\n<\/div><\/section><\/div><div  style='height:50px' class='hr hr-invisible   avia-builder-el-6  el_after_av_one_full  el_before_av_social_share '><span class='hr-inner ' ><span class='hr-inner-style'><\/span><\/span><\/div><\/p>\n<div  class='av-social-sharing-box  avia-builder-el-7  el_after_av_hr  el_before_av_hr  '><div class='av-share-box'><h5 class='av-share-link-description av-no-toc '>Compartir esta noticia<\/h5><ul class='av-share-box-list noLightbox'><li class='av-share-link av-social-link-facebook' ><a target=\"_blank\" aria-label=\"Compartir en Facebook\" href='https:\/\/www.facebook.com\/sharer.php?u=https:\/\/radiorevelacionfm.cl\/?p=30149&#038;t=Despu%C3%A9s%20de%2020%20a%C3%B1os%20el%20Minvu%20volvi%C3%B3%20a%20entregar%20subsidios%20para%20la%20casa%20propia%20en%20Puerto%20Chacabuco' aria-hidden='false' data-av_icon='\ue8f3' data-av_iconfont='entypo-fontello' title='' data-avia-related-tooltip='Compartir en Facebook' rel=\"noopener\"><span class='avia_hidden_link_text'>Compartir en Facebook<\/span><\/a><\/li><li class='av-share-link av-social-link-twitter' ><a target=\"_blank\" aria-label=\"Compartir en Twitter\" href='https:\/\/twitter.com\/share?text=Despu%C3%A9s%20de%2020%20a%C3%B1os%20el%20Minvu%20volvi%C3%B3%20a%20entregar%20subsidios%20para%20la%20casa%20propia%20en%20Puerto%20Chacabuco&#038;url=https:\/\/radiorevelacionfm.cl\/?p=30149' aria-hidden='false' data-av_icon='\ue8f1' data-av_iconfont='entypo-fontello' title='' data-avia-related-tooltip='Compartir en Twitter' rel=\"noopener\"><span class='avia_hidden_link_text'>Compartir en Twitter<\/span><\/a><\/li><li class='av-share-link av-social-link-whatsapp' ><a target=\"_blank\" aria-label=\"Compartir en Whatsapp\" href='https:\/\/api.whatsapp.com\/send?text=https:\/\/radiorevelacionfm.cl\/?p=30149' aria-hidden='false' data-av_icon='\uf232' data-av_iconfont='entypo-fontello' title='' data-avia-related-tooltip='Compartir en Whatsapp' rel=\"noopener\"><span class='avia_hidden_link_text'>Compartir en Whatsapp<\/span><\/a><\/li><li class='av-share-link av-social-link-linkedin' ><a target=\"_blank\" aria-label=\"Compartir en LinkedIn\" href='https:\/\/linkedin.com\/shareArticle?mini=true&#038;title=Despu%C3%A9s%20de%2020%20a%C3%B1os%20el%20Minvu%20volvi%C3%B3%20a%20entregar%20subsidios%20para%20la%20casa%20propia%20en%20Puerto%20Chacabuco&#038;url=https:\/\/radiorevelacionfm.cl\/?p=30149' aria-hidden='false' data-av_icon='\ue8fc' data-av_iconfont='entypo-fontello' title='' data-avia-related-tooltip='Compartir en LinkedIn' rel=\"noopener\"><span class='avia_hidden_link_text'>Compartir en LinkedIn<\/span><\/a><\/li><li class='av-share-link av-social-link-mail' ><a  aria-label=\"Compartir por correo\" href='mailto:?subject=Despu%C3%A9s%20de%2020%20a%C3%B1os%20el%20Minvu%20volvi%C3%B3%20a%20entregar%20subsidios%20para%20la%20casa%20propia%20en%20Puerto%20Chacabuco&#038;body=https:\/\/radiorevelacionfm.cl\/?p=30149' aria-hidden='false' data-av_icon='\ue805' data-av_iconfont='entypo-fontello' title='' data-avia-related-tooltip='Compartir por correo'><span class='avia_hidden_link_text'>Compartir por correo<\/span><\/a><\/li><\/ul><\/div><\/div>\n<div  style='height:50px' class='hr hr-invisible   avia-builder-el-8  el_after_av_social_share  el_before_av_comments_list '><span class='hr-inner ' ><span class='hr-inner-style'><\/span><\/span><\/div>\n<div  class='av-buildercomment  av-blog-meta-html-info-disabled av-blog-meta-tag-disabled  '><\/div>\n","protected":false},"excerpt":{"rendered":"","protected":false},"author":1,"featured_media":30150,"comment_status":"open","ping_status":"open","sticky":false,"template":"","format":"standard","meta":{"footnotes":""},"categories":[57],"tags":[],"class_list":["post-30149","post","type-post","status-publish","format-standard","has-post-thumbnail","hentry","category-vivienda"],"jetpack_featured_media_url":"https:\/\/radiorevelacionfm.cl\/wp-content\/uploads\/2023\/04\/Subsidios-Chacabuco-Seremi-de-Vivienda-y-grupo-1-1.jpg","_links":{"self":[{"href":"https:\/\/radiorevelacionfm.cl\/index.php?rest_route=\/wp\/v2\/posts\/30149","targetHints":{"allow":["GET"]}}],"collection":[{"href":"https:\/\/radiorevelacionfm.cl\/index.php?rest_route=\/wp\/v2\/posts"}],"about":[{"href":"https:\/\/radiorevelacionfm.cl\/index.php?rest_route=\/wp\/v2\/types\/post"}],"author":[{"embeddable":true,"href":"https:\/\/radiorevelacionfm.cl\/index.php?rest_route=\/wp\/v2\/users\/1"}],"replies":[{"embeddable":true,"href":"https:\/\/radiorevelacionfm.cl\/index.php?rest_route=%2Fwp%2Fv2%2Fcomments&post=30149"}],"version-history":[{"count":1,"href":"https:\/\/radiorevelacionfm.cl\/index.php?rest_route=\/wp\/v2\/posts\/30149\/revisions"}],"predecessor-version":[{"id":30151,"href":"https:\/\/radiorevelacionfm.cl\/index.php?rest_route=\/wp\/v2\/posts\/30149\/revisions\/30151"}],"wp:featuredmedia":[{"embeddable":true,"href":"https:\/\/radiorevelacionfm.cl\/index.php?rest_route=\/wp\/v2\/media\/30150"}],"wp:attachment":[{"href":"https:\/\/radiorevelacionfm.cl\/index.php?rest_route=%2Fwp%2Fv2%2Fmedia&parent=30149"}],"wp:term":[{"taxonomy":"category","embeddable":true,"href":"https:\/\/radiorevelacionfm.cl\/index.php?rest_route=%2Fwp%2Fv2%2Fcategories&post=30149"},{"taxonomy":"post_tag","embeddable":true,"href":"https:\/\/radiorevelacionfm.cl\/index.php?rest_route=%2Fwp%2Fv2%2Ftags&post=30149"}],"curies":[{"name":"wp","href":"https:\/\/api.w.org\/{rel}","templated":true}]}}