{"id":30145,"date":"2023-04-18T11:01:18","date_gmt":"2023-04-18T14:01:18","guid":{"rendered":"https:\/\/radiorevelacionfm.cl\/?p=30145"},"modified":"2023-04-18T11:01:18","modified_gmt":"2023-04-18T14:01:18","slug":"gobierno-coordina-tareas-con-miras-a-las-elecciones-del-7-de-mayo","status":"publish","type":"post","link":"https:\/\/radiorevelacionfm.cl\/?p=30145","title":{"rendered":"Gobierno coordina tareas con miras a las elecciones del 7 de mayo"},"content":{"rendered":"<div class=\"flex_column av_one_full  flex_column_div av-zero-column-padding first  avia-builder-el-0  el_before_av_one_full  avia-builder-el-first  \" style='border-radius:0px; '><div  class='avia-image-container  av-styling-    avia-builder-el-1  avia-builder-el-no-sibling  avia-align-center '  itemprop=\"image\" itemscope=\"itemscope\" itemtype=\"https:\/\/schema.org\/ImageObject\"  ><div class='avia-image-container-inner'><div class='avia-image-overlay-wrap'><img decoding=\"async\" class='wp-image-30146 avia-img-lazy-loading-not-30146 avia_image' src=\"https:\/\/radiorevelacionfm.cl\/wp-content\/uploads\/2023\/04\/4-M-1-1.jpg\" alt='' title='4 M (1) (1)' height=\"600\" width=\"824\"  itemprop=\"thumbnailUrl\" srcset=\"https:\/\/radiorevelacionfm.cl\/wp-content\/uploads\/2023\/04\/4-M-1-1.jpg 824w, https:\/\/radiorevelacionfm.cl\/wp-content\/uploads\/2023\/04\/4-M-1-1-300x218.jpg 300w, https:\/\/radiorevelacionfm.cl\/wp-content\/uploads\/2023\/04\/4-M-1-1-768x559.jpg 768w, https:\/\/radiorevelacionfm.cl\/wp-content\/uploads\/2023\/04\/4-M-1-1-705x513.jpg 705w, https:\/\/radiorevelacionfm.cl\/wp-content\/uploads\/2023\/04\/4-M-1-1-450x328.jpg 450w, https:\/\/radiorevelacionfm.cl\/wp-content\/uploads\/2023\/04\/4-M-1-1-600x437.jpg 600w\" sizes=\"(max-width: 824px) 100vw, 824px\" \/><\/div><\/div><\/div><\/div><div class=\"flex_column av_one_full  flex_column_div av-zero-column-padding first  avia-builder-el-2  el_after_av_one_full  el_before_av_one_full  column-top-margin\" style='border-radius:0px; '><section class=\"av_textblock_section \"  itemscope=\"itemscope\" itemtype=\"https:\/\/schema.org\/BlogPosting\" itemprop=\"blogPost\" ><div class='avia_textblock  '   itemprop=\"text\" ><p style=\"text-align: center;\"><strong><span style=\"font-size: 18pt;\">Gobierno coordina tareas con miras a las elecciones del 7 de mayo<\/span><\/strong><\/p>\n<div id=\"gtx-trans\" style=\"position: absolute; left: -50px; top: 4.31534px;\">\n<div class=\"gtx-trans-icon\"><\/div>\n<\/div>\n<\/div><\/section><\/div><div class=\"flex_column av_one_full  flex_column_div av-zero-column-padding first  avia-builder-el-4  el_after_av_one_full  el_before_av_hr  column-top-margin\" style='border-radius:0px; '><section class=\"av_textblock_section \"  itemscope=\"itemscope\" itemtype=\"https:\/\/schema.org\/BlogPosting\" itemprop=\"blogPost\" ><div class='avia_textblock  '   itemprop=\"text\" ><p style=\"font-weight: 400; text-align: justify;\">Diversas instituciones p\u00fablicas se encuentran trabajando para que los m\u00e1s de 97 mil electores de la regi\u00f3n de Ays\u00e9n, puedan ejercer su derecho a sufragio el domingo 7 de mayo. Los organismos relacionados con esta labor fueron convocados por el delegado presidencial regional, Rodrigo Araya, para revisar el estado de avance de este proceso y mantener la coordinaci\u00f3n de las tareas que cada uno debe cumplir.<\/p>\n<p style=\"font-weight: 400; text-align: justify;\">A la cita concurri\u00f3 el Servel (Servicio Electoral), as\u00ed como la Seremi de Transportes, el Ej\u00e9rcito, Carabineros, la Municipalidad de Coyhaique, la Polic\u00eda de Investigaciones y la Seremi de Justicia.<\/p>\n<p style=\"font-weight: 400; text-align: justify;\">\u201cTodos los organismos y mecanismos que tienen que ver con las pr\u00f3ximas elecciones ya se est\u00e1n desarrollando, para garantizar que el proceso se realice de la manera correcta, como ha sido la historia de nuestro pa\u00eds y como ha funcionado nuestro servicio electoral en los \u00faltimos en los \u00faltimos a\u00f1os\u201d, indic\u00f3 Rodrigo Araya.<\/p>\n<p style=\"font-weight: 400; text-align: justify;\">El delegado formul\u00f3 un llamado a la comunidad a revisar el registro electoral con el objetivo de conocer su situaci\u00f3n, especialmente frente a la posibilidad de haber sido nominados como vocales de mesa. \u201cInvitamos a revisar ese listado y reitero que estamos trabajando para que este proceso se realice de la mejor forma posible. Y recuerden que el voto es obligatorio este 7 de mayo para elegir a las personas que van a trabajar en la nueva constituci\u00f3n de nuestro pa\u00eds\u201d, afirm\u00f3.<\/p>\n<p style=\"font-weight: 400; text-align: justify;\">Por su parte, el Servicio Electoral inform\u00f3 que en el territorio regional funcionar\u00e1n 40 locales de votaci\u00f3n, los que reunir\u00e1n 264 mesas receptoras de sufragios. El director regional del organismo, N\u00e9stor Sep\u00falveda, recomend\u00f3 informarse sobre el local de votaci\u00f3n que corresponde a cada elector. \u201cSe est\u00e1 utilizando un sistema de georreferenciaci\u00f3n y por lo mismo transmitimos esta preocupaci\u00f3n al electorado a consultar estos datos y no trasladarse en forma autom\u00e1tica a donde generalmente emit\u00eda su sufragio\u201d, afirm\u00f3.<\/p>\n<p style=\"font-weight: 400; text-align: justify;\">Asimismo, el Ej\u00e9rcito, a trav\u00e9s del comandante en jefe de la IV Divisi\u00f3n, general Mario Sep\u00falveda, mencion\u00f3 que se encuentra en etapa de preparaci\u00f3n de su personal y medios log\u00edsticos para estar presentes en todas las localidades el domingo 7 de mayo. \u201cContamos con una dotaci\u00f3n que nos va a permitir cubrir los locales, especialmente en las localidades m\u00e1s alejadas. Estamos en condiciones de apoyar este proceso democr\u00e1tico que debe desarrollarse con tranquilidad y armon\u00eda\u201d, indic\u00f3 el general.<\/p>\n<p style=\"font-weight: 400; text-align: justify;\">El teniente coronel Jean Paul Aravena, subprefecto (S.) de Carabineros, asegur\u00f3 que el despliegue de la instituci\u00f3n abarcar\u00e1 toda la regi\u00f3n, \u201csobre todo para recibir las excusas de las personas que no puedan concurrir a ejercer su derecho a voto y vamos a reforzar los servicios en base a la experiencia del a\u00f1o pasado, donde casi 6000 personas se excusaron\u201d, indic\u00f3, agregando que este tr\u00e1mite podr\u00e1 realizarse en todos los destacamentos y cuarteles de Carabineros, desde las 00:00 horas y hasta las 24:00 horas del d\u00eda de las elecciones.<\/p>\n<p style=\"font-weight: 400; text-align: justify;\">Con el objetivo de facilitar a la comunidad los traslados hacia y desde sus lugares de votaci\u00f3n, la Seremi de Transportes dispondr\u00e1 de 134 servicios terrestres, mar\u00edtimos, lacustres y fluviales, seg\u00fan adelant\u00f3 la titular de la cartera, Claudia Cantero. \u201cVamos a estar publicando los servicios que dispondremos ese d\u00eda, a trav\u00e9s de nuestras cuentas de redes sociales en Twitter y Facebook y tambi\u00e9n pueden solicitarse a nuestro correo electr\u00f3nico\u00a0<a href=\"mailto:partesaysen@mtt.gob.cl\">partesaysen@mtt.gob.cl<\/a>\u201d, indic\u00f3.<\/p>\n<p style=\"font-weight: 400; text-align: justify;\">Finalmente, las autoridades regionales reiteraron que la publicaci\u00f3n de la n\u00f3mina de vocales de mesa, ser\u00e1 complementada con informaciones relevantes que deben ser revisadas por la ciudadan\u00eda en el sitio Web\u00a0<a href=\"http:\/\/www.servel.cl\/\" data-saferedirecturl=\"https:\/\/www.google.com\/url?q=http:\/\/www.servel.cl&amp;source=gmail&amp;ust=1681846994446000&amp;usg=AOvVaw0dgPqKlqecx9evm77HFJWM\">www.servel.cl<\/a>\u00a0y en las plataformas de redes sociales de esta instituci\u00f3n.<\/p>\n<\/div><\/section><\/div><div  style='height:50px' class='hr hr-invisible   avia-builder-el-6  el_after_av_one_full  el_before_av_social_share '><span class='hr-inner ' ><span class='hr-inner-style'><\/span><\/span><\/div><\/p>\n<div  class='av-social-sharing-box  avia-builder-el-7  el_after_av_hr  el_before_av_hr  '><div class='av-share-box'><h5 class='av-share-link-description av-no-toc '>Compartir esta noticia<\/h5><ul class='av-share-box-list noLightbox'><li class='av-share-link av-social-link-facebook' ><a target=\"_blank\" aria-label=\"Compartir en Facebook\" href='https:\/\/www.facebook.com\/sharer.php?u=https:\/\/radiorevelacionfm.cl\/?p=30145&#038;t=Gobierno%20coordina%20tareas%20con%20miras%20a%20las%20elecciones%20del%207%20de%20mayo' aria-hidden='false' data-av_icon='\ue8f3' data-av_iconfont='entypo-fontello' title='' data-avia-related-tooltip='Compartir en Facebook' rel=\"noopener\"><span class='avia_hidden_link_text'>Compartir en Facebook<\/span><\/a><\/li><li class='av-share-link av-social-link-twitter' ><a target=\"_blank\" aria-label=\"Compartir en Twitter\" href='https:\/\/twitter.com\/share?text=Gobierno%20coordina%20tareas%20con%20miras%20a%20las%20elecciones%20del%207%20de%20mayo&#038;url=https:\/\/radiorevelacionfm.cl\/?p=30145' aria-hidden='false' data-av_icon='\ue8f1' data-av_iconfont='entypo-fontello' title='' data-avia-related-tooltip='Compartir en Twitter' rel=\"noopener\"><span class='avia_hidden_link_text'>Compartir en Twitter<\/span><\/a><\/li><li class='av-share-link av-social-link-whatsapp' ><a target=\"_blank\" aria-label=\"Compartir en Whatsapp\" href='https:\/\/api.whatsapp.com\/send?text=https:\/\/radiorevelacionfm.cl\/?p=30145' aria-hidden='false' data-av_icon='\uf232' data-av_iconfont='entypo-fontello' title='' data-avia-related-tooltip='Compartir en Whatsapp' rel=\"noopener\"><span class='avia_hidden_link_text'>Compartir en Whatsapp<\/span><\/a><\/li><li class='av-share-link av-social-link-linkedin' ><a target=\"_blank\" aria-label=\"Compartir en LinkedIn\" href='https:\/\/linkedin.com\/shareArticle?mini=true&#038;title=Gobierno%20coordina%20tareas%20con%20miras%20a%20las%20elecciones%20del%207%20de%20mayo&#038;url=https:\/\/radiorevelacionfm.cl\/?p=30145' aria-hidden='false' data-av_icon='\ue8fc' data-av_iconfont='entypo-fontello' title='' data-avia-related-tooltip='Compartir en LinkedIn' rel=\"noopener\"><span class='avia_hidden_link_text'>Compartir en LinkedIn<\/span><\/a><\/li><li class='av-share-link av-social-link-mail' ><a  aria-label=\"Compartir por correo\" href='mailto:?subject=Gobierno%20coordina%20tareas%20con%20miras%20a%20las%20elecciones%20del%207%20de%20mayo&#038;body=https:\/\/radiorevelacionfm.cl\/?p=30145' aria-hidden='false' data-av_icon='\ue805' data-av_iconfont='entypo-fontello' title='' data-avia-related-tooltip='Compartir por correo'><span class='avia_hidden_link_text'>Compartir por correo<\/span><\/a><\/li><\/ul><\/div><\/div>\n<div  style='height:50px' class='hr hr-invisible   avia-builder-el-8  el_after_av_social_share  el_before_av_comments_list '><span class='hr-inner ' ><span class='hr-inner-style'><\/span><\/span><\/div>\n<div  class='av-buildercomment  av-blog-meta-html-info-disabled av-blog-meta-tag-disabled  '><\/div>\n","protected":false},"excerpt":{"rendered":"","protected":false},"author":1,"featured_media":30146,"comment_status":"open","ping_status":"open","sticky":false,"template":"","format":"standard","meta":{"footnotes":""},"categories":[38],"tags":[],"class_list":["post-30145","post","type-post","status-publish","format-standard","has-post-thumbnail","hentry","category-regional"],"jetpack_featured_media_url":"https:\/\/radiorevelacionfm.cl\/wp-content\/uploads\/2023\/04\/4-M-1-1.jpg","_links":{"self":[{"href":"https:\/\/radiorevelacionfm.cl\/index.php?rest_route=\/wp\/v2\/posts\/30145","targetHints":{"allow":["GET"]}}],"collection":[{"href":"https:\/\/radiorevelacionfm.cl\/index.php?rest_route=\/wp\/v2\/posts"}],"about":[{"href":"https:\/\/radiorevelacionfm.cl\/index.php?rest_route=\/wp\/v2\/types\/post"}],"author":[{"embeddable":true,"href":"https:\/\/radiorevelacionfm.cl\/index.php?rest_route=\/wp\/v2\/users\/1"}],"replies":[{"embeddable":true,"href":"https:\/\/radiorevelacionfm.cl\/index.php?rest_route=%2Fwp%2Fv2%2Fcomments&post=30145"}],"version-history":[{"count":1,"href":"https:\/\/radiorevelacionfm.cl\/index.php?rest_route=\/wp\/v2\/posts\/30145\/revisions"}],"predecessor-version":[{"id":30147,"href":"https:\/\/radiorevelacionfm.cl\/index.php?rest_route=\/wp\/v2\/posts\/30145\/revisions\/30147"}],"wp:featuredmedia":[{"embeddable":true,"href":"https:\/\/radiorevelacionfm.cl\/index.php?rest_route=\/wp\/v2\/media\/30146"}],"wp:attachment":[{"href":"https:\/\/radiorevelacionfm.cl\/index.php?rest_route=%2Fwp%2Fv2%2Fmedia&parent=30145"}],"wp:term":[{"taxonomy":"category","embeddable":true,"href":"https:\/\/radiorevelacionfm.cl\/index.php?rest_route=%2Fwp%2Fv2%2Fcategories&post=30145"},{"taxonomy":"post_tag","embeddable":true,"href":"https:\/\/radiorevelacionfm.cl\/index.php?rest_route=%2Fwp%2Fv2%2Ftags&post=30145"}],"curies":[{"name":"wp","href":"https:\/\/api.w.org\/{rel}","templated":true}]}}