{"id":30143,"date":"2023-04-17T16:56:57","date_gmt":"2023-04-17T19:56:57","guid":{"rendered":"https:\/\/radiorevelacionfm.cl\/?p=30143"},"modified":"2023-04-17T16:56:57","modified_gmt":"2023-04-17T19:56:57","slug":"corte-ordena-a-municipalidad-de-lago-verde-reintegrar-a-funcionaria-a-contrata","status":"publish","type":"post","link":"https:\/\/radiorevelacionfm.cl\/?p=30143","title":{"rendered":"Corte ordena a Municipalidad de Lago Verde reintegrar a funcionaria a contrata"},"content":{"rendered":"<div class=\"flex_column av_one_full  flex_column_div av-zero-column-padding first  avia-builder-el-0  el_before_av_one_full  avia-builder-el-first  \" style='border-radius:0px; '><div  class='avia-image-container  av-styling-    avia-builder-el-1  avia-builder-el-no-sibling  avia-align-center '  itemprop=\"image\" itemscope=\"itemscope\" itemtype=\"https:\/\/schema.org\/ImageObject\"  ><div class='avia-image-container-inner'><div class='avia-image-overlay-wrap'><img decoding=\"async\" class='wp-image-10710 avia-img-lazy-loading-not-10710 avia_image' src=\"https:\/\/radiorevelacionfm.cl\/wp-content\/uploads\/2021\/11\/municipalidad-lago-verde-2-1_optimized.jpg\" alt='' title='municipalidad-lago-verde-2-(1)_optimized' height=\"600\" width=\"800\"  itemprop=\"thumbnailUrl\" srcset=\"https:\/\/radiorevelacionfm.cl\/wp-content\/uploads\/2021\/11\/municipalidad-lago-verde-2-1_optimized.jpg 800w, https:\/\/radiorevelacionfm.cl\/wp-content\/uploads\/2021\/11\/municipalidad-lago-verde-2-1_optimized-300x225.jpg 300w, https:\/\/radiorevelacionfm.cl\/wp-content\/uploads\/2021\/11\/municipalidad-lago-verde-2-1_optimized-768x576.jpg 768w, https:\/\/radiorevelacionfm.cl\/wp-content\/uploads\/2021\/11\/municipalidad-lago-verde-2-1_optimized-705x529.jpg 705w, https:\/\/radiorevelacionfm.cl\/wp-content\/uploads\/2021\/11\/municipalidad-lago-verde-2-1_optimized-600x450.jpg 600w\" sizes=\"(max-width: 800px) 100vw, 800px\" \/><\/div><\/div><\/div><\/div><div class=\"flex_column av_one_full  flex_column_div av-zero-column-padding first  avia-builder-el-2  el_after_av_one_full  el_before_av_one_full  column-top-margin\" style='border-radius:0px; '><section class=\"av_textblock_section \"  itemscope=\"itemscope\" itemtype=\"https:\/\/schema.org\/BlogPosting\" itemprop=\"blogPost\" ><div class='avia_textblock  '   itemprop=\"text\" ><p style=\"text-align: center;\"><strong><span style=\"font-size: 18pt;\">Corte ordena a Municipalidad de Lago Verde reintegrar a funcionaria a contrata<\/span><\/strong><\/p>\n<div id=\"gtx-trans\" style=\"position: absolute; left: -50px; top: 4.31534px;\">\n<div class=\"gtx-trans-icon\"><\/div>\n<\/div>\n<\/div><\/section><\/div><div class=\"flex_column av_one_full  flex_column_div av-zero-column-padding first  avia-builder-el-4  el_after_av_one_full  el_before_av_hr  column-top-margin\" style='border-radius:0px; '><section class=\"av_textblock_section \"  itemscope=\"itemscope\" itemtype=\"https:\/\/schema.org\/BlogPosting\" itemprop=\"blogPost\" ><div class='avia_textblock  '   itemprop=\"text\" ><p class=\"v1MsoNormal\" style=\"text-align: justify;\">La Corte de Apelaciones de Coyhaique acogi\u00f3 un recurso de protecci\u00f3n y orden\u00f3 a la Municipalidad de Lago Verde dejar sin efecto la no renovaci\u00f3n de nombramiento a contrata y el reintegro en sus labores de funcionaria como delegada municipal en la localidad de Villa Amengual, labor que cumple hace m\u00e1s de cinco a\u00f1os, generando un v\u00ednculo indefinido por el tiempo transcurrido.<\/p>\n<p class=\"v1MsoNormal\" style=\"text-align: justify;\">En fallo un\u00e1nime (causa rol 2.368-2022), la Primera Sala del tribunal de alzada \u2013integrada por los ministros Jos\u00e9 Ignacio Mora Trujillo, Natalia Rencoret Oliva y la abogada (i) Paola Aguilar Gallardo- acogi\u00f3 la acci\u00f3n cautelar tras establecer el actuar arbitrario e injustificado de la recurrida.<\/p>\n<p class=\"v1MsoNormal\" style=\"text-align: justify;\">\u00ab(&#8230;) la controversia se reduce a la fundamentaci\u00f3n del acto administrativo de desvinculaci\u00f3n, dado que la recurrente sostiene que carece de una debida motivaci\u00f3n y justificaci\u00f3n, por cuanto no contiene argumento alguno que permita una debida inteligencia del proceder del Municipio; lo que hace que la decisi\u00f3n de poner t\u00e9rmino a su contrataci\u00f3n, deba necesariamente ser dejada sin efecto; alegaci\u00f3n \u00e9sta que es contradicha por la recurrida\u00bb, sostiene el fallo.<\/p>\n<p class=\"v1MsoNormal\" style=\"text-align: justify;\">La resoluci\u00f3n agrega que: \u00ab(&#8230;) efectivamente, la Excelent\u00edsima Corte Suprema, con el objeto de asentar un criterio unificador, ha establecido que, el principio de confianza leg\u00edtima opera despu\u00e9s de cinco a\u00f1os, plazo \u00e9ste que se estima prudente para que la Administraci\u00f3n eval\u00fae \u00edntegramente no s\u00f3lo el desempe\u00f1o del funcionario sino que, adem\u00e1s, estudie la necesidad de seguir contando con el cargo que sirve la persona (&#8230;)\u00bb.<\/p>\n<p class=\"v1MsoNormal\" style=\"text-align: justify;\">\u00abQue asentado el primer aspecto, tal como se consign\u00f3 en el motivo S\u00e9ptimo, es un hecho de la causa que, la recurrente prest\u00f3 servicios en la Municipalidad de Lago Verde desde el d\u00eda 01 de enero de 2018 hasta el d\u00eda 31 de diciembre de 2022, sumando un total de cinco a\u00f1os, generando una expectativa leg\u00edtima de que ser\u00e1 prorrogada o renovada, de modo que, el v\u00ednculo que surge entre las partes se torna indefinido por la confianza leg\u00edtima que surge\u00bb, a\u00f1ade.<\/p>\n<p class=\"v1MsoNormal\" style=\"text-align: justify;\">Por tanto, se resuelve que: \u00ab<b>SE ACOGE<\/b>, sin costas, el recurso de protecci\u00f3n deducido por Irma Bahamonde Cortez, en contra de la Municipalidad de Lago Verde, representada legalmente por su Alcalde, Nelson Fredy Opazo L\u00f3pez y en consecuencia, se deja sin efecto el Ordinario Administrativo N\u00b0 613 de fecha 25 de noviembre de 2022, mediante la cual la recurrida dispuso no renovar para el periodo 2023, su contrata; como asimismo se ordena el reintegro inmediato a sus funciones y el pago de las remuneraciones devengadas durante el tiempo que la recurrente ha estado separado de su cargo hasta su efectiva reincorporaci\u00f3n, debiendo la recurrida disponer la inmediata renovaci\u00f3n de sus servicios por todo el a\u00f1o 2023, conforme a derecho\u00bb.<\/p>\n<\/div><\/section><\/div><div  style='height:50px' class='hr hr-invisible   avia-builder-el-6  el_after_av_one_full  el_before_av_social_share '><span class='hr-inner ' ><span class='hr-inner-style'><\/span><\/span><\/div><\/p>\n<div  class='av-social-sharing-box  avia-builder-el-7  el_after_av_hr  el_before_av_hr  '><div class='av-share-box'><h5 class='av-share-link-description av-no-toc '>Compartir esta noticia<\/h5><ul class='av-share-box-list noLightbox'><li class='av-share-link av-social-link-facebook' ><a target=\"_blank\" aria-label=\"Compartir en Facebook\" href='https:\/\/www.facebook.com\/sharer.php?u=https:\/\/radiorevelacionfm.cl\/?p=30143&#038;t=Corte%20ordena%20a%20Municipalidad%20de%20Lago%20Verde%20reintegrar%20a%20funcionaria%20a%20contrata' aria-hidden='false' data-av_icon='\ue8f3' data-av_iconfont='entypo-fontello' title='' data-avia-related-tooltip='Compartir en Facebook' rel=\"noopener\"><span class='avia_hidden_link_text'>Compartir en Facebook<\/span><\/a><\/li><li class='av-share-link av-social-link-twitter' ><a target=\"_blank\" aria-label=\"Compartir en Twitter\" href='https:\/\/twitter.com\/share?text=Corte%20ordena%20a%20Municipalidad%20de%20Lago%20Verde%20reintegrar%20a%20funcionaria%20a%20contrata&#038;url=https:\/\/radiorevelacionfm.cl\/?p=30143' aria-hidden='false' data-av_icon='\ue8f1' data-av_iconfont='entypo-fontello' title='' data-avia-related-tooltip='Compartir en Twitter' rel=\"noopener\"><span class='avia_hidden_link_text'>Compartir en Twitter<\/span><\/a><\/li><li class='av-share-link av-social-link-whatsapp' ><a target=\"_blank\" aria-label=\"Compartir en Whatsapp\" href='https:\/\/api.whatsapp.com\/send?text=https:\/\/radiorevelacionfm.cl\/?p=30143' aria-hidden='false' data-av_icon='\uf232' data-av_iconfont='entypo-fontello' title='' data-avia-related-tooltip='Compartir en Whatsapp' rel=\"noopener\"><span class='avia_hidden_link_text'>Compartir en Whatsapp<\/span><\/a><\/li><li class='av-share-link av-social-link-linkedin' ><a target=\"_blank\" aria-label=\"Compartir en LinkedIn\" href='https:\/\/linkedin.com\/shareArticle?mini=true&#038;title=Corte%20ordena%20a%20Municipalidad%20de%20Lago%20Verde%20reintegrar%20a%20funcionaria%20a%20contrata&#038;url=https:\/\/radiorevelacionfm.cl\/?p=30143' aria-hidden='false' data-av_icon='\ue8fc' data-av_iconfont='entypo-fontello' title='' data-avia-related-tooltip='Compartir en LinkedIn' rel=\"noopener\"><span class='avia_hidden_link_text'>Compartir en LinkedIn<\/span><\/a><\/li><li class='av-share-link av-social-link-mail' ><a  aria-label=\"Compartir por correo\" href='mailto:?subject=Corte%20ordena%20a%20Municipalidad%20de%20Lago%20Verde%20reintegrar%20a%20funcionaria%20a%20contrata&#038;body=https:\/\/radiorevelacionfm.cl\/?p=30143' aria-hidden='false' data-av_icon='\ue805' data-av_iconfont='entypo-fontello' title='' data-avia-related-tooltip='Compartir por correo'><span class='avia_hidden_link_text'>Compartir por correo<\/span><\/a><\/li><\/ul><\/div><\/div>\n<div  style='height:50px' class='hr hr-invisible   avia-builder-el-8  el_after_av_social_share  el_before_av_comments_list '><span class='hr-inner ' ><span class='hr-inner-style'><\/span><\/span><\/div>\n<div  class='av-buildercomment  av-blog-meta-html-info-disabled av-blog-meta-tag-disabled  '><\/div>\n","protected":false},"excerpt":{"rendered":"","protected":false},"author":1,"featured_media":10710,"comment_status":"open","ping_status":"open","sticky":false,"template":"","format":"standard","meta":{"footnotes":""},"categories":[55],"tags":[],"class_list":["post-30143","post","type-post","status-publish","format-standard","has-post-thumbnail","hentry","category-justicia"],"jetpack_featured_media_url":"https:\/\/radiorevelacionfm.cl\/wp-content\/uploads\/2021\/11\/municipalidad-lago-verde-2-1_optimized.jpg","_links":{"self":[{"href":"https:\/\/radiorevelacionfm.cl\/index.php?rest_route=\/wp\/v2\/posts\/30143","targetHints":{"allow":["GET"]}}],"collection":[{"href":"https:\/\/radiorevelacionfm.cl\/index.php?rest_route=\/wp\/v2\/posts"}],"about":[{"href":"https:\/\/radiorevelacionfm.cl\/index.php?rest_route=\/wp\/v2\/types\/post"}],"author":[{"embeddable":true,"href":"https:\/\/radiorevelacionfm.cl\/index.php?rest_route=\/wp\/v2\/users\/1"}],"replies":[{"embeddable":true,"href":"https:\/\/radiorevelacionfm.cl\/index.php?rest_route=%2Fwp%2Fv2%2Fcomments&post=30143"}],"version-history":[{"count":1,"href":"https:\/\/radiorevelacionfm.cl\/index.php?rest_route=\/wp\/v2\/posts\/30143\/revisions"}],"predecessor-version":[{"id":30144,"href":"https:\/\/radiorevelacionfm.cl\/index.php?rest_route=\/wp\/v2\/posts\/30143\/revisions\/30144"}],"wp:featuredmedia":[{"embeddable":true,"href":"https:\/\/radiorevelacionfm.cl\/index.php?rest_route=\/wp\/v2\/media\/10710"}],"wp:attachment":[{"href":"https:\/\/radiorevelacionfm.cl\/index.php?rest_route=%2Fwp%2Fv2%2Fmedia&parent=30143"}],"wp:term":[{"taxonomy":"category","embeddable":true,"href":"https:\/\/radiorevelacionfm.cl\/index.php?rest_route=%2Fwp%2Fv2%2Fcategories&post=30143"},{"taxonomy":"post_tag","embeddable":true,"href":"https:\/\/radiorevelacionfm.cl\/index.php?rest_route=%2Fwp%2Fv2%2Ftags&post=30143"}],"curies":[{"name":"wp","href":"https:\/\/api.w.org\/{rel}","templated":true}]}}