{"id":30140,"date":"2023-04-18T11:55:48","date_gmt":"2023-04-18T14:55:48","guid":{"rendered":"https:\/\/radiorevelacionfm.cl\/?p=30140"},"modified":"2023-04-18T11:55:48","modified_gmt":"2023-04-18T14:55:48","slug":"camara-de-comercio-de-aysen-y-alcalde-se-reunen-para-generar-alianzas-en-beneficio-de-los-comerciantes","status":"publish","type":"post","link":"https:\/\/radiorevelacionfm.cl\/?p=30140","title":{"rendered":"C\u00e1mara de Comercio de Ays\u00e9n y alcalde se re\u00fanen para generar alianzas en beneficio de los comerciantes"},"content":{"rendered":"<div class=\"flex_column av_one_full  flex_column_div av-zero-column-padding first  avia-builder-el-0  el_before_av_one_full  avia-builder-el-first  \" style='border-radius:0px; '><div  class='avia-image-container  av-styling-    avia-builder-el-1  avia-builder-el-no-sibling  avia-align-center '  itemprop=\"image\" itemscope=\"itemscope\" itemtype=\"https:\/\/schema.org\/ImageObject\"  ><div class='avia-image-container-inner'><div class='avia-image-overlay-wrap'><img decoding=\"async\" class='wp-image-30141 avia-img-lazy-loading-not-30141 avia_image' src=\"https:\/\/radiorevelacionfm.cl\/wp-content\/uploads\/2023\/04\/340394687_923556188694106_4430218357438386255_n-1_optimized.jpg\" alt='' title='340394687_923556188694106_4430218357438386255_n-(1)_optimized' height=\"600\" width=\"877\"  itemprop=\"thumbnailUrl\" srcset=\"https:\/\/radiorevelacionfm.cl\/wp-content\/uploads\/2023\/04\/340394687_923556188694106_4430218357438386255_n-1_optimized.jpg 877w, https:\/\/radiorevelacionfm.cl\/wp-content\/uploads\/2023\/04\/340394687_923556188694106_4430218357438386255_n-1_optimized-300x205.jpg 300w, https:\/\/radiorevelacionfm.cl\/wp-content\/uploads\/2023\/04\/340394687_923556188694106_4430218357438386255_n-1_optimized-768x525.jpg 768w, https:\/\/radiorevelacionfm.cl\/wp-content\/uploads\/2023\/04\/340394687_923556188694106_4430218357438386255_n-1_optimized-705x482.jpg 705w, https:\/\/radiorevelacionfm.cl\/wp-content\/uploads\/2023\/04\/340394687_923556188694106_4430218357438386255_n-1_optimized-450x308.jpg 450w, https:\/\/radiorevelacionfm.cl\/wp-content\/uploads\/2023\/04\/340394687_923556188694106_4430218357438386255_n-1_optimized-600x410.jpg 600w\" sizes=\"(max-width: 877px) 100vw, 877px\" \/><\/div><\/div><\/div><\/div><div class=\"flex_column av_one_full  flex_column_div av-zero-column-padding first  avia-builder-el-2  el_after_av_one_full  el_before_av_one_full  column-top-margin\" style='border-radius:0px; '><section class=\"av_textblock_section \"  itemscope=\"itemscope\" itemtype=\"https:\/\/schema.org\/BlogPosting\" itemprop=\"blogPost\" ><div class='avia_textblock  '   itemprop=\"text\" ><p style=\"text-align: center;\"><strong><span style=\"font-size: 18pt;\">C\u00e1mara de Comercio de Ays\u00e9n y alcalde se re\u00fanen para generar alianzas en beneficio de los comerciantes<\/span><\/strong><\/p>\n<div id=\"gtx-trans\" style=\"position: absolute; left: -50px; top: 4.31534px;\">\n<div class=\"gtx-trans-icon\"><\/div>\n<\/div>\n<\/div><\/section><\/div><div class=\"flex_column av_one_full  flex_column_div av-zero-column-padding first  avia-builder-el-4  el_after_av_one_full  el_before_av_hr  column-top-margin\" style='border-radius:0px; '><section class=\"av_textblock_section \"  itemscope=\"itemscope\" itemtype=\"https:\/\/schema.org\/BlogPosting\" itemprop=\"blogPost\" ><div class='avia_textblock  '   itemprop=\"text\" ><p style=\"text-align: justify;\">La semana pasada, el alcalde de Ays\u00e9n, Julio Uribe Alvarado, particip\u00f3 de la presentaci\u00f3n de la nueva directiva de la C\u00e1mara de Comercio de Ays\u00e9n, con quienes aprovech\u00f3 de sostener una reuni\u00f3n para tratar una alianza que permita ejecutar proyectos en directo beneficio de los comerciantes de la comuna.<\/p>\n<p style=\"text-align: justify;\">Respecto de los nuevos directivos, el alcalde Uribe sostuvo que \u201cme da mucho gusto que la juventud est\u00e9 empoder\u00e1ndose y siendo part\u00edcipe de algo tan importante como lo es la C\u00e1mara de Comercio, porque se les ve entusiasmados de ejecutar una gran cantidad de actividades\u201d.<\/p>\n<p style=\"text-align: justify;\">Respecto de las iniciativas a impulsar, Uribe recalc\u00f3 la importancia de reforzar la seguridad para los locatarios de Ays\u00e9n, se\u00f1alando que \u201cvamos a canalizar los esfuerzos con Seguridad P\u00fablica para levantar informaci\u00f3n respecto de los requerimientos de los comerciantes\u201d, de forma tal que se puedan elaborar planes de trabajo conjunto entre todas las partes involucradas.<\/p>\n<p style=\"text-align: justify;\">Adem\u00e1s, se\u00f1al\u00f3 que existe una gran oportunidad de desarrollo a trav\u00e9s de la unidad de Fomento Productivo, \u201cmediante la que vamos a ayudarlos a trav\u00e9s de las alianzas estrat\u00e9gicas que tenemos con Sercotec, CORFO y FOSIS, las cuales permiten entregar herramientas para el crecimiento de sus negocios\u201d.<\/p>\n<p style=\"text-align: justify;\">Este tipo de alianzas, y el trabajo conjunto entre los comerciantes, el municipio, la C\u00e1mara de Comercio, y las instituciones dedicadas al fomento y la producci\u00f3n, permiten que se puedan elaborar programas que vayan en directo beneficio de los emprendedores de la comuna y generar mayor empleo y oportunidades.<\/p>\n<\/div><\/section><\/div><div  style='height:50px' class='hr hr-invisible   avia-builder-el-6  el_after_av_one_full  el_before_av_social_share '><span class='hr-inner ' ><span class='hr-inner-style'><\/span><\/span><\/div><\/p>\n<div  class='av-social-sharing-box  avia-builder-el-7  el_after_av_hr  el_before_av_hr  '><div class='av-share-box'><h5 class='av-share-link-description av-no-toc '>Compartir esta noticia<\/h5><ul class='av-share-box-list noLightbox'><li class='av-share-link av-social-link-facebook' ><a target=\"_blank\" aria-label=\"Compartir en Facebook\" href='https:\/\/www.facebook.com\/sharer.php?u=https:\/\/radiorevelacionfm.cl\/?p=30140&#038;t=C%C3%A1mara%20de%20Comercio%20de%20Ays%C3%A9n%20y%20alcalde%20se%20re%C3%BAnen%20para%20generar%20alianzas%20en%20beneficio%20de%20los%20comerciantes' aria-hidden='false' data-av_icon='\ue8f3' data-av_iconfont='entypo-fontello' title='' data-avia-related-tooltip='Compartir en Facebook' rel=\"noopener\"><span class='avia_hidden_link_text'>Compartir en Facebook<\/span><\/a><\/li><li class='av-share-link av-social-link-twitter' ><a target=\"_blank\" aria-label=\"Compartir en Twitter\" href='https:\/\/twitter.com\/share?text=C%C3%A1mara%20de%20Comercio%20de%20Ays%C3%A9n%20y%20alcalde%20se%20re%C3%BAnen%20para%20generar%20alianzas%20en%20beneficio%20de%20los%20comerciantes&#038;url=https:\/\/radiorevelacionfm.cl\/?p=30140' aria-hidden='false' data-av_icon='\ue8f1' data-av_iconfont='entypo-fontello' title='' data-avia-related-tooltip='Compartir en Twitter' rel=\"noopener\"><span class='avia_hidden_link_text'>Compartir en Twitter<\/span><\/a><\/li><li class='av-share-link av-social-link-whatsapp' ><a target=\"_blank\" aria-label=\"Compartir en Whatsapp\" href='https:\/\/api.whatsapp.com\/send?text=https:\/\/radiorevelacionfm.cl\/?p=30140' aria-hidden='false' data-av_icon='\uf232' data-av_iconfont='entypo-fontello' title='' data-avia-related-tooltip='Compartir en Whatsapp' rel=\"noopener\"><span class='avia_hidden_link_text'>Compartir en Whatsapp<\/span><\/a><\/li><li class='av-share-link av-social-link-linkedin' ><a target=\"_blank\" aria-label=\"Compartir en LinkedIn\" href='https:\/\/linkedin.com\/shareArticle?mini=true&#038;title=C%C3%A1mara%20de%20Comercio%20de%20Ays%C3%A9n%20y%20alcalde%20se%20re%C3%BAnen%20para%20generar%20alianzas%20en%20beneficio%20de%20los%20comerciantes&#038;url=https:\/\/radiorevelacionfm.cl\/?p=30140' aria-hidden='false' data-av_icon='\ue8fc' data-av_iconfont='entypo-fontello' title='' data-avia-related-tooltip='Compartir en LinkedIn' rel=\"noopener\"><span class='avia_hidden_link_text'>Compartir en LinkedIn<\/span><\/a><\/li><li class='av-share-link av-social-link-mail' ><a  aria-label=\"Compartir por correo\" href='mailto:?subject=C%C3%A1mara%20de%20Comercio%20de%20Ays%C3%A9n%20y%20alcalde%20se%20re%C3%BAnen%20para%20generar%20alianzas%20en%20beneficio%20de%20los%20comerciantes&#038;body=https:\/\/radiorevelacionfm.cl\/?p=30140' aria-hidden='false' data-av_icon='\ue805' data-av_iconfont='entypo-fontello' title='' data-avia-related-tooltip='Compartir por correo'><span class='avia_hidden_link_text'>Compartir por correo<\/span><\/a><\/li><\/ul><\/div><\/div>\n<div  style='height:50px' class='hr hr-invisible   avia-builder-el-8  el_after_av_social_share  el_before_av_comments_list '><span class='hr-inner ' ><span class='hr-inner-style'><\/span><\/span><\/div>\n<div  class='av-buildercomment  av-blog-meta-html-info-disabled av-blog-meta-tag-disabled  '><\/div>\n","protected":false},"excerpt":{"rendered":"","protected":false},"author":1,"featured_media":30141,"comment_status":"open","ping_status":"open","sticky":false,"template":"","format":"standard","meta":{"footnotes":""},"categories":[38],"tags":[],"class_list":["post-30140","post","type-post","status-publish","format-standard","has-post-thumbnail","hentry","category-regional"],"jetpack_featured_media_url":"https:\/\/radiorevelacionfm.cl\/wp-content\/uploads\/2023\/04\/340394687_923556188694106_4430218357438386255_n-1_optimized.jpg","_links":{"self":[{"href":"https:\/\/radiorevelacionfm.cl\/index.php?rest_route=\/wp\/v2\/posts\/30140","targetHints":{"allow":["GET"]}}],"collection":[{"href":"https:\/\/radiorevelacionfm.cl\/index.php?rest_route=\/wp\/v2\/posts"}],"about":[{"href":"https:\/\/radiorevelacionfm.cl\/index.php?rest_route=\/wp\/v2\/types\/post"}],"author":[{"embeddable":true,"href":"https:\/\/radiorevelacionfm.cl\/index.php?rest_route=\/wp\/v2\/users\/1"}],"replies":[{"embeddable":true,"href":"https:\/\/radiorevelacionfm.cl\/index.php?rest_route=%2Fwp%2Fv2%2Fcomments&post=30140"}],"version-history":[{"count":1,"href":"https:\/\/radiorevelacionfm.cl\/index.php?rest_route=\/wp\/v2\/posts\/30140\/revisions"}],"predecessor-version":[{"id":30142,"href":"https:\/\/radiorevelacionfm.cl\/index.php?rest_route=\/wp\/v2\/posts\/30140\/revisions\/30142"}],"wp:featuredmedia":[{"embeddable":true,"href":"https:\/\/radiorevelacionfm.cl\/index.php?rest_route=\/wp\/v2\/media\/30141"}],"wp:attachment":[{"href":"https:\/\/radiorevelacionfm.cl\/index.php?rest_route=%2Fwp%2Fv2%2Fmedia&parent=30140"}],"wp:term":[{"taxonomy":"category","embeddable":true,"href":"https:\/\/radiorevelacionfm.cl\/index.php?rest_route=%2Fwp%2Fv2%2Fcategories&post=30140"},{"taxonomy":"post_tag","embeddable":true,"href":"https:\/\/radiorevelacionfm.cl\/index.php?rest_route=%2Fwp%2Fv2%2Ftags&post=30140"}],"curies":[{"name":"wp","href":"https:\/\/api.w.org\/{rel}","templated":true}]}}