{"id":30134,"date":"2023-04-17T16:49:01","date_gmt":"2023-04-17T19:49:01","guid":{"rendered":"https:\/\/radiorevelacionfm.cl\/?p=30134"},"modified":"2023-04-17T16:49:01","modified_gmt":"2023-04-17T19:49:01","slug":"refuerzan-programa-de-salud-mental-con-fuerte-componente-preventivo-en-establecimientos-educacionales-de-aysen","status":"publish","type":"post","link":"https:\/\/radiorevelacionfm.cl\/?p=30134","title":{"rendered":"Refuerzan programa de salud mental con fuerte componente preventivo en establecimientos educacionales de Ays\u00e9n"},"content":{"rendered":"<div class=\"flex_column av_one_full  flex_column_div av-zero-column-padding first  avia-builder-el-0  el_before_av_one_full  avia-builder-el-first  \" style='border-radius:0px; '><div  class='avia-image-container  av-styling-    avia-builder-el-1  avia-builder-el-no-sibling  avia-align-center '  itemprop=\"image\" itemscope=\"itemscope\" itemtype=\"https:\/\/schema.org\/ImageObject\"  ><div class='avia-image-container-inner'><div class='avia-image-overlay-wrap'><img decoding=\"async\" class='wp-image-30135 avia-img-lazy-loading-not-30135 avia_image' src=\"https:\/\/radiorevelacionfm.cl\/wp-content\/uploads\/2023\/04\/programa-salud-mental-1-1.jpeg\" alt='' title='programa salud mental (1) (1)' height=\"600\" width=\"818\"  itemprop=\"thumbnailUrl\" srcset=\"https:\/\/radiorevelacionfm.cl\/wp-content\/uploads\/2023\/04\/programa-salud-mental-1-1.jpeg 818w, https:\/\/radiorevelacionfm.cl\/wp-content\/uploads\/2023\/04\/programa-salud-mental-1-1-300x220.jpeg 300w, https:\/\/radiorevelacionfm.cl\/wp-content\/uploads\/2023\/04\/programa-salud-mental-1-1-768x563.jpeg 768w, https:\/\/radiorevelacionfm.cl\/wp-content\/uploads\/2023\/04\/programa-salud-mental-1-1-705x517.jpeg 705w, https:\/\/radiorevelacionfm.cl\/wp-content\/uploads\/2023\/04\/programa-salud-mental-1-1-450x330.jpeg 450w, https:\/\/radiorevelacionfm.cl\/wp-content\/uploads\/2023\/04\/programa-salud-mental-1-1-600x440.jpeg 600w\" sizes=\"(max-width: 818px) 100vw, 818px\" \/><\/div><\/div><\/div><\/div><div class=\"flex_column av_one_full  flex_column_div av-zero-column-padding first  avia-builder-el-2  el_after_av_one_full  el_before_av_one_full  column-top-margin\" style='border-radius:0px; '><section class=\"av_textblock_section \"  itemscope=\"itemscope\" itemtype=\"https:\/\/schema.org\/BlogPosting\" itemprop=\"blogPost\" ><div class='avia_textblock  '   itemprop=\"text\" ><p style=\"text-align: center;\"><strong><span style=\"font-size: 18pt;\">Refuerzan programa de salud mental con fuerte componente preventivo en establecimientos educacionales de Ays\u00e9n<\/span><\/strong><\/p>\n<div id=\"gtx-trans\" style=\"position: absolute; left: -50px; top: 4.31534px;\">\n<div class=\"gtx-trans-icon\"><\/div>\n<\/div>\n<\/div><\/section><\/div><div class=\"flex_column av_one_full  flex_column_div av-zero-column-padding first  avia-builder-el-4  el_after_av_one_full  el_before_av_hr  column-top-margin\" style='border-radius:0px; '><section class=\"av_textblock_section \"  itemscope=\"itemscope\" itemtype=\"https:\/\/schema.org\/BlogPosting\" itemprop=\"blogPost\" ><div class='avia_textblock  '   itemprop=\"text\" ><p style=\"text-align: justify;\"><em>El enfoque del programa est\u00e1 orientado a la prevenci\u00f3n de conductas suicidas al interior de las comunidades educativas, entregando pautas de acci\u00f3n claras y seguras a implementar en caso de que la comunidad educativa requiera implementar una cultura preventiva en materia de salud mental y de apoyar a estudiantes que presenten alguna conducta de riesgo frente a este tema.<\/em><\/p>\n<p style=\"text-align: justify;\">Con la finalidad de desarrollar acciones preventivas frente a temas como el suicidio, las secretar\u00edas regionales ministeriales de Salud y Educaci\u00f3n, est\u00e1n iniciando un ciclo de jornadas (llevaron a cabo una jornada) informativa y de participaci\u00f3n escolar sobre salud mental en establecimientos educacionales de Puerto Ays\u00e9n inicialmente; para luego continuar con la comunidad de Coyhaique, trabajo (jornada) que se inserta dentro del Programa Nacional de Prevenci\u00f3n del Suicidio y el Programa de Convivencia Escolar.<\/p>\n<p style=\"text-align: justify;\">La actividad, desarrollada en dependencias de la Delegaci\u00f3n Presidencial provincial de Ays\u00e9n, cont\u00f3 con la participaci\u00f3n de los establecimientos liceo Ra\u00fal Broussain Campino, liceo Ma\u00f1ihuales, Escuela Almirante Simpson, liceo Bicentenario Santa Teresa de los Andes, adem\u00e1s de representantes del Departamento de Educaci\u00f3n Municipal de Ays\u00e9n y del Departamento Provincial de Educaci\u00f3n Coyhaique.<\/p>\n<p style=\"text-align: justify;\">Encuentro de comunidades educativas con los equipos de salud mental que fue destacado por la Seremi de Salud, Carmen Monsalve G\u00f3mez, quien recalc\u00f3 la importancia del trabajo intersectorial en uno de los lineamientos m\u00e1s relevantes que impulsa el Gobierno y el Ministerio de Salud. \u201cEl desarrollo de estas acciones est\u00e1n insertas dentro de las estrategias de la mesa intersectorial de Salud Mental que se realiza en la comuna de Ays\u00e9n, cuya ejecuci\u00f3n es una prioridad para el Ministerio de Salud, donde el desarrollo de acciones preventivas en establecimientos educacionales resulta vital como espacios para prevenir de manera temprana las conductas suicidas en ni\u00f1os, ni\u00f1as y adolescentes, medidas que obedecen a las demandas que se han levantado desde las mesas de trabajo local, cuyo plan de acci\u00f3n contempla la ejecuci\u00f3n de estas y otras medidas a corto, mediano y largo plazo, donde nuestra prioridad estar\u00e1 enfocada en atender la salud mental de todas nuestras comunidades, un lineamiento que forma parte del plan de Gobierno del Presidente Gabriel Boric y de nuestro Ministerio de Salud\u201d.<\/p>\n<p style=\"text-align: justify;\">De igual modo, la Seremi de Salud se\u00f1al\u00f3 que la propuesta no espera sobrecargar a las escuelas en sus tareas, ni tampoco la creaci\u00f3n de un nuevo programa al interior de ellas, sino que las invita a orientar los recursos ya existentes, tales como el Programa de Convivencia Escolar o el Programa Habilidades para la Vida (HPV), entre otros; a la instalaci\u00f3n de pr\u00e1cticas protectoras en la cotidianidad del d\u00eda a d\u00eda en comunidad, motivando la instalaci\u00f3n de una cultura sectorial, tendiente al autocuidado y la prevenci\u00f3n en materia de salud mental.<\/p>\n<p style=\"text-align: justify;\">Encuentro con planteles educativos que fue destacado por el Director del Colegio Santa Teresa de Puerto Ays\u00e9n, Sebasti\u00e1n Steinmeyer Valenzuela. \u201cEsta jornada nos permiti\u00f3 aterrizar a una din\u00e1mica m\u00e1s pr\u00e1ctica las orientaciones que ha entregado el ministerio para la prevenci\u00f3n del suicidio en los establecimientos educacionales, fue una muy buena oportunidad para acercar estas pol\u00edticas p\u00fablicas a los equipos de los establecimientos. Ojal\u00e1 que estas capacitaciones contin\u00faen en el tiempo, pero con la posibilidad que est\u00e9n alineadas con per\u00edodos del a\u00f1o escolar donde podamos tener m\u00e1s gente disponible para que participe y se capacite\u201d.<\/p>\n<p style=\"text-align: justify;\">Finalmente, la Seremi de Educaci\u00f3n, Isabel Garrido Casassa, junto con destacar esta jornada, reiter\u00f3 la importancia de este programa de salud.\u00a0 \u201cEl Presidente Boric nos ha mandatado hacer de la salud mental, una prioridad de nuestro Gobierno, es por eso que en el marco del plan de reactivaci\u00f3n educativa \u2013 en conjunto con la seremi de salud- impulsamos una serie de capacitaciones en el rol de las escuelas en la prevenci\u00f3n de suicidios, esta fue una solicitud de los equipos directivos de la comunidad de Ays\u00e9n, donde logramos tener conversaciones muy profundas y significativas sobre este importante tema que aqueja a la poblaci\u00f3n de nuestra regi\u00f3n,\u201d puntualiz\u00f3 la autoridad ministerial.<\/p>\n<p style=\"text-align: justify;\">La propuesta de este trabajo en conjunto de MINSAL y MINEDUC es relevar el componente de salud mental en la comunidad educativa, generar espacios de reflexi\u00f3n, potenciar estrategias existentes desde una mirada colaborativa y dar seguimiento en el tiempo de las competencias instaladas en la comunidad educativas desde el sector, de modo de asegurar la continuidad de las mismas en el tiempo.<\/p>\n<\/div><\/section><\/div><div  style='height:50px' class='hr hr-invisible   avia-builder-el-6  el_after_av_one_full  el_before_av_social_share '><span class='hr-inner ' ><span class='hr-inner-style'><\/span><\/span><\/div><\/p>\n<div  class='av-social-sharing-box  avia-builder-el-7  el_after_av_hr  el_before_av_hr  '><div class='av-share-box'><h5 class='av-share-link-description av-no-toc '>Compartir esta noticia<\/h5><ul class='av-share-box-list noLightbox'><li class='av-share-link av-social-link-facebook' ><a target=\"_blank\" aria-label=\"Compartir en Facebook\" href='https:\/\/www.facebook.com\/sharer.php?u=https:\/\/radiorevelacionfm.cl\/?p=30134&#038;t=Refuerzan%20programa%20de%20salud%20mental%20con%20fuerte%20componente%20preventivo%20en%20establecimientos%20educacionales%20de%20Ays%C3%A9n' aria-hidden='false' data-av_icon='\ue8f3' data-av_iconfont='entypo-fontello' title='' data-avia-related-tooltip='Compartir en Facebook' rel=\"noopener\"><span class='avia_hidden_link_text'>Compartir en Facebook<\/span><\/a><\/li><li class='av-share-link av-social-link-twitter' ><a target=\"_blank\" aria-label=\"Compartir en Twitter\" href='https:\/\/twitter.com\/share?text=Refuerzan%20programa%20de%20salud%20mental%20con%20fuerte%20componente%20preventivo%20en%20establecimientos%20educacionales%20de%20Ays%C3%A9n&#038;url=https:\/\/radiorevelacionfm.cl\/?p=30134' aria-hidden='false' data-av_icon='\ue8f1' data-av_iconfont='entypo-fontello' title='' data-avia-related-tooltip='Compartir en Twitter' rel=\"noopener\"><span class='avia_hidden_link_text'>Compartir en Twitter<\/span><\/a><\/li><li class='av-share-link av-social-link-whatsapp' ><a target=\"_blank\" aria-label=\"Compartir en Whatsapp\" href='https:\/\/api.whatsapp.com\/send?text=https:\/\/radiorevelacionfm.cl\/?p=30134' aria-hidden='false' data-av_icon='\uf232' data-av_iconfont='entypo-fontello' title='' data-avia-related-tooltip='Compartir en Whatsapp' rel=\"noopener\"><span class='avia_hidden_link_text'>Compartir en Whatsapp<\/span><\/a><\/li><li class='av-share-link av-social-link-linkedin' ><a target=\"_blank\" aria-label=\"Compartir en LinkedIn\" href='https:\/\/linkedin.com\/shareArticle?mini=true&#038;title=Refuerzan%20programa%20de%20salud%20mental%20con%20fuerte%20componente%20preventivo%20en%20establecimientos%20educacionales%20de%20Ays%C3%A9n&#038;url=https:\/\/radiorevelacionfm.cl\/?p=30134' aria-hidden='false' data-av_icon='\ue8fc' data-av_iconfont='entypo-fontello' title='' data-avia-related-tooltip='Compartir en LinkedIn' rel=\"noopener\"><span class='avia_hidden_link_text'>Compartir en LinkedIn<\/span><\/a><\/li><li class='av-share-link av-social-link-mail' ><a  aria-label=\"Compartir por correo\" href='mailto:?subject=Refuerzan%20programa%20de%20salud%20mental%20con%20fuerte%20componente%20preventivo%20en%20establecimientos%20educacionales%20de%20Ays%C3%A9n&#038;body=https:\/\/radiorevelacionfm.cl\/?p=30134' aria-hidden='false' data-av_icon='\ue805' data-av_iconfont='entypo-fontello' title='' data-avia-related-tooltip='Compartir por correo'><span class='avia_hidden_link_text'>Compartir por correo<\/span><\/a><\/li><\/ul><\/div><\/div>\n<div  style='height:50px' class='hr hr-invisible   avia-builder-el-8  el_after_av_social_share  el_before_av_comments_list '><span class='hr-inner ' ><span class='hr-inner-style'><\/span><\/span><\/div>\n<div  class='av-buildercomment  av-blog-meta-html-info-disabled av-blog-meta-tag-disabled  '><\/div>\n","protected":false},"excerpt":{"rendered":"","protected":false},"author":1,"featured_media":30135,"comment_status":"open","ping_status":"open","sticky":false,"template":"","format":"standard","meta":{"footnotes":""},"categories":[46],"tags":[],"class_list":["post-30134","post","type-post","status-publish","format-standard","has-post-thumbnail","hentry","category-salud"],"jetpack_featured_media_url":"https:\/\/radiorevelacionfm.cl\/wp-content\/uploads\/2023\/04\/programa-salud-mental-1-1.jpeg","_links":{"self":[{"href":"https:\/\/radiorevelacionfm.cl\/index.php?rest_route=\/wp\/v2\/posts\/30134","targetHints":{"allow":["GET"]}}],"collection":[{"href":"https:\/\/radiorevelacionfm.cl\/index.php?rest_route=\/wp\/v2\/posts"}],"about":[{"href":"https:\/\/radiorevelacionfm.cl\/index.php?rest_route=\/wp\/v2\/types\/post"}],"author":[{"embeddable":true,"href":"https:\/\/radiorevelacionfm.cl\/index.php?rest_route=\/wp\/v2\/users\/1"}],"replies":[{"embeddable":true,"href":"https:\/\/radiorevelacionfm.cl\/index.php?rest_route=%2Fwp%2Fv2%2Fcomments&post=30134"}],"version-history":[{"count":1,"href":"https:\/\/radiorevelacionfm.cl\/index.php?rest_route=\/wp\/v2\/posts\/30134\/revisions"}],"predecessor-version":[{"id":30136,"href":"https:\/\/radiorevelacionfm.cl\/index.php?rest_route=\/wp\/v2\/posts\/30134\/revisions\/30136"}],"wp:featuredmedia":[{"embeddable":true,"href":"https:\/\/radiorevelacionfm.cl\/index.php?rest_route=\/wp\/v2\/media\/30135"}],"wp:attachment":[{"href":"https:\/\/radiorevelacionfm.cl\/index.php?rest_route=%2Fwp%2Fv2%2Fmedia&parent=30134"}],"wp:term":[{"taxonomy":"category","embeddable":true,"href":"https:\/\/radiorevelacionfm.cl\/index.php?rest_route=%2Fwp%2Fv2%2Fcategories&post=30134"},{"taxonomy":"post_tag","embeddable":true,"href":"https:\/\/radiorevelacionfm.cl\/index.php?rest_route=%2Fwp%2Fv2%2Ftags&post=30134"}],"curies":[{"name":"wp","href":"https:\/\/api.w.org\/{rel}","templated":true}]}}