{"id":30131,"date":"2023-04-17T18:56:21","date_gmt":"2023-04-17T21:56:21","guid":{"rendered":"https:\/\/radiorevelacionfm.cl\/?p=30131"},"modified":"2023-04-17T18:56:21","modified_gmt":"2023-04-17T21:56:21","slug":"en-aysen-se-conformo-la-primera-mesa-regional-para-el-desarrollo-de-energia-distrital","status":"publish","type":"post","link":"https:\/\/radiorevelacionfm.cl\/?p=30131","title":{"rendered":"En Ays\u00e9n se conform\u00f3 la primera Mesa Regional para el desarrollo de Energ\u00eda Distrital"},"content":{"rendered":"<div class=\"flex_column av_one_full  flex_column_div av-zero-column-padding first  avia-builder-el-0  el_before_av_one_full  avia-builder-el-first  \" style='border-radius:0px; '><div  class='avia-image-container  av-styling-    avia-builder-el-1  avia-builder-el-no-sibling  avia-align-center '  itemprop=\"image\" itemscope=\"itemscope\" itemtype=\"https:\/\/schema.org\/ImageObject\"  ><div class='avia-image-container-inner'><div class='avia-image-overlay-wrap'><img decoding=\"async\" class='wp-image-30132 avia-img-lazy-loading-not-30132 avia_image' src=\"https:\/\/radiorevelacionfm.cl\/wp-content\/uploads\/2023\/04\/img_1773-1-1_optimized-1_optimized-1.jpg\" alt='' title='img_1773-(1)-(1)_optimized-(1)_optimized (1)' height=\"600\" width=\"900\"  itemprop=\"thumbnailUrl\" srcset=\"https:\/\/radiorevelacionfm.cl\/wp-content\/uploads\/2023\/04\/img_1773-1-1_optimized-1_optimized-1.jpg 900w, https:\/\/radiorevelacionfm.cl\/wp-content\/uploads\/2023\/04\/img_1773-1-1_optimized-1_optimized-1-300x200.jpg 300w, https:\/\/radiorevelacionfm.cl\/wp-content\/uploads\/2023\/04\/img_1773-1-1_optimized-1_optimized-1-768x512.jpg 768w, https:\/\/radiorevelacionfm.cl\/wp-content\/uploads\/2023\/04\/img_1773-1-1_optimized-1_optimized-1-705x470.jpg 705w, https:\/\/radiorevelacionfm.cl\/wp-content\/uploads\/2023\/04\/img_1773-1-1_optimized-1_optimized-1-450x300.jpg 450w, https:\/\/radiorevelacionfm.cl\/wp-content\/uploads\/2023\/04\/img_1773-1-1_optimized-1_optimized-1-600x400.jpg 600w\" sizes=\"(max-width: 900px) 100vw, 900px\" \/><\/div><\/div><\/div><\/div><div class=\"flex_column av_one_full  flex_column_div av-zero-column-padding first  avia-builder-el-2  el_after_av_one_full  el_before_av_one_full  column-top-margin\" style='border-radius:0px; '><section class=\"av_textblock_section \"  itemscope=\"itemscope\" itemtype=\"https:\/\/schema.org\/BlogPosting\" itemprop=\"blogPost\" ><div class='avia_textblock  '   itemprop=\"text\" ><p style=\"text-align: center;\"><strong><span style=\"font-size: 18pt;\">En Ays\u00e9n se conform\u00f3 la primera Mesa Regional para el desarrollo de Energ\u00eda Distrital<\/span><\/strong><\/p>\n<div id=\"gtx-trans\" style=\"position: absolute; left: -50px; top: 4.31534px;\">\n<div class=\"gtx-trans-icon\"><\/div>\n<\/div>\n<\/div><\/section><\/div><div class=\"flex_column av_one_full  flex_column_div av-zero-column-padding first  avia-builder-el-4  el_after_av_one_full  el_before_av_hr  column-top-margin\" style='border-radius:0px; '><section class=\"av_textblock_section \"  itemscope=\"itemscope\" itemtype=\"https:\/\/schema.org\/BlogPosting\" itemprop=\"blogPost\" ><div class='avia_textblock  '   itemprop=\"text\" ><p style=\"text-align: justify;\">Como una instancia p\u00fablica, multisectorial, aut\u00f3noma y convocante orientada a coordinar las pol\u00edticas p\u00fablicas para el desarrollo y fomento de la energ\u00eda distrital en nuestra regi\u00f3n, se constituy\u00f3 la \u201cMesa Regional para el Desarrollo de la Energ\u00eda Distrital en la Regi\u00f3n de Ays\u00e9n\u201d (Mesa RED).<\/p>\n<p style=\"text-align: justify;\">Esta iniciativa pionera a nivel nacional surge por la creciente necesidad de implementar proyectos de energ\u00eda distrital que permitan avanzar en la descontaminaci\u00f3n regional. Al respecto el Delegado Presidencial Regional, Rodrigo Araya, destac\u00f3 que \u201cestamos hoy d\u00eda por constituir la Mesa de Energ\u00eda Distrital, la que va a estar bajo el alero y supervisi\u00f3n del Ministerio de Energ\u00eda. Lo que nosotros queremos resaltar es que el problema de la matriz energ\u00e9tica en nuestra regi\u00f3n y el problema de la contaminaci\u00f3n ambiental, que por todos es bien sabido tiene que ver con el consumo de le\u00f1a, ha sido abordado los \u00faltimos a\u00f1os con un plan a largo plazo que dice relaci\u00f3n con un proyecto de calefacci\u00f3n distrital para la ciudad de Coyhaique que est\u00e1 pr\u00f3ximo a adjudicarse\u201d.<\/p>\n<p style=\"text-align: justify;\">La Mesa RED estar\u00e1 compuesta por un Comit\u00e9 Pol\u00edtico donde participar\u00e1 la Delegaci\u00f3n Presidencial Regional, el Gobierno Regional de Ays\u00e9n y las Seremis de Energ\u00eda, Obras P\u00fablicas, Vivienda y Urbanismo, Desarrollo Social y Familia, Medio Ambiente y Salud. Adem\u00e1s participar\u00e1 un Comit\u00e9 T\u00e9cnico conformado por las contrapartes t\u00e9cnicas de las distintas instituciones participantes y un Comit\u00e9 Consultivo conformado por expertos en la materia.<\/p>\n<p style=\"text-align: justify;\">El Seremi de Energ\u00eda de Ays\u00e9n, Carlos D\u00edaz, qui\u00e9n estar\u00e1 a cargo de la Secretar\u00eda Ejecutiva explic\u00f3 que \u201ces el primer proyecto, no tenemos otros proyectos anteriores que mirar, por eso es importante esta mesa, tenemos que estar todos los seremis poni\u00e9ndonos de acuerdo en cosas que no tenemos historia y tampoco tenemos una ley. La ley en paralelo va a estar avanzando, pero nosotros por mientras no nos queremos quedar atr\u00e1s, tenemos un problema de contaminaci\u00f3n en la regi\u00f3n y queremos ser la primera regi\u00f3n que tenga un proyecto as\u00ed, y por eso estamos en este momento firmando la constituci\u00f3n de esta mesa\u201d.<\/p>\n<p style=\"text-align: justify;\">Por su parte la Seremi de Minvu Ays\u00e9n, Paulina Ruz, destac\u00f3 que \u201cesta iniciativa nace de la Comisi\u00f3n Regional de Construcci\u00f3n Sustentable (CORECS), liderada por esta seremi, en la cual hay un compromiso para la elaboraci\u00f3n de pol\u00edticas p\u00fablicas en torno a la construcci\u00f3n sustentable, pero tambi\u00e9n a la eficiencia energ\u00e9tica. Nosotros ya estamos colaborando con un plan piloto en la Escuela Agr\u00edcola, con noventa viviendas que son del SERVIU para precisamente hallar formas que logren mayor eficiencia energ\u00e9tica y esto reafirma nuestro compromiso por la descontaminaci\u00f3n en la regi\u00f3n de Ays\u00e9n\u201d.<\/p>\n<p style=\"text-align: justify;\">Cabe se\u00f1alar, que la energ\u00eda distrital y m\u00e1s espec\u00edficamente la calefacci\u00f3n distrital, es una alternativa de intervenci\u00f3n tecnol\u00f3gica integral que permite diversificar la matriz t\u00e9rmica, disminuir la contaminaci\u00f3n, aumentar la eficiencia energ\u00e9tica asociada a la calefacci\u00f3n, alcanzar mejores est\u00e1ndares de confort t\u00e9rmico, y mejorar la calidad de vida de los habitantes de la regi\u00f3n de Ays\u00e9n.<\/p>\n<p style=\"text-align: justify;\">Finalmente, el Seremi del Medio Ambiente, Juli\u00e1n C\u00e1rdenas, recalc\u00f3 que \u201ctenemos un proyecto de dise\u00f1o de piloto de Calefacci\u00f3n Distrital en el sector de Escuela Agr\u00edcola, hoy d\u00eda contamos con la concesi\u00f3n de ese espacio para poder proceder a los avances de construcci\u00f3n que hay que realizar eventualmente en el piloto y en el sector. Y se ha desarrollado a la fecha un proceso participativo con la comunidad y con los principales actores involucrados, para poder recoger todas sus percepciones y sus inquietudes y poder incluirlos dentro del dise\u00f1o, el cual vamos a pasar ahora a la Seremi de Desarrollo Social, para tener el anhelado RS y poder luego presentarlo al CORE y proceder a su construcci\u00f3n esperamos el pr\u00f3ximo a\u00f1o\u201d.<\/p>\n<\/div><\/section><\/div><div  style='height:50px' class='hr hr-invisible   avia-builder-el-6  el_after_av_one_full  el_before_av_social_share '><span class='hr-inner ' ><span class='hr-inner-style'><\/span><\/span><\/div><\/p>\n<div  class='av-social-sharing-box  avia-builder-el-7  el_after_av_hr  el_before_av_hr  '><div class='av-share-box'><h5 class='av-share-link-description av-no-toc '>Compartir esta noticia<\/h5><ul class='av-share-box-list noLightbox'><li class='av-share-link av-social-link-facebook' ><a target=\"_blank\" aria-label=\"Compartir en Facebook\" href='https:\/\/www.facebook.com\/sharer.php?u=https:\/\/radiorevelacionfm.cl\/?p=30131&#038;t=En%20Ays%C3%A9n%20se%20conform%C3%B3%20la%20primera%20Mesa%20Regional%20para%20el%20desarrollo%20de%20Energ%C3%ADa%20Distrital' aria-hidden='false' data-av_icon='\ue8f3' data-av_iconfont='entypo-fontello' title='' data-avia-related-tooltip='Compartir en Facebook' rel=\"noopener\"><span class='avia_hidden_link_text'>Compartir en Facebook<\/span><\/a><\/li><li class='av-share-link av-social-link-twitter' ><a target=\"_blank\" aria-label=\"Compartir en Twitter\" href='https:\/\/twitter.com\/share?text=En%20Ays%C3%A9n%20se%20conform%C3%B3%20la%20primera%20Mesa%20Regional%20para%20el%20desarrollo%20de%20Energ%C3%ADa%20Distrital&#038;url=https:\/\/radiorevelacionfm.cl\/?p=30131' aria-hidden='false' data-av_icon='\ue8f1' data-av_iconfont='entypo-fontello' title='' data-avia-related-tooltip='Compartir en Twitter' rel=\"noopener\"><span class='avia_hidden_link_text'>Compartir en Twitter<\/span><\/a><\/li><li class='av-share-link av-social-link-whatsapp' ><a target=\"_blank\" aria-label=\"Compartir en Whatsapp\" href='https:\/\/api.whatsapp.com\/send?text=https:\/\/radiorevelacionfm.cl\/?p=30131' aria-hidden='false' data-av_icon='\uf232' data-av_iconfont='entypo-fontello' title='' data-avia-related-tooltip='Compartir en Whatsapp' rel=\"noopener\"><span class='avia_hidden_link_text'>Compartir en Whatsapp<\/span><\/a><\/li><li class='av-share-link av-social-link-linkedin' ><a target=\"_blank\" aria-label=\"Compartir en LinkedIn\" href='https:\/\/linkedin.com\/shareArticle?mini=true&#038;title=En%20Ays%C3%A9n%20se%20conform%C3%B3%20la%20primera%20Mesa%20Regional%20para%20el%20desarrollo%20de%20Energ%C3%ADa%20Distrital&#038;url=https:\/\/radiorevelacionfm.cl\/?p=30131' aria-hidden='false' data-av_icon='\ue8fc' data-av_iconfont='entypo-fontello' title='' data-avia-related-tooltip='Compartir en LinkedIn' rel=\"noopener\"><span class='avia_hidden_link_text'>Compartir en LinkedIn<\/span><\/a><\/li><li class='av-share-link av-social-link-mail' ><a  aria-label=\"Compartir por correo\" href='mailto:?subject=En%20Ays%C3%A9n%20se%20conform%C3%B3%20la%20primera%20Mesa%20Regional%20para%20el%20desarrollo%20de%20Energ%C3%ADa%20Distrital&#038;body=https:\/\/radiorevelacionfm.cl\/?p=30131' aria-hidden='false' data-av_icon='\ue805' data-av_iconfont='entypo-fontello' title='' data-avia-related-tooltip='Compartir por correo'><span class='avia_hidden_link_text'>Compartir por correo<\/span><\/a><\/li><\/ul><\/div><\/div>\n<div  style='height:50px' class='hr hr-invisible   avia-builder-el-8  el_after_av_social_share  el_before_av_comments_list '><span class='hr-inner ' ><span class='hr-inner-style'><\/span><\/span><\/div>\n<div  class='av-buildercomment  av-blog-meta-html-info-disabled av-blog-meta-tag-disabled  '><\/div>\n","protected":false},"excerpt":{"rendered":"","protected":false},"author":1,"featured_media":30132,"comment_status":"open","ping_status":"open","sticky":false,"template":"","format":"standard","meta":{"footnotes":""},"categories":[38],"tags":[],"class_list":["post-30131","post","type-post","status-publish","format-standard","has-post-thumbnail","hentry","category-regional"],"jetpack_featured_media_url":"https:\/\/radiorevelacionfm.cl\/wp-content\/uploads\/2023\/04\/img_1773-1-1_optimized-1_optimized-1.jpg","_links":{"self":[{"href":"https:\/\/radiorevelacionfm.cl\/index.php?rest_route=\/wp\/v2\/posts\/30131","targetHints":{"allow":["GET"]}}],"collection":[{"href":"https:\/\/radiorevelacionfm.cl\/index.php?rest_route=\/wp\/v2\/posts"}],"about":[{"href":"https:\/\/radiorevelacionfm.cl\/index.php?rest_route=\/wp\/v2\/types\/post"}],"author":[{"embeddable":true,"href":"https:\/\/radiorevelacionfm.cl\/index.php?rest_route=\/wp\/v2\/users\/1"}],"replies":[{"embeddable":true,"href":"https:\/\/radiorevelacionfm.cl\/index.php?rest_route=%2Fwp%2Fv2%2Fcomments&post=30131"}],"version-history":[{"count":1,"href":"https:\/\/radiorevelacionfm.cl\/index.php?rest_route=\/wp\/v2\/posts\/30131\/revisions"}],"predecessor-version":[{"id":30133,"href":"https:\/\/radiorevelacionfm.cl\/index.php?rest_route=\/wp\/v2\/posts\/30131\/revisions\/30133"}],"wp:featuredmedia":[{"embeddable":true,"href":"https:\/\/radiorevelacionfm.cl\/index.php?rest_route=\/wp\/v2\/media\/30132"}],"wp:attachment":[{"href":"https:\/\/radiorevelacionfm.cl\/index.php?rest_route=%2Fwp%2Fv2%2Fmedia&parent=30131"}],"wp:term":[{"taxonomy":"category","embeddable":true,"href":"https:\/\/radiorevelacionfm.cl\/index.php?rest_route=%2Fwp%2Fv2%2Fcategories&post=30131"},{"taxonomy":"post_tag","embeddable":true,"href":"https:\/\/radiorevelacionfm.cl\/index.php?rest_route=%2Fwp%2Fv2%2Ftags&post=30131"}],"curies":[{"name":"wp","href":"https:\/\/api.w.org\/{rel}","templated":true}]}}