{"id":30128,"date":"2023-04-17T11:33:52","date_gmt":"2023-04-17T14:33:52","guid":{"rendered":"https:\/\/radiorevelacionfm.cl\/?p=30128"},"modified":"2023-04-17T11:33:52","modified_gmt":"2023-04-17T14:33:52","slug":"conmemoran-los-30-anos-del-gobierno-regional-con-homenaje-a-ex-intendentes-e-intendentas","status":"publish","type":"post","link":"https:\/\/radiorevelacionfm.cl\/?p=30128","title":{"rendered":"Conmemoran los 30 a\u00f1os del Gobierno Regional con homenaje a ex Intendentes e Intendentas"},"content":{"rendered":"<div class=\"flex_column av_one_full  flex_column_div av-zero-column-padding first  avia-builder-el-0  el_before_av_one_full  avia-builder-el-first  \" style='border-radius:0px; '><div  class='avia-image-container  av-styling-    avia-builder-el-1  avia-builder-el-no-sibling  avia-align-center '  itemprop=\"image\" itemscope=\"itemscope\" itemtype=\"https:\/\/schema.org\/ImageObject\"  ><div class='avia-image-container-inner'><div class='avia-image-overlay-wrap'><img decoding=\"async\" class='wp-image-30129 avia-img-lazy-loading-not-30129 avia_image' src=\"https:\/\/radiorevelacionfm.cl\/wp-content\/uploads\/2023\/04\/30-anos-2-1-1.jpeg\" alt='' title='30 a\u00f1os - 2 (1) (1)' height=\"600\" width=\"901\"  itemprop=\"thumbnailUrl\" srcset=\"https:\/\/radiorevelacionfm.cl\/wp-content\/uploads\/2023\/04\/30-anos-2-1-1.jpeg 901w, https:\/\/radiorevelacionfm.cl\/wp-content\/uploads\/2023\/04\/30-anos-2-1-1-300x200.jpeg 300w, https:\/\/radiorevelacionfm.cl\/wp-content\/uploads\/2023\/04\/30-anos-2-1-1-768x511.jpeg 768w, https:\/\/radiorevelacionfm.cl\/wp-content\/uploads\/2023\/04\/30-anos-2-1-1-705x469.jpeg 705w, https:\/\/radiorevelacionfm.cl\/wp-content\/uploads\/2023\/04\/30-anos-2-1-1-450x300.jpeg 450w, https:\/\/radiorevelacionfm.cl\/wp-content\/uploads\/2023\/04\/30-anos-2-1-1-600x400.jpeg 600w\" sizes=\"(max-width: 901px) 100vw, 901px\" \/><\/div><\/div><\/div><\/div><div class=\"flex_column av_one_full  flex_column_div av-zero-column-padding first  avia-builder-el-2  el_after_av_one_full  el_before_av_one_full  column-top-margin\" style='border-radius:0px; '><section class=\"av_textblock_section \"  itemscope=\"itemscope\" itemtype=\"https:\/\/schema.org\/BlogPosting\" itemprop=\"blogPost\" ><div class='avia_textblock  '   itemprop=\"text\" ><p style=\"text-align: center;\"><strong><span style=\"font-size: 18pt;\">Conmemoran los 30 a\u00f1os del Gobierno Regional con homenaje a ex Intendentes e Intendentas<\/span><\/strong><\/p>\n<div id=\"gtx-trans\" style=\"position: absolute; left: -50px; top: 4.31534px;\">\n<div class=\"gtx-trans-icon\"><\/div>\n<\/div>\n<\/div><\/section><\/div><div class=\"flex_column av_one_full  flex_column_div av-zero-column-padding first  avia-builder-el-4  el_after_av_one_full  el_before_av_hr  column-top-margin\" style='border-radius:0px; '><section class=\"av_textblock_section \"  itemscope=\"itemscope\" itemtype=\"https:\/\/schema.org\/BlogPosting\" itemprop=\"blogPost\" ><div class='avia_textblock  '   itemprop=\"text\" ><p dir=\"ltr\" style=\"text-align: justify;\">Con una Cuenta P\u00fablica, y ante la presencia de varias autoridades regionales, la Gobernadora Andrea Mac\u00edas Palma conmemor\u00f3 los 30 a\u00f1os de existencia de la instituci\u00f3n que hoy administra, haciendo un recorrido por los proyectos y programas m\u00e1s emblem\u00e1ticos que ha llevado a cabo el Gobierno Regional y su Consejo a lo largo de estas d\u00e9cadas.<\/p>\n<p dir=\"ltr\" style=\"text-align: justify;\">\u00abEl mensaje con el que uno se queda es la invitaci\u00f3n a trabajar. Primero, reconocer nuestra historia, reconocer todo el trabajo que se ha realizado en estos 30 a\u00f1os, pero tambi\u00e9n tener la capacidad de sentarnos a conversar, con todas las dificultades que puedan existir, con todas las diferencias que puedan haber, entendiendo que hay algo en lo que ninguna autoridad de la regi\u00f3n se puede perder, y es que el desarrollo de la Regi\u00f3n de Ays\u00e9n es la bandera de lucha que tenemos que tener todos y todas\u00bb, recalc\u00f3 la Gobernadora.<\/p>\n<p dir=\"ltr\" style=\"text-align: justify;\">Luego de la Cuenta P\u00fablica, la m\u00e1xima autoridad regional otorg\u00f3 un reconocimiento a las ex intendentas y ex intendentes de Ays\u00e9n, homenaj\u00e9andoles por sus a\u00f1os de servicio a la comunidad dentro de la instituci\u00f3n y su contribuci\u00f3n al desarrollo del territorio. Dentro de las ex autoridades reconocidas, asistieron a la conmemoraci\u00f3n: Silvia Moreno (1994-1997 \/ 2000-2002 \/ 2008), Luis Cort\u00e9s Hern\u00e1ndez (2003-2004), Selim Carrasco (2008-2010), Pilar Cuevas (2010-2014), Ximena \u00d3rdenes (2014-2015), Karina Acevedo (2016-2018) y Geoconda Navarrete (2018-2021).<\/p>\n<p dir=\"ltr\" style=\"text-align: justify;\">\u00abFelicitar el avance que ha tenido la regi\u00f3n y el posicionamiento que tiene hoy este Gobierno Regional. Creo que hemos recorrido un camino tremendamente largo, con muchas dificultades, pero hay una cosa que, para m\u00ed, es fundamental: el haber logrado tener una autoridad regional elegida. Eso marca un antes y un despu\u00e9s de c\u00f3mo se puede hacer la gesti\u00f3n p\u00fablica para un territorio como una regi\u00f3n. Por eso, valoro enormemente la valent\u00eda de una mujer como Andrea Mac\u00edas, nuestra Gobernadora\u00bb, expres\u00f3 la ex Intendenta de Ays\u00e9n Silvia Moreno.<\/p>\n<p dir=\"ltr\" style=\"text-align: justify;\">Adem\u00e1s de los ex intendentes e intendentas, a la ceremonia tambi\u00e9n asistieron el Delegado Presidencial Regional, Rodrigo Araya; el Diputado y ex Presidente del Consejo Regional, Miguel \u00c1ngel Calisto; la Diputada y ex Consejera Regional, Marcia Raphael; el Alcalde de la Municipalidad de Coyhaique, Carlos Gatica; Secretarios Regionales Ministeriales (Seremis) de varias carteras; las Consejeras Regionales Paula Acu\u00f1a, Lilian Inostroza, Marisol Mart\u00ednez y Paola Rodr\u00edguez; y los Consejeros Regionales Felipe Klein, Marco Gillibrand, Rocco Martiniello y Ra\u00fal Rudolphi.<\/p>\n<p dir=\"ltr\" style=\"text-align: justify;\">\u00abLa evoluci\u00f3n de las inversiones p\u00fablicas que el Gobierno Regional ha hecho en distintos \u00e1mbitos, sociales, productivos, de infraestructura, de salud p\u00fablica, es tremendamente amplia, y nos ha mostrado c\u00f3mo el Gobierno incide en todas las esferas, que tiene que ver con la calidad de vida de las comunidades en todo nuestro territorio y en las diez comunas de nuestra regi\u00f3n. La importancia de la descentralizaci\u00f3n y de seguir avanzando en ese proceso tambi\u00e9n est\u00e1 en el trasfondo de esta Cuenta P\u00fablica y a lo que nos invita la Gobernadora: a seguir creciendo y trabajando todos coordinadamente\u00bb, se\u00f1al\u00f3 el Delegado Presidencial Regional Rodrigo Araya.<\/p>\n<p dir=\"ltr\" style=\"text-align: justify;\">Dentro de los hitos hist\u00f3ricos del Gobierno Regional que se destacaron, se encuentran proyectos como la construcci\u00f3n de la Planta de Tratamiento de Aguas Servidas de Puerto Ays\u00e9n, el programa preventivo de salud oral escolar, la adquisici\u00f3n de equipos para atenci\u00f3n broncopulmonar infantil del Hospital Regional, la reposici\u00f3n del Consultorio General Urbano V\u00edctor Domingo Silva (Coyhaique), la construcci\u00f3n de la Caleta de Pescadores Artesanales de Puerto Aguirre, la reposici\u00f3n del edificio consistorial de Tortel, la construcci\u00f3n del Centro de Rehabilitaci\u00f3n Infantil Telet\u00f3n, la reposici\u00f3n del Terminal de Buses de Coyhaique, la adquisici\u00f3n y reposici\u00f3n de equipamiento para Bomberos, el programa de reactivaci\u00f3n econ\u00f3mica Fortalece y Reactiva, entre muchos otros.<\/p>\n<p dir=\"ltr\" style=\"text-align: justify;\">\u00abFue un evento muy emotivo para quienes conocemos un poco la historia del Gobierno Regional, el trabajo y la importancia que tiene justamente en el desarrollo de una regi\u00f3n tremendamente aislada y extrema. Han sido fundamentales estos 30 a\u00f1os. Este es un hito republicano, en el contexto en el que estamos, el reconocer a intendentas e intendentes de distintos colores pol\u00edticos, pero cual m\u00e1s cual menos, han puesto por delante siempre los intereses de la regi\u00f3n\u00bb, acot\u00f3 el Consejero Regional Ra\u00fal Rudolphi.<\/p>\n<\/div><\/section><\/div><div  style='height:50px' class='hr hr-invisible   avia-builder-el-6  el_after_av_one_full  el_before_av_social_share '><span class='hr-inner ' ><span class='hr-inner-style'><\/span><\/span><\/div><\/p>\n<div  class='av-social-sharing-box  avia-builder-el-7  el_after_av_hr  el_before_av_hr  '><div class='av-share-box'><h5 class='av-share-link-description av-no-toc '>Compartir esta noticia<\/h5><ul class='av-share-box-list noLightbox'><li class='av-share-link av-social-link-facebook' ><a target=\"_blank\" aria-label=\"Compartir en Facebook\" href='https:\/\/www.facebook.com\/sharer.php?u=https:\/\/radiorevelacionfm.cl\/?p=30128&#038;t=Conmemoran%20los%2030%20a%C3%B1os%20del%20Gobierno%20Regional%20con%20homenaje%20a%20ex%20Intendentes%20e%20Intendentas' aria-hidden='false' data-av_icon='\ue8f3' data-av_iconfont='entypo-fontello' title='' data-avia-related-tooltip='Compartir en Facebook' rel=\"noopener\"><span class='avia_hidden_link_text'>Compartir en Facebook<\/span><\/a><\/li><li class='av-share-link av-social-link-twitter' ><a target=\"_blank\" aria-label=\"Compartir en Twitter\" href='https:\/\/twitter.com\/share?text=Conmemoran%20los%2030%20a%C3%B1os%20del%20Gobierno%20Regional%20con%20homenaje%20a%20ex%20Intendentes%20e%20Intendentas&#038;url=https:\/\/radiorevelacionfm.cl\/?p=30128' aria-hidden='false' data-av_icon='\ue8f1' data-av_iconfont='entypo-fontello' title='' data-avia-related-tooltip='Compartir en Twitter' rel=\"noopener\"><span class='avia_hidden_link_text'>Compartir en Twitter<\/span><\/a><\/li><li class='av-share-link av-social-link-whatsapp' ><a target=\"_blank\" aria-label=\"Compartir en Whatsapp\" href='https:\/\/api.whatsapp.com\/send?text=https:\/\/radiorevelacionfm.cl\/?p=30128' aria-hidden='false' data-av_icon='\uf232' data-av_iconfont='entypo-fontello' title='' data-avia-related-tooltip='Compartir en Whatsapp' rel=\"noopener\"><span class='avia_hidden_link_text'>Compartir en Whatsapp<\/span><\/a><\/li><li class='av-share-link av-social-link-linkedin' ><a target=\"_blank\" aria-label=\"Compartir en LinkedIn\" href='https:\/\/linkedin.com\/shareArticle?mini=true&#038;title=Conmemoran%20los%2030%20a%C3%B1os%20del%20Gobierno%20Regional%20con%20homenaje%20a%20ex%20Intendentes%20e%20Intendentas&#038;url=https:\/\/radiorevelacionfm.cl\/?p=30128' aria-hidden='false' data-av_icon='\ue8fc' data-av_iconfont='entypo-fontello' title='' data-avia-related-tooltip='Compartir en LinkedIn' rel=\"noopener\"><span class='avia_hidden_link_text'>Compartir en LinkedIn<\/span><\/a><\/li><li class='av-share-link av-social-link-mail' ><a  aria-label=\"Compartir por correo\" href='mailto:?subject=Conmemoran%20los%2030%20a%C3%B1os%20del%20Gobierno%20Regional%20con%20homenaje%20a%20ex%20Intendentes%20e%20Intendentas&#038;body=https:\/\/radiorevelacionfm.cl\/?p=30128' aria-hidden='false' data-av_icon='\ue805' data-av_iconfont='entypo-fontello' title='' data-avia-related-tooltip='Compartir por correo'><span class='avia_hidden_link_text'>Compartir por correo<\/span><\/a><\/li><\/ul><\/div><\/div>\n<div  style='height:50px' class='hr hr-invisible   avia-builder-el-8  el_after_av_social_share  el_before_av_comments_list '><span class='hr-inner ' ><span class='hr-inner-style'><\/span><\/span><\/div>\n<div  class='av-buildercomment  av-blog-meta-html-info-disabled av-blog-meta-tag-disabled  '><\/div>\n","protected":false},"excerpt":{"rendered":"","protected":false},"author":1,"featured_media":30129,"comment_status":"open","ping_status":"open","sticky":false,"template":"","format":"standard","meta":{"footnotes":""},"categories":[38],"tags":[],"class_list":["post-30128","post","type-post","status-publish","format-standard","has-post-thumbnail","hentry","category-regional"],"jetpack_featured_media_url":"https:\/\/radiorevelacionfm.cl\/wp-content\/uploads\/2023\/04\/30-anos-2-1-1.jpeg","_links":{"self":[{"href":"https:\/\/radiorevelacionfm.cl\/index.php?rest_route=\/wp\/v2\/posts\/30128","targetHints":{"allow":["GET"]}}],"collection":[{"href":"https:\/\/radiorevelacionfm.cl\/index.php?rest_route=\/wp\/v2\/posts"}],"about":[{"href":"https:\/\/radiorevelacionfm.cl\/index.php?rest_route=\/wp\/v2\/types\/post"}],"author":[{"embeddable":true,"href":"https:\/\/radiorevelacionfm.cl\/index.php?rest_route=\/wp\/v2\/users\/1"}],"replies":[{"embeddable":true,"href":"https:\/\/radiorevelacionfm.cl\/index.php?rest_route=%2Fwp%2Fv2%2Fcomments&post=30128"}],"version-history":[{"count":1,"href":"https:\/\/radiorevelacionfm.cl\/index.php?rest_route=\/wp\/v2\/posts\/30128\/revisions"}],"predecessor-version":[{"id":30130,"href":"https:\/\/radiorevelacionfm.cl\/index.php?rest_route=\/wp\/v2\/posts\/30128\/revisions\/30130"}],"wp:featuredmedia":[{"embeddable":true,"href":"https:\/\/radiorevelacionfm.cl\/index.php?rest_route=\/wp\/v2\/media\/30129"}],"wp:attachment":[{"href":"https:\/\/radiorevelacionfm.cl\/index.php?rest_route=%2Fwp%2Fv2%2Fmedia&parent=30128"}],"wp:term":[{"taxonomy":"category","embeddable":true,"href":"https:\/\/radiorevelacionfm.cl\/index.php?rest_route=%2Fwp%2Fv2%2Fcategories&post=30128"},{"taxonomy":"post_tag","embeddable":true,"href":"https:\/\/radiorevelacionfm.cl\/index.php?rest_route=%2Fwp%2Fv2%2Ftags&post=30128"}],"curies":[{"name":"wp","href":"https:\/\/api.w.org\/{rel}","templated":true}]}}