{"id":30121,"date":"2023-04-16T22:28:10","date_gmt":"2023-04-17T01:28:10","guid":{"rendered":"https:\/\/radiorevelacionfm.cl\/?p=30121"},"modified":"2023-04-16T22:28:10","modified_gmt":"2023-04-17T01:28:10","slug":"coyhaique-entre-las-46-comunas-que-se-aplicara-el-plan-calles-sin-violencia-para-combatir-la-delincuencia","status":"publish","type":"post","link":"https:\/\/radiorevelacionfm.cl\/?p=30121","title":{"rendered":"Coyhaique entre las 46 comunas que se aplicar\u00e1 el Plan \u00abCalles Sin Violencia\u00bb para combatir la delincuencia"},"content":{"rendered":"<div class=\"flex_column av_one_full  flex_column_div av-zero-column-padding first  avia-builder-el-0  el_before_av_one_full  avia-builder-el-first  \" style='border-radius:0px; '><div  class='avia-image-container  av-styling-    avia-builder-el-1  avia-builder-el-no-sibling  avia-align-center '  itemprop=\"image\" itemscope=\"itemscope\" itemtype=\"https:\/\/schema.org\/ImageObject\"  ><div class='avia-image-container-inner'><div class='avia-image-overlay-wrap'><img decoding=\"async\" class='wp-image-22992 avia-img-lazy-loading-not-22992 avia_image' src=\"https:\/\/radiorevelacionfm.cl\/wp-content\/uploads\/2022\/10\/Carabineros_112933-1_optimized.jpg\" alt='' title='Carabineros_112933-(1)_optimized' height=\"600\" width=\"800\"  itemprop=\"thumbnailUrl\" srcset=\"https:\/\/radiorevelacionfm.cl\/wp-content\/uploads\/2022\/10\/Carabineros_112933-1_optimized.jpg 800w, https:\/\/radiorevelacionfm.cl\/wp-content\/uploads\/2022\/10\/Carabineros_112933-1_optimized-300x225.jpg 300w, https:\/\/radiorevelacionfm.cl\/wp-content\/uploads\/2022\/10\/Carabineros_112933-1_optimized-768x576.jpg 768w, https:\/\/radiorevelacionfm.cl\/wp-content\/uploads\/2022\/10\/Carabineros_112933-1_optimized-705x529.jpg 705w, https:\/\/radiorevelacionfm.cl\/wp-content\/uploads\/2022\/10\/Carabineros_112933-1_optimized-600x450.jpg 600w\" sizes=\"(max-width: 800px) 100vw, 800px\" \/><\/div><\/div><\/div><\/div><div class=\"flex_column av_one_full  flex_column_div av-zero-column-padding first  avia-builder-el-2  el_after_av_one_full  el_before_av_one_full  column-top-margin\" style='border-radius:0px; '><section class=\"av_textblock_section \"  itemscope=\"itemscope\" itemtype=\"https:\/\/schema.org\/BlogPosting\" itemprop=\"blogPost\" ><div class='avia_textblock  '   itemprop=\"text\" ><p style=\"text-align: center;\"><strong><span style=\"font-size: 18pt;\">Coyhaique entre las 46 comunas que se aplicar\u00e1 el Plan \u00abCalles Sin Violencia\u00bb para combatir la delincuencia<\/span><\/strong><\/p>\n<div id=\"gtx-trans\" style=\"position: absolute; left: -50px; top: 4.31534px;\">\n<div class=\"gtx-trans-icon\"><\/div>\n<\/div>\n<\/div><\/section><\/div><div class=\"flex_column av_one_full  flex_column_div av-zero-column-padding first  avia-builder-el-4  el_after_av_one_full  el_before_av_hr  column-top-margin\" style='border-radius:0px; '><section class=\"av_textblock_section \"  itemscope=\"itemscope\" itemtype=\"https:\/\/schema.org\/BlogPosting\" itemprop=\"blogPost\" ><div class='avia_textblock  '   itemprop=\"text\" ><p style=\"text-align: justify;\">El Gobierno confirm\u00f3 este s\u00e1bado las 46 comunas que formar\u00e1n parte del\u00a0Plan Calles Sin Violencia\u00a0impulsado por el Ejecutivo, para enfrentar la crisis de seguridad que se vive en gran parte del pa\u00eds.<\/p>\n<p style=\"text-align: justify;\">De acuerdo a informaci\u00f3n entregada por la\u00a0Subsecretar\u00eda del Interior,\u00a0este plan se enmarca en la\u00a0Pol\u00edtica Nacional contra el Crimen Organizado,\u00a0una estrategia de largo plazo que tiene por objetivo desbaratar organizaciones criminales, disminuyendo su poder de fuego y econ\u00f3mico.<\/p>\n<p style=\"text-align: justify;\">\u201cEn el corto plazo, el Gobierno implementar\u00e1 un plan de Intervenci\u00f3n para disminuir los homicidios y delitos violentos denominado \u201cCalles Sin Violencia\u201d en las comunas y sectores con mayor concentraci\u00f3n de estos hechos\u201d, se\u00f1alan.<\/p>\n<p style=\"text-align: justify;\">\u201cEn particular, se dise\u00f1ar\u00e1 una estrategia de intervenci\u00f3n espec\u00edfica para cada territorio en base a un trabajo coordinado con Carabineros de Chile, la Polic\u00eda de Investigaciones y el Ministerio P\u00fablico\u201d, a\u00f1aden.<\/p>\n<p style=\"text-align: justify;\">Respecto a los criterios de selecci\u00f3n,\u00a0las comunas fueron seleccionadas por la cantidad de homicidios,\u00a0seg\u00fan las cifras oficiales del Observatorio de Homicidios, en el cual participan las polic\u00edas, Servicio M\u00e9dico Legal y el Ministerio P\u00fablico, entre otros.<\/p>\n<p style=\"text-align: justify;\">A ello se han sumado todas las capitales regionales, alcanzando un universo inicial de\u00a046 comunas.<\/p>\n<p style=\"text-align: justify;\">La metodolog\u00eda de intervenci\u00f3n del plan se dise\u00f1\u00f3 sobre la base de los factores que habitualmente concurren en los territorios donde se producen m\u00e1s delitos violentos, explican.<\/p>\n<p style=\"text-align: justify;\">Esto incluye presencia de pandillas, crimen organizado y tr\u00e1fico de drogas; impunidad penal (delitos graves donde no se han encontrado los responsables o est\u00e1n fugados); tr\u00e1fico y presencia de armas; y, por \u00faltimo, deterioro barrial, tr\u00e1fico de drogas y consumo problem\u00e1tico de alcohol.<\/p>\n<p style=\"text-align: justify;\">Asimismo, indican que este Plan \u201cCalles sin Violencia\u201d contempla 3 l\u00edneas de acci\u00f3n, que apuntan a una\u00a0persecuci\u00f3n penal efectiva,\u00a0con un grupo de primera respuesta de homicidios, un fiscal especializado y preferente.<\/p>\n<p style=\"text-align: justify;\">La segunda l\u00ednea de acci\u00f3n, en tanto, es\u00a0\u201cactividad policial\u201d,\u00a0enfocado en un patrullaje policial efectivo a cargo de Carabineros.<\/p>\n<p style=\"text-align: justify;\">Por \u00faltimo, se implementar\u00e1 la\u00a0fiscalizaci\u00f3n de infracciones e incivilidades,\u00a0que incluye fiscalizaci\u00f3n de armas, y rondas focalizadas de fiscalizaci\u00f3n a cargo de Carabineros, para lo cual se implementar\u00e1n puntos de control policial, donde se realizar\u00e1n controles vehiculares y de identidad.<\/p>\n<p style=\"text-align: justify;\">Las comunas que forman parte del Plan \u201cCalles sin Violencia\u201d son las siguientes:<\/p>\n<p style=\"text-align: justify;\">Santiago, Arica, Puente Alto, Valpara\u00edso, Recoleta, Antofagasta, San Bernardo, Calama, Colina, Estaci\u00f3n Central, Alto Hospicio, Iquique, Maip\u00fa, Vi\u00f1a del Mar, La Pintana, Los \u00c1ngeles, Coquimbo, La Serena, Lo Espejo, Quinta, Normal, Rancagua, Concepci\u00f3n, Pudahuel, El Bosque, Puerto Montt, Chill\u00e1n, Copiap\u00f3, Valdivia, Cartagena, Ovalle, Pe\u00f1alol\u00e9n, Cerro Navia, La Florida, La Granja, Melipilla, Renca, San Joaqu\u00edn, San Miguel, Talca, Coronel, Independencia, Quilpu\u00e9, San Ram\u00f3n, Punta Arenas, Temuco y Coyhaique.<\/p>\n<\/div><\/section><\/div><div  style='height:50px' class='hr hr-invisible   avia-builder-el-6  el_after_av_one_full  el_before_av_social_share '><span class='hr-inner ' ><span class='hr-inner-style'><\/span><\/span><\/div><\/p>\n<div  class='av-social-sharing-box  avia-builder-el-7  el_after_av_hr  el_before_av_hr  '><div class='av-share-box'><h5 class='av-share-link-description av-no-toc '>Compartir esta noticia<\/h5><ul class='av-share-box-list noLightbox'><li class='av-share-link av-social-link-facebook' ><a target=\"_blank\" aria-label=\"Compartir en Facebook\" href='https:\/\/www.facebook.com\/sharer.php?u=https:\/\/radiorevelacionfm.cl\/?p=30121&#038;t=Coyhaique%20entre%20las%2046%20comunas%20que%20se%20aplicar%C3%A1%20el%20Plan%20%C2%ABCalles%20Sin%20Violencia%C2%BB%20para%20combatir%20la%20delincuencia' aria-hidden='false' data-av_icon='\ue8f3' data-av_iconfont='entypo-fontello' title='' data-avia-related-tooltip='Compartir en Facebook' rel=\"noopener\"><span class='avia_hidden_link_text'>Compartir en Facebook<\/span><\/a><\/li><li class='av-share-link av-social-link-twitter' ><a target=\"_blank\" aria-label=\"Compartir en Twitter\" href='https:\/\/twitter.com\/share?text=Coyhaique%20entre%20las%2046%20comunas%20que%20se%20aplicar%C3%A1%20el%20Plan%20%C2%ABCalles%20Sin%20Violencia%C2%BB%20para%20combatir%20la%20delincuencia&#038;url=https:\/\/radiorevelacionfm.cl\/?p=30121' aria-hidden='false' data-av_icon='\ue8f1' data-av_iconfont='entypo-fontello' title='' data-avia-related-tooltip='Compartir en Twitter' rel=\"noopener\"><span class='avia_hidden_link_text'>Compartir en Twitter<\/span><\/a><\/li><li class='av-share-link av-social-link-whatsapp' ><a target=\"_blank\" aria-label=\"Compartir en Whatsapp\" href='https:\/\/api.whatsapp.com\/send?text=https:\/\/radiorevelacionfm.cl\/?p=30121' aria-hidden='false' data-av_icon='\uf232' data-av_iconfont='entypo-fontello' title='' data-avia-related-tooltip='Compartir en Whatsapp' rel=\"noopener\"><span class='avia_hidden_link_text'>Compartir en Whatsapp<\/span><\/a><\/li><li class='av-share-link av-social-link-linkedin' ><a target=\"_blank\" aria-label=\"Compartir en LinkedIn\" href='https:\/\/linkedin.com\/shareArticle?mini=true&#038;title=Coyhaique%20entre%20las%2046%20comunas%20que%20se%20aplicar%C3%A1%20el%20Plan%20%C2%ABCalles%20Sin%20Violencia%C2%BB%20para%20combatir%20la%20delincuencia&#038;url=https:\/\/radiorevelacionfm.cl\/?p=30121' aria-hidden='false' data-av_icon='\ue8fc' data-av_iconfont='entypo-fontello' title='' data-avia-related-tooltip='Compartir en LinkedIn' rel=\"noopener\"><span class='avia_hidden_link_text'>Compartir en LinkedIn<\/span><\/a><\/li><li class='av-share-link av-social-link-mail' ><a  aria-label=\"Compartir por correo\" href='mailto:?subject=Coyhaique%20entre%20las%2046%20comunas%20que%20se%20aplicar%C3%A1%20el%20Plan%20%C2%ABCalles%20Sin%20Violencia%C2%BB%20para%20combatir%20la%20delincuencia&#038;body=https:\/\/radiorevelacionfm.cl\/?p=30121' aria-hidden='false' data-av_icon='\ue805' data-av_iconfont='entypo-fontello' title='' data-avia-related-tooltip='Compartir por correo'><span class='avia_hidden_link_text'>Compartir por correo<\/span><\/a><\/li><\/ul><\/div><\/div>\n<div  style='height:50px' class='hr hr-invisible   avia-builder-el-8  el_after_av_social_share  el_before_av_comments_list '><span class='hr-inner ' ><span class='hr-inner-style'><\/span><\/span><\/div>\n<div  class='av-buildercomment  av-blog-meta-html-info-disabled av-blog-meta-tag-disabled  '><\/div>\n","protected":false},"excerpt":{"rendered":"","protected":false},"author":1,"featured_media":22992,"comment_status":"open","ping_status":"open","sticky":false,"template":"","format":"standard","meta":{"footnotes":""},"categories":[38],"tags":[],"class_list":["post-30121","post","type-post","status-publish","format-standard","has-post-thumbnail","hentry","category-regional"],"jetpack_featured_media_url":"https:\/\/radiorevelacionfm.cl\/wp-content\/uploads\/2022\/10\/Carabineros_112933-1_optimized.jpg","_links":{"self":[{"href":"https:\/\/radiorevelacionfm.cl\/index.php?rest_route=\/wp\/v2\/posts\/30121","targetHints":{"allow":["GET"]}}],"collection":[{"href":"https:\/\/radiorevelacionfm.cl\/index.php?rest_route=\/wp\/v2\/posts"}],"about":[{"href":"https:\/\/radiorevelacionfm.cl\/index.php?rest_route=\/wp\/v2\/types\/post"}],"author":[{"embeddable":true,"href":"https:\/\/radiorevelacionfm.cl\/index.php?rest_route=\/wp\/v2\/users\/1"}],"replies":[{"embeddable":true,"href":"https:\/\/radiorevelacionfm.cl\/index.php?rest_route=%2Fwp%2Fv2%2Fcomments&post=30121"}],"version-history":[{"count":1,"href":"https:\/\/radiorevelacionfm.cl\/index.php?rest_route=\/wp\/v2\/posts\/30121\/revisions"}],"predecessor-version":[{"id":30122,"href":"https:\/\/radiorevelacionfm.cl\/index.php?rest_route=\/wp\/v2\/posts\/30121\/revisions\/30122"}],"wp:featuredmedia":[{"embeddable":true,"href":"https:\/\/radiorevelacionfm.cl\/index.php?rest_route=\/wp\/v2\/media\/22992"}],"wp:attachment":[{"href":"https:\/\/radiorevelacionfm.cl\/index.php?rest_route=%2Fwp%2Fv2%2Fmedia&parent=30121"}],"wp:term":[{"taxonomy":"category","embeddable":true,"href":"https:\/\/radiorevelacionfm.cl\/index.php?rest_route=%2Fwp%2Fv2%2Fcategories&post=30121"},{"taxonomy":"post_tag","embeddable":true,"href":"https:\/\/radiorevelacionfm.cl\/index.php?rest_route=%2Fwp%2Fv2%2Ftags&post=30121"}],"curies":[{"name":"wp","href":"https:\/\/api.w.org\/{rel}","templated":true}]}}