{"id":3012,"date":"2021-02-28T16:14:07","date_gmt":"2021-02-28T19:14:07","guid":{"rendered":"https:\/\/radiorevelacionfm.cl\/?p=3012"},"modified":"2021-02-28T16:14:07","modified_gmt":"2021-02-28T19:14:07","slug":"informan-sobre-proyecto-de-telecomunicaciones-en-alto-manihuales-y-rio-norte","status":"publish","type":"post","link":"https:\/\/radiorevelacionfm.cl\/?p=3012","title":{"rendered":"Informan sobre proyecto de telecomunicaciones en Alto Ma\u00f1ihuales y R\u00edo Norte"},"content":{"rendered":"<div class=\"flex_column av_one_full  flex_column_div av-zero-column-padding first  avia-builder-el-0  el_before_av_one_full  avia-builder-el-first  \" style='border-radius:0px; '><div  class='avia-image-container  av-styling-    avia-builder-el-1  avia-builder-el-no-sibling  avia-align-center '  itemprop=\"image\" itemscope=\"itemscope\" itemtype=\"https:\/\/schema.org\/ImageObject\"  ><div class='avia-image-container-inner'><div class='avia-image-overlay-wrap'><img decoding=\"async\" class='wp-image-0 avia-img-lazy-loading-not-0 avia_image' src=\"https:\/\/radiorevelacionfm.cl\/wp-content\/uploads\/2021\/02\/DSC_3147-1-1.jpg\" alt='' title=''   itemprop=\"thumbnailUrl\"  \/><\/div><\/div><\/div><\/div><div class=\"flex_column av_one_full  flex_column_div av-zero-column-padding first  avia-builder-el-2  el_after_av_one_full  el_before_av_one_full  column-top-margin\" style='border-radius:0px; '><section class=\"av_textblock_section \"  itemscope=\"itemscope\" itemtype=\"https:\/\/schema.org\/BlogPosting\" itemprop=\"blogPost\" ><div class='avia_textblock  '   itemprop=\"text\" ><p style=\"text-align: center;\"><strong><span style=\"font-size: 18pt;\">Informan sobre proyecto de telecomunicaciones en Alto Ma\u00f1ihuales y R\u00edo Norte<\/span><\/strong><\/p>\n<div id=\"gtx-trans\" style=\"position: absolute; left: -50px; top: 4.31534px;\">\n<div class=\"gtx-trans-icon\"><\/div>\n<\/div>\n<\/div><\/section><\/div><div class=\"flex_column av_one_full  flex_column_div av-zero-column-padding first  avia-builder-el-4  el_after_av_one_full  el_before_av_hr  column-top-margin\" style='border-radius:0px; '><section class=\"av_textblock_section \"  itemscope=\"itemscope\" itemtype=\"https:\/\/schema.org\/BlogPosting\" itemprop=\"blogPost\" ><div class='avia_textblock  '   itemprop=\"text\" ><p style=\"text-align: justify;\"><em>Luego de que el financiamiento del proyecto Conectividad Productiva y Soberana fuera aprobado por el Consejo Regional, se inform\u00f3 a estos sectores rurales de la comuna de Coyhaique sobre los detalles de esta iniciativa.<\/em><\/p>\n<p style=\"text-align: justify;\">A fin de dar a conocer las implicancias del proyecto \u201cConectividad Productiva y Soberana para 8 localidades\u201d el seremiTT Fabi\u00e1n Rojas se traslad\u00f3 hacia Alto Ma\u00f1ihuales y R\u00edo Norte en donde se sostuvieron sendas reuniones con los vecinos. Los recursos para financiar esta iniciativa fueron aprobados por el Consejo Regional por un monto que asciende a m\u00e1s de 7 mil 600 millones de pesos y su objetivo es dotar de infraestructura de telecomunicaciones a 8 localidades rurales de Ays\u00e9n que hasta la fecha no cuentan con acceso a servicios de telefon\u00eda e Internet M\u00f3vil.<\/p>\n<p style=\"text-align: justify;\">Al inicio de la gesti\u00f3n de este Gobierno, dirigentas de ambos sectores presentaron este requerimiento a la autoridad sectorial, con lo que se dar\u00eda forma a esta iniciativa. El seremi de Transportes y Telecomunicaciones Fabi\u00e1n Rojas asegur\u00f3 que a trav\u00e9s de estas obras se materializar\u00e1 un cambio considerable en la conectividad de estas localidades.<\/p>\n<p style=\"text-align: justify;\">\u201cNos quedamos con el trabajo esforzado de a\u00f1os de esta dirigentes que podr\u00e1n ver este proyecto que est\u00e1 dentro del Plan Gobierno del Presidente Sebasti\u00e1n Pi\u00f1era\u201d, agregando lo importante de visitar a los vecinos en sus localidades ya que \u201cmuchos de ellos no ten\u00edan conocimiento de este avance, porque no hay conectividad ac\u00e1. Estamos llegando con una soluci\u00f3n para estos vecinos de una zona aislada, que sin lugar a dudas les permitir\u00e1 mejorar su calidad de vida, permanecer en el territorio, en el campo. Seguimos trabajando para reencontrarnos con nuestros vecinos de las zonas rurales\u201d, asever\u00f3 Rojas.<\/p>\n<p style=\"text-align: justify;\">En Alto Ma\u00f1ihuales, distante a 140 km de Coyhaique y habitado por alrededor de 200 vecinos, la presidenta de la junta vecinal, Mar\u00eda Ram\u00edrez expres\u00f3 que: \u201cnos sentimos muy contentos de que el seremi haya venido a darnos esta noticia de que vamos a tener telefon\u00eda en el sector, as\u00ed que felicitar a las autoridades, a los vecinos, que nos han apoyado y a nosotros tambi\u00e9n por ser constantes para llegar a esto\u201d.<\/p>\n<p style=\"text-align: justify;\">Gladis Huenchumir, secretaria de la junta de vecinos de dicha localidad agreg\u00f3: \u201ceste proyecto de conectividad digital es un orgullo para nosotros como\u00a0 sector. Nuestras proyecciones son que nuestros hijos sigan estudiando sin alejarse tanto de su casa, de sus padres y que puedan volver a nuestro querido Alto Ma\u00f1ihuales\u201d.<\/p>\n<p style=\"text-align: justify;\">En R\u00edo Norte, Isabel Cruces, Presidenta del Comit\u00e9 Campesino Cerro Mirador de R\u00edo Norte relat\u00f3 que actualmente los vecinos deben trasladarse 6 \u00f3 8 km. para tomar la se\u00f1al de rebote que viene desde Rodeo Los Palos y que, en el transcurso de la pandemia, contar con servicios de conectividad se ha hecho cada vez m\u00e1s necesario.<\/p>\n<p style=\"text-align: justify;\">\u201cEsto es excelente. Estoy feliz, muy contenta por esta noticia que el seremi nos trajo. Por lo menos vamos a tener se\u00f1al de tel\u00e9fono que ac\u00e1 nos hace mucha falta por nuestros hijos, nuestros adultos mayores y por temas de trabajo de los vecinos.\u201d<\/p>\n<p style=\"text-align: justify;\">En la comuna de Coyhaique, adem\u00e1s de Alto Ma\u00f1ihuales y R\u00edo Norte, tambi\u00e9n fueron incluidos en esta iniciativa Emperador Guillermo y el Richard \/Bajo Hondo. En la comuna de Ays\u00e9n ser\u00e1 beneficiado el sector cercano a Villa Ma\u00f1ihuales, El Turbio; Las Nalcas y Los C\u00e9sares de la comuna de Cisnes y en la comuna de O\u2019Higgins, Isla Central.<\/p>\n<\/div><\/section><\/div><div  style='height:50px' class='hr hr-invisible   avia-builder-el-6  el_after_av_one_full  el_before_av_social_share '><span class='hr-inner ' ><span class='hr-inner-style'><\/span><\/span><\/div><\/p>\n<div  class='av-social-sharing-box  avia-builder-el-7  el_after_av_hr  el_before_av_hr  '><div class='av-share-box'><h5 class='av-share-link-description av-no-toc '>Compartir esta noticia<\/h5><ul class='av-share-box-list noLightbox'><li class='av-share-link av-social-link-facebook' ><a target=\"_blank\" aria-label=\"Compartir en Facebook\" href='https:\/\/www.facebook.com\/sharer.php?u=https:\/\/radiorevelacionfm.cl\/?p=3012&#038;t=Informan%20sobre%20proyecto%20de%20telecomunicaciones%20en%20Alto%20Ma%C3%B1ihuales%20y%20R%C3%ADo%20Norte' aria-hidden='false' data-av_icon='\ue8f3' data-av_iconfont='entypo-fontello' title='' data-avia-related-tooltip='Compartir en Facebook' rel=\"noopener\"><span class='avia_hidden_link_text'>Compartir en Facebook<\/span><\/a><\/li><li class='av-share-link av-social-link-twitter' ><a target=\"_blank\" aria-label=\"Compartir en Twitter\" href='https:\/\/twitter.com\/share?text=Informan%20sobre%20proyecto%20de%20telecomunicaciones%20en%20Alto%20Ma%C3%B1ihuales%20y%20R%C3%ADo%20Norte&#038;url=https:\/\/radiorevelacionfm.cl\/?p=3012' aria-hidden='false' data-av_icon='\ue8f1' data-av_iconfont='entypo-fontello' title='' data-avia-related-tooltip='Compartir en Twitter' rel=\"noopener\"><span class='avia_hidden_link_text'>Compartir en Twitter<\/span><\/a><\/li><li class='av-share-link av-social-link-whatsapp' ><a target=\"_blank\" aria-label=\"Compartir en Whatsapp\" href='https:\/\/api.whatsapp.com\/send?text=https:\/\/radiorevelacionfm.cl\/?p=3012' aria-hidden='false' data-av_icon='\uf232' data-av_iconfont='entypo-fontello' title='' data-avia-related-tooltip='Compartir en Whatsapp' rel=\"noopener\"><span class='avia_hidden_link_text'>Compartir en Whatsapp<\/span><\/a><\/li><li class='av-share-link av-social-link-linkedin' ><a target=\"_blank\" aria-label=\"Compartir en LinkedIn\" href='https:\/\/linkedin.com\/shareArticle?mini=true&#038;title=Informan%20sobre%20proyecto%20de%20telecomunicaciones%20en%20Alto%20Ma%C3%B1ihuales%20y%20R%C3%ADo%20Norte&#038;url=https:\/\/radiorevelacionfm.cl\/?p=3012' aria-hidden='false' data-av_icon='\ue8fc' data-av_iconfont='entypo-fontello' title='' data-avia-related-tooltip='Compartir en LinkedIn' rel=\"noopener\"><span class='avia_hidden_link_text'>Compartir en LinkedIn<\/span><\/a><\/li><li class='av-share-link av-social-link-mail' ><a  aria-label=\"Compartir por correo\" href='mailto:?subject=Informan%20sobre%20proyecto%20de%20telecomunicaciones%20en%20Alto%20Ma%C3%B1ihuales%20y%20R%C3%ADo%20Norte&#038;body=https:\/\/radiorevelacionfm.cl\/?p=3012' aria-hidden='false' data-av_icon='\ue805' data-av_iconfont='entypo-fontello' title='' data-avia-related-tooltip='Compartir por correo'><span class='avia_hidden_link_text'>Compartir por correo<\/span><\/a><\/li><\/ul><\/div><\/div>\n<div  style='height:50px' class='hr hr-invisible   avia-builder-el-8  el_after_av_social_share  el_before_av_comments_list '><span class='hr-inner ' ><span class='hr-inner-style'><\/span><\/span><\/div>\n<div  class='av-buildercomment  av-blog-meta-html-info-disabled av-blog-meta-tag-disabled  '><\/div>\n","protected":false},"excerpt":{"rendered":"","protected":false},"author":1,"featured_media":0,"comment_status":"open","ping_status":"open","sticky":false,"template":"","format":"standard","meta":{"footnotes":""},"categories":[38],"tags":[],"class_list":["post-3012","post","type-post","status-publish","format-standard","hentry","category-regional"],"jetpack_featured_media_url":"","_links":{"self":[{"href":"https:\/\/radiorevelacionfm.cl\/index.php?rest_route=\/wp\/v2\/posts\/3012","targetHints":{"allow":["GET"]}}],"collection":[{"href":"https:\/\/radiorevelacionfm.cl\/index.php?rest_route=\/wp\/v2\/posts"}],"about":[{"href":"https:\/\/radiorevelacionfm.cl\/index.php?rest_route=\/wp\/v2\/types\/post"}],"author":[{"embeddable":true,"href":"https:\/\/radiorevelacionfm.cl\/index.php?rest_route=\/wp\/v2\/users\/1"}],"replies":[{"embeddable":true,"href":"https:\/\/radiorevelacionfm.cl\/index.php?rest_route=%2Fwp%2Fv2%2Fcomments&post=3012"}],"version-history":[{"count":1,"href":"https:\/\/radiorevelacionfm.cl\/index.php?rest_route=\/wp\/v2\/posts\/3012\/revisions"}],"predecessor-version":[{"id":3014,"href":"https:\/\/radiorevelacionfm.cl\/index.php?rest_route=\/wp\/v2\/posts\/3012\/revisions\/3014"}],"wp:attachment":[{"href":"https:\/\/radiorevelacionfm.cl\/index.php?rest_route=%2Fwp%2Fv2%2Fmedia&parent=3012"}],"wp:term":[{"taxonomy":"category","embeddable":true,"href":"https:\/\/radiorevelacionfm.cl\/index.php?rest_route=%2Fwp%2Fv2%2Fcategories&post=3012"},{"taxonomy":"post_tag","embeddable":true,"href":"https:\/\/radiorevelacionfm.cl\/index.php?rest_route=%2Fwp%2Fv2%2Ftags&post=3012"}],"curies":[{"name":"wp","href":"https:\/\/api.w.org\/{rel}","templated":true}]}}