{"id":30118,"date":"2023-04-16T21:14:37","date_gmt":"2023-04-17T00:14:37","guid":{"rendered":"https:\/\/radiorevelacionfm.cl\/?p=30118"},"modified":"2023-04-16T21:14:37","modified_gmt":"2023-04-17T00:14:37","slug":"dialogo-entre-el-servicio-de-salud-y-trabajadores-rindio-frutos-pabellones-del-hospital-regional-retomaran-funcionamiento","status":"publish","type":"post","link":"https:\/\/radiorevelacionfm.cl\/?p=30118","title":{"rendered":"Di\u00e1logo entre el Servicio de Salud y trabajadores rindi\u00f3 frutos: Pabellones del Hospital Regional retomar\u00e1n funcionamiento"},"content":{"rendered":"<div class=\"flex_column av_one_full  flex_column_div av-zero-column-padding first  avia-builder-el-0  el_before_av_one_full  avia-builder-el-first  \" style='border-radius:0px; '><div  class='avia-image-container  av-styling-    avia-builder-el-1  avia-builder-el-no-sibling  avia-align-center '  itemprop=\"image\" itemscope=\"itemscope\" itemtype=\"https:\/\/schema.org\/ImageObject\"  ><div class='avia-image-container-inner'><div class='avia-image-overlay-wrap'><img decoding=\"async\" class='wp-image-30119 avia-img-lazy-loading-not-30119 avia_image' src=\"https:\/\/radiorevelacionfm.cl\/wp-content\/uploads\/2023\/04\/whatsapp-image-2023-04-16-at-18_optimized.15.41-1-1-1.jpeg\" alt='' title='whatsapp-image-2023-04-16-at-18_optimized.15.41-(1)-(1) (1)' height=\"600\" width=\"1277\"  itemprop=\"thumbnailUrl\" srcset=\"https:\/\/radiorevelacionfm.cl\/wp-content\/uploads\/2023\/04\/whatsapp-image-2023-04-16-at-18_optimized.15.41-1-1-1.jpeg 1277w, https:\/\/radiorevelacionfm.cl\/wp-content\/uploads\/2023\/04\/whatsapp-image-2023-04-16-at-18_optimized.15.41-1-1-1-300x141.jpeg 300w, https:\/\/radiorevelacionfm.cl\/wp-content\/uploads\/2023\/04\/whatsapp-image-2023-04-16-at-18_optimized.15.41-1-1-1-1030x484.jpeg 1030w, https:\/\/radiorevelacionfm.cl\/wp-content\/uploads\/2023\/04\/whatsapp-image-2023-04-16-at-18_optimized.15.41-1-1-1-768x361.jpeg 768w, https:\/\/radiorevelacionfm.cl\/wp-content\/uploads\/2023\/04\/whatsapp-image-2023-04-16-at-18_optimized.15.41-1-1-1-705x331.jpeg 705w, https:\/\/radiorevelacionfm.cl\/wp-content\/uploads\/2023\/04\/whatsapp-image-2023-04-16-at-18_optimized.15.41-1-1-1-450x211.jpeg 450w, https:\/\/radiorevelacionfm.cl\/wp-content\/uploads\/2023\/04\/whatsapp-image-2023-04-16-at-18_optimized.15.41-1-1-1-600x282.jpeg 600w\" sizes=\"(max-width: 1277px) 100vw, 1277px\" \/><\/div><\/div><\/div><\/div><div class=\"flex_column av_one_full  flex_column_div av-zero-column-padding first  avia-builder-el-2  el_after_av_one_full  el_before_av_one_full  column-top-margin\" style='border-radius:0px; '><section class=\"av_textblock_section \"  itemscope=\"itemscope\" itemtype=\"https:\/\/schema.org\/BlogPosting\" itemprop=\"blogPost\" ><div class='avia_textblock  '   itemprop=\"text\" ><p style=\"text-align: center;\"><strong><span style=\"font-size: 18pt;\">Di\u00e1logo entre el Servicio de Salud y trabajadores rindi\u00f3 frutos: Pabellones del Hospital Regional retomar\u00e1n funcionamiento<\/span><\/strong><\/p>\n<div id=\"gtx-trans\" style=\"position: absolute; left: -50px; top: 4.31534px;\">\n<div class=\"gtx-trans-icon\"><\/div>\n<\/div>\n<\/div><\/section><\/div><div class=\"flex_column av_one_full  flex_column_div av-zero-column-padding first  avia-builder-el-4  el_after_av_one_full  el_before_av_hr  column-top-margin\" style='border-radius:0px; '><section class=\"av_textblock_section \"  itemscope=\"itemscope\" itemtype=\"https:\/\/schema.org\/BlogPosting\" itemprop=\"blogPost\" ><div class='avia_textblock  '   itemprop=\"text\" ><p style=\"font-weight: 400; text-align: justify;\">Con la firma de un documento que establece ocho puntos que permitir\u00e1n, de manera gradual, avanzar en las mejoras y el reconocimiento de la funci\u00f3n que cumplen, sin afectar la carrera funcionaria, los TENS de Pabell\u00f3n del Hospital Regional Coyhaique, decidieron deponer el paro que afect\u00f3 las atenciones a la comunidad durante 11 d\u00edas.<\/p>\n<p style=\"font-weight: 400; text-align: justify;\">El acuerdo se logr\u00f3 luego de incesantes negociaciones, las que se prolongaron durante el fin de semana, con el apoyo de representantes del equipo de Relaciones Laborales del Ministerio de Salud y con la presencia de las organizaciones gremiales FENTESS y FENATS. \u201cTerminamos agotados, pero conformes, se agradece a todas las partes que han tenido voluntad de avanzar. Se\u00f1alar que pabell\u00f3n queda en alerta. Tenemos una mesa pendiente, donde hay que trabajar los puntos de fondo que es lo que nos trajo hasta ac\u00e1 y agradecerles a todos\u201d, se\u00f1al\u00f3 Gisella Z\u00fa\u00f1iga, instrumentista del pabell\u00f3n del HRC.<\/p>\n<p style=\"font-weight: 400; text-align: justify;\">\u201cCada uno de los puntos los vamos a responder como corresponde, as\u00ed que nos queda trabajar desde ya a partir del pr\u00f3ximo mi\u00e9rcoles, vamos armar la mesa de trabajo y estoy convencido que tenemos que llegar a un feliz t\u00e9rmino. Agradecer a todos, a las relaciones laborales que es fundamental. La disposici\u00f3n de dialogar es la \u00fanica forma para poder seguir avanzando\u201d, advirti\u00f3 por su parte Mauricio Cort\u00e9s, director del Servicio de Salud Ays\u00e9n (SSA).<\/p>\n<p style=\"font-weight: 400; text-align: justify;\">Mientras Armando Gacit\u00faa, presidente de la FENTESS, precis\u00f3 que \u201cespecificar que es un trabajo que comenzaron a realizar los funcionarios y funcionarias TENS del servicio de pabell\u00f3n del Hospital regional Coyhaique, en donde se han puesto sobre la mesa toda la problem\u00e1tica que tiene el desarrollo de la actividad quir\u00fargica y la participaci\u00f3n t\u00e9cnica que tienen las trabajadoras y trabajadores de este servicio y estamos satisfechos con los acuerdos\u201d.<\/p>\n<p style=\"font-weight: 400; text-align: justify;\">El documento establece que durante esta semana se iniciar\u00e1 una mesa de trabajo, liderada por el Servicio de Salud y con la presencia de representantes de las y los TENS de pabell\u00f3n, para detectar brechas y mejorar las condiciones laborales.<\/p>\n<p style=\"font-weight: 400; text-align: justify;\">\u201cLo tomamos bien, es lo que estamos buscando, tenemos que trabajar en arreglar a los t\u00e9cnicos de pabell\u00f3n. Hay muchas brechas y muchas cosas que corregir y es una buena instancia para que podamos trabajar en conjunto\u201d, cerr\u00f3 Paola \u00c1guila, TEN de pabell\u00f3n.<\/p>\n<p style=\"font-weight: 400; text-align: justify;\">Cabe se\u00f1alar que las funciones se retomar\u00e1n este lunes 17 de abril a contar de las ocho de la ma\u00f1ana.<\/p>\n<\/div><\/section><\/div><div  style='height:50px' class='hr hr-invisible   avia-builder-el-6  el_after_av_one_full  el_before_av_social_share '><span class='hr-inner ' ><span class='hr-inner-style'><\/span><\/span><\/div><\/p>\n<div  class='av-social-sharing-box  avia-builder-el-7  el_after_av_hr  el_before_av_hr  '><div class='av-share-box'><h5 class='av-share-link-description av-no-toc '>Compartir esta noticia<\/h5><ul class='av-share-box-list noLightbox'><li class='av-share-link av-social-link-facebook' ><a target=\"_blank\" aria-label=\"Compartir en Facebook\" href='https:\/\/www.facebook.com\/sharer.php?u=https:\/\/radiorevelacionfm.cl\/?p=30118&#038;t=Di%C3%A1logo%20entre%20el%20Servicio%20de%20Salud%20y%20trabajadores%20rindi%C3%B3%20frutos%3A%20Pabellones%20del%20Hospital%20Regional%20retomar%C3%A1n%20funcionamiento' aria-hidden='false' data-av_icon='\ue8f3' data-av_iconfont='entypo-fontello' title='' data-avia-related-tooltip='Compartir en Facebook' rel=\"noopener\"><span class='avia_hidden_link_text'>Compartir en Facebook<\/span><\/a><\/li><li class='av-share-link av-social-link-twitter' ><a target=\"_blank\" aria-label=\"Compartir en Twitter\" href='https:\/\/twitter.com\/share?text=Di%C3%A1logo%20entre%20el%20Servicio%20de%20Salud%20y%20trabajadores%20rindi%C3%B3%20frutos%3A%20Pabellones%20del%20Hospital%20Regional%20retomar%C3%A1n%20funcionamiento&#038;url=https:\/\/radiorevelacionfm.cl\/?p=30118' aria-hidden='false' data-av_icon='\ue8f1' data-av_iconfont='entypo-fontello' title='' data-avia-related-tooltip='Compartir en Twitter' rel=\"noopener\"><span class='avia_hidden_link_text'>Compartir en Twitter<\/span><\/a><\/li><li class='av-share-link av-social-link-whatsapp' ><a target=\"_blank\" aria-label=\"Compartir en Whatsapp\" href='https:\/\/api.whatsapp.com\/send?text=https:\/\/radiorevelacionfm.cl\/?p=30118' aria-hidden='false' data-av_icon='\uf232' data-av_iconfont='entypo-fontello' title='' data-avia-related-tooltip='Compartir en Whatsapp' rel=\"noopener\"><span class='avia_hidden_link_text'>Compartir en Whatsapp<\/span><\/a><\/li><li class='av-share-link av-social-link-linkedin' ><a target=\"_blank\" aria-label=\"Compartir en LinkedIn\" href='https:\/\/linkedin.com\/shareArticle?mini=true&#038;title=Di%C3%A1logo%20entre%20el%20Servicio%20de%20Salud%20y%20trabajadores%20rindi%C3%B3%20frutos%3A%20Pabellones%20del%20Hospital%20Regional%20retomar%C3%A1n%20funcionamiento&#038;url=https:\/\/radiorevelacionfm.cl\/?p=30118' aria-hidden='false' data-av_icon='\ue8fc' data-av_iconfont='entypo-fontello' title='' data-avia-related-tooltip='Compartir en LinkedIn' rel=\"noopener\"><span class='avia_hidden_link_text'>Compartir en LinkedIn<\/span><\/a><\/li><li class='av-share-link av-social-link-mail' ><a  aria-label=\"Compartir por correo\" href='mailto:?subject=Di%C3%A1logo%20entre%20el%20Servicio%20de%20Salud%20y%20trabajadores%20rindi%C3%B3%20frutos%3A%20Pabellones%20del%20Hospital%20Regional%20retomar%C3%A1n%20funcionamiento&#038;body=https:\/\/radiorevelacionfm.cl\/?p=30118' aria-hidden='false' data-av_icon='\ue805' data-av_iconfont='entypo-fontello' title='' data-avia-related-tooltip='Compartir por correo'><span class='avia_hidden_link_text'>Compartir por correo<\/span><\/a><\/li><\/ul><\/div><\/div>\n<div  style='height:50px' class='hr hr-invisible   avia-builder-el-8  el_after_av_social_share  el_before_av_comments_list '><span class='hr-inner ' ><span class='hr-inner-style'><\/span><\/span><\/div>\n<div  class='av-buildercomment  av-blog-meta-html-info-disabled av-blog-meta-tag-disabled  '><\/div>\n","protected":false},"excerpt":{"rendered":"","protected":false},"author":1,"featured_media":30119,"comment_status":"open","ping_status":"open","sticky":false,"template":"","format":"standard","meta":{"footnotes":""},"categories":[46],"tags":[],"class_list":["post-30118","post","type-post","status-publish","format-standard","has-post-thumbnail","hentry","category-salud"],"jetpack_featured_media_url":"https:\/\/radiorevelacionfm.cl\/wp-content\/uploads\/2023\/04\/whatsapp-image-2023-04-16-at-18_optimized.15.41-1-1-1.jpeg","_links":{"self":[{"href":"https:\/\/radiorevelacionfm.cl\/index.php?rest_route=\/wp\/v2\/posts\/30118","targetHints":{"allow":["GET"]}}],"collection":[{"href":"https:\/\/radiorevelacionfm.cl\/index.php?rest_route=\/wp\/v2\/posts"}],"about":[{"href":"https:\/\/radiorevelacionfm.cl\/index.php?rest_route=\/wp\/v2\/types\/post"}],"author":[{"embeddable":true,"href":"https:\/\/radiorevelacionfm.cl\/index.php?rest_route=\/wp\/v2\/users\/1"}],"replies":[{"embeddable":true,"href":"https:\/\/radiorevelacionfm.cl\/index.php?rest_route=%2Fwp%2Fv2%2Fcomments&post=30118"}],"version-history":[{"count":1,"href":"https:\/\/radiorevelacionfm.cl\/index.php?rest_route=\/wp\/v2\/posts\/30118\/revisions"}],"predecessor-version":[{"id":30120,"href":"https:\/\/radiorevelacionfm.cl\/index.php?rest_route=\/wp\/v2\/posts\/30118\/revisions\/30120"}],"wp:featuredmedia":[{"embeddable":true,"href":"https:\/\/radiorevelacionfm.cl\/index.php?rest_route=\/wp\/v2\/media\/30119"}],"wp:attachment":[{"href":"https:\/\/radiorevelacionfm.cl\/index.php?rest_route=%2Fwp%2Fv2%2Fmedia&parent=30118"}],"wp:term":[{"taxonomy":"category","embeddable":true,"href":"https:\/\/radiorevelacionfm.cl\/index.php?rest_route=%2Fwp%2Fv2%2Fcategories&post=30118"},{"taxonomy":"post_tag","embeddable":true,"href":"https:\/\/radiorevelacionfm.cl\/index.php?rest_route=%2Fwp%2Fv2%2Ftags&post=30118"}],"curies":[{"name":"wp","href":"https:\/\/api.w.org\/{rel}","templated":true}]}}