{"id":30115,"date":"2023-04-17T10:38:58","date_gmt":"2023-04-17T13:38:58","guid":{"rendered":"https:\/\/radiorevelacionfm.cl\/?p=30115"},"modified":"2023-04-17T10:57:50","modified_gmt":"2023-04-17T13:57:50","slug":"seremi-tatiana-pla-por-promulgacion-de-ley-40-horas-seguimos-cumpliendo-con-los-compromisos-de-nuestro-gobierno","status":"publish","type":"post","link":"https:\/\/radiorevelacionfm.cl\/?p=30115","title":{"rendered":"Seremi Tatiana Pl\u00e1 por promulgaci\u00f3n de Ley 40 horas: \u00abSeguimos cumpliendo con los compromisos de nuestro Gobierno\u00bb"},"content":{"rendered":"<div class=\"flex_column av_one_full  flex_column_div av-zero-column-padding first  avia-builder-el-0  el_before_av_one_full  avia-builder-el-first  \" style='border-radius:0px; '><div  class='avia-image-container  av-styling-    avia-builder-el-1  avia-builder-el-no-sibling  avia-align-center '  itemprop=\"image\" itemscope=\"itemscope\" itemtype=\"https:\/\/schema.org\/ImageObject\"  ><div class='avia-image-container-inner'><div class='avia-image-overlay-wrap'><img decoding=\"async\" class='wp-image-30123 avia-img-lazy-loading-not-30123 avia_image' src=\"https:\/\/radiorevelacionfm.cl\/wp-content\/uploads\/2023\/04\/seremi-5-1_optimized.jpg\" alt='' title='seremi-(5)-(1)_optimized' height=\"600\" width=\"968\"  itemprop=\"thumbnailUrl\" srcset=\"https:\/\/radiorevelacionfm.cl\/wp-content\/uploads\/2023\/04\/seremi-5-1_optimized.jpg 968w, https:\/\/radiorevelacionfm.cl\/wp-content\/uploads\/2023\/04\/seremi-5-1_optimized-300x186.jpg 300w, https:\/\/radiorevelacionfm.cl\/wp-content\/uploads\/2023\/04\/seremi-5-1_optimized-768x476.jpg 768w, https:\/\/radiorevelacionfm.cl\/wp-content\/uploads\/2023\/04\/seremi-5-1_optimized-705x437.jpg 705w, https:\/\/radiorevelacionfm.cl\/wp-content\/uploads\/2023\/04\/seremi-5-1_optimized-450x279.jpg 450w, https:\/\/radiorevelacionfm.cl\/wp-content\/uploads\/2023\/04\/seremi-5-1_optimized-600x372.jpg 600w\" sizes=\"(max-width: 968px) 100vw, 968px\" \/><\/div><\/div><\/div><\/div><div class=\"flex_column av_one_full  flex_column_div av-zero-column-padding first  avia-builder-el-2  el_after_av_one_full  el_before_av_one_full  column-top-margin\" style='border-radius:0px; '><section class=\"av_textblock_section \"  itemscope=\"itemscope\" itemtype=\"https:\/\/schema.org\/BlogPosting\" itemprop=\"blogPost\" ><div class='avia_textblock  '   itemprop=\"text\" ><p style=\"text-align: center;\"><strong><span style=\"font-size: 18pt;\">Seremi Tatiana Pl\u00e1 por promulgaci\u00f3n de Ley 40 horas: \u00abSeguimos cumpliendo con los compromisos de nuestro Gobierno\u00bb<\/span><\/strong><\/p>\n<div id=\"gtx-trans\" style=\"position: absolute; left: -50px; top: 4.31534px;\">\n<div class=\"gtx-trans-icon\"><\/div>\n<\/div>\n<\/div><\/section><\/div><\/p>\n<div class=\"flex_column av_one_full  flex_column_div av-zero-column-padding first  avia-builder-el-4  el_after_av_one_full  el_before_av_hr  column-top-margin\" style='border-radius:0px; '><section class=\"av_textblock_section \"  itemscope=\"itemscope\" itemtype=\"https:\/\/schema.org\/BlogPosting\" itemprop=\"blogPost\" ><div class='avia_textblock  '   itemprop=\"text\" ><p class=\"v1MsoNormal\" style=\"text-align: justify;\">En dependencias de la SEREMI de Gobierno regi\u00f3n de Ays\u00e9n, se realiz\u00f3 un Di\u00e1logo con Sindicatos de distintos rubros que fue encabezado por la vocera de Gobierno, Tatiana Pl\u00e1, en el marco de la reciente aprobaci\u00f3n del proyecto de Ley 40 horas y que el viernes 14 de este mes fue promulgada por el Presidente Gabriel Boric en el Parque de la Familia, en Santiago. La reuni\u00f3n con Sindicatos cont\u00f3 con la asistencia de\u00a0 diversos gremios: de la Construcci\u00f3n, Gastron\u00f3mico, trabajadoras y trabajadores de Unimarc y de Manipuladores\/as de Alimentos; cuyo objetivo fue realizar difusi\u00f3n de esta nueva normativa a los y las trabajadoras de dichas agrupaciones.<\/p>\n<p class=\"v1MsoNormal\" style=\"text-align: justify;\">Tatiana Pl\u00e1, Seremi de Gobierno, se\u00f1al\u00f3: \u00abA trav\u00e9s de nuestra Divisi\u00f3n de Organizaciones Sociales (DOS) invitamos a diversos sindicatos de trabajadores y trabajadoras para contarles esta excelente iniciativa que hoy ya es una ley promulgada por nuestro Presidente. En este encuentro pudimos responder varias dudas que ten\u00edan las y los trabajadores con respecto a c\u00f3mo se va a implementar la nueva jornada de trabajo y a qui\u00e9nes va a beneficiar en un principio, trabajadoras y trabajadores que se rigen por el C\u00f3digo del Trabajo: trabajadoras de casa particular, gente de mar, del sector agr\u00edcola, entre otros rubros. Esta ley beneficiar\u00e1 de forma directa a m\u00e1s de cuatro millones 700 mil trabajadoras, trabajadores y sus familias a lo largo de Chile, por lo que gracias a un trabajo con urgencia y procesos de di\u00e1logo con todos los sectores, concretamos este paso fundamental. Este cambio relevante se har\u00e1 con responsabilidad y gradualidad para resguardar el empleo estableciendo que no podr\u00e1 haber disminuci\u00f3n de las remuneraciones luego de su implementaci\u00f3n\u00bb.<\/p>\n<p class=\"v1MsoNormal\" style=\"text-align: justify;\">La Ley de las 40 Horas modifica el C\u00f3digo del Trabajo para reducir la jornada ordinaria de 45 a 40 horas semanales, lo que se har\u00e1 con gradualidad y responsabilidad para no afectar el empleo y a las Pymes. Tambi\u00e9n da un mayor descanso efectivo a los reg\u00edmenes especiales, como los de las trabajadoras de casa particular y a los excepcionales, que requieren de procesos operativos continuos, como la miner\u00eda. Tambi\u00e9n establece medidas de corresponsabilidad social que permitir\u00e1n conciliar la vida laboral con la personal y familiar.<\/p>\n<p class=\"v1MsoNormal\" style=\"text-align: justify;\">Blanca Navarrete, presidenta del Sindicato de Trabajadores\/as de Unimarc, indic\u00f3: \u00abCreemos que esta ley es una muy buena iniciativa, que le va a servir a mucha gente,\u00a0 incluso hay empresas que ya lo hab\u00edan implementado antes de que salgan las 40 horas, creo que no va a afectar la situaci\u00f3n de los trabajadores ni va a existir una disminuci\u00f3n en las ventas. Qu\u00e9 bueno que se haya logrado esto, yo s\u00e9 que se ven\u00eda peleando hace mucho tiempo as\u00ed que es bueno que se pudo lograr ahora\u00bb.<\/p>\n<p class=\"v1MsoNormal\" style=\"text-align: justify;\"><b>El camino hacia las 40 horas<\/b><\/p>\n<p class=\"v1MsoNormal\" style=\"text-align: justify;\">El proyecto original, ingresado en 2017 por la actual ministra de la Secretar\u00eda General de Gobierno, Camila Vallejo y la diputada Karol Cariola, fue aprobado en la C\u00e1mara de Diputados en 2019 y, desde ese a\u00f1o, no registr\u00f3 mayores avances en el Senado.<\/p>\n<p class=\"v1MsoNormal\" style=\"text-align: justify;\">Dado que era uno de los compromisos program\u00e1ticos del Presidente Gabriel Boric, el Gobierno ingres\u00f3, en agosto de 2022, una serie de indicaciones que reactivaron el proyecto. Estas indicaciones surgieron de un proceso de di\u00e1logo social que incluy\u00f3 a m\u00e1s de 200 organizaciones sociales de todas las regiones del pa\u00eds. Posteriormente tuvo lugar el di\u00e1logo pol\u00edtico en el Congreso, que permiti\u00f3 un acuerdo transversal para su aprobaci\u00f3n.<\/p>\n<p class=\"v1MsoNormal\" style=\"text-align: justify;\">Luego de que la C\u00e1mara de Diputadas y Diputados aprobara, el pasado martes 11 de abril el proyecto que reduce la jornada laboral de las y los trabajadores regulados por el C\u00f3digo del Trabajo, cumpliendo as\u00ed con todos los tr\u00e1mites legislativos, el Presidente Gabriel Boric firm\u00f3 su promulgaci\u00f3n el viernes 14 de abril en una emotiva ceremonia en el Parque de la Familia, en la comuna de Quinta Normal en Santiago, para que en los pr\u00f3ximos d\u00edas sea publicada en el Diario Oficial.<\/p>\n<p class=\"v1MsoNormal\" style=\"text-align: justify;\">Esta ley presenta un nuevo r\u00e9gimen en la jornada laboral, estableciendo un m\u00e1ximo de 40 horas legales de trabajo a la semana, la nueva norma se implementar\u00e1 de manera gradual en un plazo de cinco a\u00f1os, a contar de este 14 abril de 2023. Este cambio se aplicar\u00e1 con la f\u00f3rmula 1-2-2. O sea, durante el primer a\u00f1o se reduce una hora, al tercer a\u00f1o dos horas m\u00e1s y al quinto a\u00f1o las dos restantes. Asimismo, tambi\u00e9n entrega la posibilidad de una jornada 4\u00d73 es decir, 4 d\u00edas de trabajo por 3 de descanso. Adem\u00e1s, otorga d\u00edas de vacaciones adicionales y tambi\u00e9n establece la prohibici\u00f3n de disminuir la remuneraci\u00f3n de los trabajadores, temas que fueron ampliamente abordados en este Di\u00e1logo que sostuvo la Seremi de Gobierno con Sindicatos de la regi\u00f3n.<\/p>\n<\/div><\/section><\/div>\n<div  style='height:50px' class='hr hr-invisible   avia-builder-el-6  el_after_av_one_full  el_before_av_social_share '><span class='hr-inner ' ><span class='hr-inner-style'><\/span><\/span><\/div>\n<div  class='av-social-sharing-box  avia-builder-el-7  el_after_av_hr  el_before_av_hr  '><div class='av-share-box'><h5 class='av-share-link-description av-no-toc '>Compartir esta noticia<\/h5><ul class='av-share-box-list noLightbox'><li class='av-share-link av-social-link-facebook' ><a target=\"_blank\" aria-label=\"Compartir en Facebook\" href='https:\/\/www.facebook.com\/sharer.php?u=https:\/\/radiorevelacionfm.cl\/?p=30115&#038;t=Seremi%20Tatiana%20Pl%C3%A1%20por%20promulgaci%C3%B3n%20de%20Ley%2040%20horas%3A%20%C2%ABSeguimos%20cumpliendo%20con%20los%20compromisos%20de%20nuestro%20Gobierno%C2%BB' aria-hidden='false' data-av_icon='\ue8f3' data-av_iconfont='entypo-fontello' title='' data-avia-related-tooltip='Compartir en Facebook' rel=\"noopener\"><span class='avia_hidden_link_text'>Compartir en Facebook<\/span><\/a><\/li><li class='av-share-link av-social-link-twitter' ><a target=\"_blank\" aria-label=\"Compartir en Twitter\" href='https:\/\/twitter.com\/share?text=Seremi%20Tatiana%20Pl%C3%A1%20por%20promulgaci%C3%B3n%20de%20Ley%2040%20horas%3A%20%C2%ABSeguimos%20cumpliendo%20con%20los%20compromisos%20de%20nuestro%20Gobierno%C2%BB&#038;url=https:\/\/radiorevelacionfm.cl\/?p=30115' aria-hidden='false' data-av_icon='\ue8f1' data-av_iconfont='entypo-fontello' title='' data-avia-related-tooltip='Compartir en Twitter' rel=\"noopener\"><span class='avia_hidden_link_text'>Compartir en Twitter<\/span><\/a><\/li><li class='av-share-link av-social-link-whatsapp' ><a target=\"_blank\" aria-label=\"Compartir en Whatsapp\" href='https:\/\/api.whatsapp.com\/send?text=https:\/\/radiorevelacionfm.cl\/?p=30115' aria-hidden='false' data-av_icon='\uf232' data-av_iconfont='entypo-fontello' title='' data-avia-related-tooltip='Compartir en Whatsapp' rel=\"noopener\"><span class='avia_hidden_link_text'>Compartir en Whatsapp<\/span><\/a><\/li><li class='av-share-link av-social-link-linkedin' ><a target=\"_blank\" aria-label=\"Compartir en LinkedIn\" href='https:\/\/linkedin.com\/shareArticle?mini=true&#038;title=Seremi%20Tatiana%20Pl%C3%A1%20por%20promulgaci%C3%B3n%20de%20Ley%2040%20horas%3A%20%C2%ABSeguimos%20cumpliendo%20con%20los%20compromisos%20de%20nuestro%20Gobierno%C2%BB&#038;url=https:\/\/radiorevelacionfm.cl\/?p=30115' aria-hidden='false' data-av_icon='\ue8fc' data-av_iconfont='entypo-fontello' title='' data-avia-related-tooltip='Compartir en LinkedIn' rel=\"noopener\"><span class='avia_hidden_link_text'>Compartir en LinkedIn<\/span><\/a><\/li><li class='av-share-link av-social-link-mail' ><a  aria-label=\"Compartir por correo\" href='mailto:?subject=Seremi%20Tatiana%20Pl%C3%A1%20por%20promulgaci%C3%B3n%20de%20Ley%2040%20horas%3A%20%C2%ABSeguimos%20cumpliendo%20con%20los%20compromisos%20de%20nuestro%20Gobierno%C2%BB&#038;body=https:\/\/radiorevelacionfm.cl\/?p=30115' aria-hidden='false' data-av_icon='\ue805' data-av_iconfont='entypo-fontello' title='' data-avia-related-tooltip='Compartir por correo'><span class='avia_hidden_link_text'>Compartir por correo<\/span><\/a><\/li><\/ul><\/div><\/div>\n<div  style='height:50px' class='hr hr-invisible   avia-builder-el-8  el_after_av_social_share  el_before_av_comments_list '><span class='hr-inner ' ><span class='hr-inner-style'><\/span><\/span><\/div>\n<div  class='av-buildercomment  av-blog-meta-html-info-disabled av-blog-meta-tag-disabled  '><\/div>\n","protected":false},"excerpt":{"rendered":"","protected":false},"author":1,"featured_media":30123,"comment_status":"open","ping_status":"open","sticky":false,"template":"","format":"standard","meta":{"footnotes":""},"categories":[38],"tags":[],"class_list":["post-30115","post","type-post","status-publish","format-standard","has-post-thumbnail","hentry","category-regional"],"jetpack_featured_media_url":"https:\/\/radiorevelacionfm.cl\/wp-content\/uploads\/2023\/04\/seremi-5-1_optimized.jpg","_links":{"self":[{"href":"https:\/\/radiorevelacionfm.cl\/index.php?rest_route=\/wp\/v2\/posts\/30115","targetHints":{"allow":["GET"]}}],"collection":[{"href":"https:\/\/radiorevelacionfm.cl\/index.php?rest_route=\/wp\/v2\/posts"}],"about":[{"href":"https:\/\/radiorevelacionfm.cl\/index.php?rest_route=\/wp\/v2\/types\/post"}],"author":[{"embeddable":true,"href":"https:\/\/radiorevelacionfm.cl\/index.php?rest_route=\/wp\/v2\/users\/1"}],"replies":[{"embeddable":true,"href":"https:\/\/radiorevelacionfm.cl\/index.php?rest_route=%2Fwp%2Fv2%2Fcomments&post=30115"}],"version-history":[{"count":2,"href":"https:\/\/radiorevelacionfm.cl\/index.php?rest_route=\/wp\/v2\/posts\/30115\/revisions"}],"predecessor-version":[{"id":30124,"href":"https:\/\/radiorevelacionfm.cl\/index.php?rest_route=\/wp\/v2\/posts\/30115\/revisions\/30124"}],"wp:featuredmedia":[{"embeddable":true,"href":"https:\/\/radiorevelacionfm.cl\/index.php?rest_route=\/wp\/v2\/media\/30123"}],"wp:attachment":[{"href":"https:\/\/radiorevelacionfm.cl\/index.php?rest_route=%2Fwp%2Fv2%2Fmedia&parent=30115"}],"wp:term":[{"taxonomy":"category","embeddable":true,"href":"https:\/\/radiorevelacionfm.cl\/index.php?rest_route=%2Fwp%2Fv2%2Fcategories&post=30115"},{"taxonomy":"post_tag","embeddable":true,"href":"https:\/\/radiorevelacionfm.cl\/index.php?rest_route=%2Fwp%2Fv2%2Ftags&post=30115"}],"curies":[{"name":"wp","href":"https:\/\/api.w.org\/{rel}","templated":true}]}}