{"id":30109,"date":"2023-04-16T18:24:16","date_gmt":"2023-04-16T21:24:16","guid":{"rendered":"https:\/\/radiorevelacionfm.cl\/?p=30109"},"modified":"2023-04-16T18:24:16","modified_gmt":"2023-04-16T21:24:16","slug":"subpesca-fortalece-trabajo-con-organizaciones-del-litoral-de-aysen","status":"publish","type":"post","link":"https:\/\/radiorevelacionfm.cl\/?p=30109","title":{"rendered":"Subpesca fortalece trabajo con organizaciones del litoral de Ays\u00e9n"},"content":{"rendered":"<div class=\"flex_column av_one_full  flex_column_div av-zero-column-padding first  avia-builder-el-0  el_before_av_one_full  avia-builder-el-first  \" style='border-radius:0px; '><div  class='avia-image-container  av-styling-    avia-builder-el-1  avia-builder-el-no-sibling  avia-align-center '  itemprop=\"image\" itemscope=\"itemscope\" itemtype=\"https:\/\/schema.org\/ImageObject\"  ><div class='avia-image-container-inner'><div class='avia-image-overlay-wrap'><img decoding=\"async\" class='wp-image-30110 avia-img-lazy-loading-not-30110 avia_image' src=\"https:\/\/radiorevelacionfm.cl\/wp-content\/uploads\/2023\/04\/subpesca-2023-04-11-at-14_optimized.04.19-1.jpeg\" alt='' title='subpesca-2023-04-11-at-14_optimized.04.19-(1)' height=\"600\" width=\"907\"  itemprop=\"thumbnailUrl\" srcset=\"https:\/\/radiorevelacionfm.cl\/wp-content\/uploads\/2023\/04\/subpesca-2023-04-11-at-14_optimized.04.19-1.jpeg 907w, https:\/\/radiorevelacionfm.cl\/wp-content\/uploads\/2023\/04\/subpesca-2023-04-11-at-14_optimized.04.19-1-300x198.jpeg 300w, https:\/\/radiorevelacionfm.cl\/wp-content\/uploads\/2023\/04\/subpesca-2023-04-11-at-14_optimized.04.19-1-768x508.jpeg 768w, https:\/\/radiorevelacionfm.cl\/wp-content\/uploads\/2023\/04\/subpesca-2023-04-11-at-14_optimized.04.19-1-705x466.jpeg 705w, https:\/\/radiorevelacionfm.cl\/wp-content\/uploads\/2023\/04\/subpesca-2023-04-11-at-14_optimized.04.19-1-450x298.jpeg 450w, https:\/\/radiorevelacionfm.cl\/wp-content\/uploads\/2023\/04\/subpesca-2023-04-11-at-14_optimized.04.19-1-600x397.jpeg 600w\" sizes=\"(max-width: 907px) 100vw, 907px\" \/><\/div><\/div><\/div><\/div><div class=\"flex_column av_one_full  flex_column_div av-zero-column-padding first  avia-builder-el-2  el_after_av_one_full  el_before_av_one_full  column-top-margin\" style='border-radius:0px; '><section class=\"av_textblock_section \"  itemscope=\"itemscope\" itemtype=\"https:\/\/schema.org\/BlogPosting\" itemprop=\"blogPost\" ><div class='avia_textblock  '   itemprop=\"text\" ><p style=\"text-align: center;\"><span style=\"font-size: 18pt;\"><b><span lang=\"ES\">Subpesca fortalece trabajo con organizaciones del litoral de Ays\u00e9n<\/span><\/b><\/span><\/p>\n<div id=\"gtx-trans\" style=\"position: absolute; left: -50px; top: 4.31534px;\">\n<div class=\"gtx-trans-icon\"><\/div>\n<\/div>\n<\/div><\/section><\/div><div class=\"flex_column av_one_full  flex_column_div av-zero-column-padding first  avia-builder-el-4  el_after_av_one_full  el_before_av_hr  column-top-margin\" style='border-radius:0px; '><section class=\"av_textblock_section \"  itemscope=\"itemscope\" itemtype=\"https:\/\/schema.org\/BlogPosting\" itemprop=\"blogPost\" ><div class='avia_textblock  '   itemprop=\"text\" ><p style=\"font-weight: 400; text-align: justify;\">Con el objetivo de fortalecer el trabajo conjunto en el litoral de la Regi\u00f3n de Ays\u00e9n, un programa de actividades con organizaciones de la pesca artesanal de Melinka e Islas Huichas desarroll\u00f3 la subsecretar\u00eda de Pesca y Acuicultura (Subpesca).<\/p>\n<p style=\"font-weight: 400; text-align: justify;\">El jefe de la Divisi\u00f3n de Desarrollo Pesquero de Subpesca, Juan Santib\u00e1\u00f1ez, explic\u00f3 que el objetivo fue presentar al nuevo director zonal de Pesca, Manuel P\u00e9rez Montenegro, atender requerimientos y dialogar en torno al desarrollo sustentable del sector.<\/p>\n<p style=\"font-weight: 400; text-align: justify;\">\u201cEstuvimos estos d\u00edas trabajando arduamente en la regi\u00f3n, presentando al nuevo director zonal, don Manuel P\u00e9rez, una persona de la regi\u00f3n con una vasta experiencia en el sector, por lo que estamos muy confiados y felices de la buena recepci\u00f3n que tuvo su presentaci\u00f3n; la gente lo conoce, conf\u00eda en \u00e9l y, por lo tanto, como subsecretaria vamos a poder intensificar el trabajo y la comunicaci\u00f3n con las organizaciones y con los actores del sector\u201d, explic\u00f3 Juan Santib\u00e1\u00f1ez<\/p>\n<p style=\"font-weight: 400; text-align: justify;\">En parte del programa de actividades participaron la Gobernadora Andrea Mac\u00edas acompa\u00f1ada por la jefa de Fomento e Industria del Gobierno Regional, Y\u00e9ssica Lagos; el Delegado Presidencial Regional, Rodrigo Araya, un equipo de Sernapesca nacional y regional, municipalidad y Armada.<\/p>\n<p style=\"font-weight: 400; text-align: justify;\">\u201cPudimos escuchar y resolver bastantes dudas que ten\u00edan las distintas organizaciones sociales. Hablamos con respecto al trabajo de extracci\u00f3n de erizo, al plan de zonas contiguas que tiene vigencia hasta mayo de este a\u00f1o, se entreg\u00f3 la resoluci\u00f3n que establece las cuotas de extracci\u00f3n de Los Lagos y de Ays\u00e9n, tambi\u00e9n abordamos los requerimientos de la autoridad mar\u00edtima con respecto a las embarcaciones y al Registro Nacional de Pesca y comprometimos el trabajo del nuevo Jefe Zonal de Pesca, Manuel P\u00e9rez\u201d, detall\u00f3 Rodrigo Araya.<\/p>\n<p style=\"font-weight: 400; text-align: justify;\">Sobre los \u00e9nfasis de la gesti\u00f3n a desarrollar en el litoral, el nuevo director zonal de Pesca, Manuel P\u00e9rez, se\u00f1al\u00f3 que se trata de fortalecer el trabajo p\u00fablico privado del sector pesquero en su conjunto\u00a0y atender los requerimientos puntuales presentados.<\/p>\n<p style=\"font-weight: 400; text-align: justify;\">\u201cEl \u00e9nfasis de la subsecretar\u00eda de Pesca en la Regi\u00f3n de Ays\u00e9n es acercarse al sector, tanto artesanal como industrial, con el fin de estrechar lazos de trabajo que nos permitan ir abordando temas hist\u00f3ricos, problem\u00e1ticas que llevan mucho tiempo y que como Gobierno hemos abordado\u201d, concluy\u00f3.<\/p>\n<p style=\"font-weight: 400; text-align: justify;\">Entre los temas est\u00e1 tambi\u00e9n la Ley de Caletas N\u00b0 21.027, donde destaca el rol de Subpesca en la elaboraci\u00f3n de planes y acciones para avanzar en el desarrollo integral de las caletas; con el fin de que sean unidades econ\u00f3micas, productivas, sociales y culturales.<\/p>\n<\/div><\/section><\/div><div  style='height:50px' class='hr hr-invisible   avia-builder-el-6  el_after_av_one_full  el_before_av_social_share '><span class='hr-inner ' ><span class='hr-inner-style'><\/span><\/span><\/div><\/p>\n<div  class='av-social-sharing-box  avia-builder-el-7  el_after_av_hr  el_before_av_hr  '><div class='av-share-box'><h5 class='av-share-link-description av-no-toc '>Compartir esta noticia<\/h5><ul class='av-share-box-list noLightbox'><li class='av-share-link av-social-link-facebook' ><a target=\"_blank\" aria-label=\"Compartir en Facebook\" href='https:\/\/www.facebook.com\/sharer.php?u=https:\/\/radiorevelacionfm.cl\/?p=30109&#038;t=Subpesca%20fortalece%20trabajo%20con%20organizaciones%20del%20litoral%20de%20Ays%C3%A9n' aria-hidden='false' data-av_icon='\ue8f3' data-av_iconfont='entypo-fontello' title='' data-avia-related-tooltip='Compartir en Facebook' rel=\"noopener\"><span class='avia_hidden_link_text'>Compartir en Facebook<\/span><\/a><\/li><li class='av-share-link av-social-link-twitter' ><a target=\"_blank\" aria-label=\"Compartir en Twitter\" href='https:\/\/twitter.com\/share?text=Subpesca%20fortalece%20trabajo%20con%20organizaciones%20del%20litoral%20de%20Ays%C3%A9n&#038;url=https:\/\/radiorevelacionfm.cl\/?p=30109' aria-hidden='false' data-av_icon='\ue8f1' data-av_iconfont='entypo-fontello' title='' data-avia-related-tooltip='Compartir en Twitter' rel=\"noopener\"><span class='avia_hidden_link_text'>Compartir en Twitter<\/span><\/a><\/li><li class='av-share-link av-social-link-whatsapp' ><a target=\"_blank\" aria-label=\"Compartir en Whatsapp\" href='https:\/\/api.whatsapp.com\/send?text=https:\/\/radiorevelacionfm.cl\/?p=30109' aria-hidden='false' data-av_icon='\uf232' data-av_iconfont='entypo-fontello' title='' data-avia-related-tooltip='Compartir en Whatsapp' rel=\"noopener\"><span class='avia_hidden_link_text'>Compartir en Whatsapp<\/span><\/a><\/li><li class='av-share-link av-social-link-linkedin' ><a target=\"_blank\" aria-label=\"Compartir en LinkedIn\" href='https:\/\/linkedin.com\/shareArticle?mini=true&#038;title=Subpesca%20fortalece%20trabajo%20con%20organizaciones%20del%20litoral%20de%20Ays%C3%A9n&#038;url=https:\/\/radiorevelacionfm.cl\/?p=30109' aria-hidden='false' data-av_icon='\ue8fc' data-av_iconfont='entypo-fontello' title='' data-avia-related-tooltip='Compartir en LinkedIn' rel=\"noopener\"><span class='avia_hidden_link_text'>Compartir en LinkedIn<\/span><\/a><\/li><li class='av-share-link av-social-link-mail' ><a  aria-label=\"Compartir por correo\" href='mailto:?subject=Subpesca%20fortalece%20trabajo%20con%20organizaciones%20del%20litoral%20de%20Ays%C3%A9n&#038;body=https:\/\/radiorevelacionfm.cl\/?p=30109' aria-hidden='false' data-av_icon='\ue805' data-av_iconfont='entypo-fontello' title='' data-avia-related-tooltip='Compartir por correo'><span class='avia_hidden_link_text'>Compartir por correo<\/span><\/a><\/li><\/ul><\/div><\/div>\n<div  style='height:50px' class='hr hr-invisible   avia-builder-el-8  el_after_av_social_share  el_before_av_comments_list '><span class='hr-inner ' ><span class='hr-inner-style'><\/span><\/span><\/div>\n<div  class='av-buildercomment  av-blog-meta-html-info-disabled av-blog-meta-tag-disabled  '><\/div>\n","protected":false},"excerpt":{"rendered":"","protected":false},"author":1,"featured_media":30110,"comment_status":"open","ping_status":"open","sticky":false,"template":"","format":"standard","meta":{"footnotes":""},"categories":[60],"tags":[],"class_list":["post-30109","post","type-post","status-publish","format-standard","has-post-thumbnail","hentry","category-pesca"],"jetpack_featured_media_url":"https:\/\/radiorevelacionfm.cl\/wp-content\/uploads\/2023\/04\/subpesca-2023-04-11-at-14_optimized.04.19-1.jpeg","_links":{"self":[{"href":"https:\/\/radiorevelacionfm.cl\/index.php?rest_route=\/wp\/v2\/posts\/30109","targetHints":{"allow":["GET"]}}],"collection":[{"href":"https:\/\/radiorevelacionfm.cl\/index.php?rest_route=\/wp\/v2\/posts"}],"about":[{"href":"https:\/\/radiorevelacionfm.cl\/index.php?rest_route=\/wp\/v2\/types\/post"}],"author":[{"embeddable":true,"href":"https:\/\/radiorevelacionfm.cl\/index.php?rest_route=\/wp\/v2\/users\/1"}],"replies":[{"embeddable":true,"href":"https:\/\/radiorevelacionfm.cl\/index.php?rest_route=%2Fwp%2Fv2%2Fcomments&post=30109"}],"version-history":[{"count":1,"href":"https:\/\/radiorevelacionfm.cl\/index.php?rest_route=\/wp\/v2\/posts\/30109\/revisions"}],"predecessor-version":[{"id":30111,"href":"https:\/\/radiorevelacionfm.cl\/index.php?rest_route=\/wp\/v2\/posts\/30109\/revisions\/30111"}],"wp:featuredmedia":[{"embeddable":true,"href":"https:\/\/radiorevelacionfm.cl\/index.php?rest_route=\/wp\/v2\/media\/30110"}],"wp:attachment":[{"href":"https:\/\/radiorevelacionfm.cl\/index.php?rest_route=%2Fwp%2Fv2%2Fmedia&parent=30109"}],"wp:term":[{"taxonomy":"category","embeddable":true,"href":"https:\/\/radiorevelacionfm.cl\/index.php?rest_route=%2Fwp%2Fv2%2Fcategories&post=30109"},{"taxonomy":"post_tag","embeddable":true,"href":"https:\/\/radiorevelacionfm.cl\/index.php?rest_route=%2Fwp%2Fv2%2Ftags&post=30109"}],"curies":[{"name":"wp","href":"https:\/\/api.w.org\/{rel}","templated":true}]}}