{"id":30097,"date":"2023-04-16T16:16:15","date_gmt":"2023-04-16T19:16:15","guid":{"rendered":"https:\/\/radiorevelacionfm.cl\/?p=30097"},"modified":"2023-04-16T16:16:15","modified_gmt":"2023-04-16T19:16:15","slug":"proyecto-de-pavimentacion-del-camino-a-lago-atravesado-tendra-nueva-licitacion","status":"publish","type":"post","link":"https:\/\/radiorevelacionfm.cl\/?p=30097","title":{"rendered":"Proyecto de pavimentaci\u00f3n del camino a Lago Atravesado tendr\u00e1 nueva licitaci\u00f3n"},"content":{"rendered":"<div class=\"flex_column av_one_full  flex_column_div av-zero-column-padding first  avia-builder-el-0  el_before_av_one_full  avia-builder-el-first  \" style='border-radius:0px; '><div  class='avia-image-container  av-styling-    avia-builder-el-1  avia-builder-el-no-sibling  avia-align-center '  itemprop=\"image\" itemscope=\"itemscope\" itemtype=\"https:\/\/schema.org\/ImageObject\"  ><div class='avia-image-container-inner'><div class='avia-image-overlay-wrap'><img decoding=\"async\" class='wp-image-30098 avia-img-lazy-loading-not-30098 avia_image' src=\"https:\/\/radiorevelacionfm.cl\/wp-content\/uploads\/2023\/04\/FOTO-5-ATRAVESADO-1-1.jpg\" alt='' title='FOTO-5-ATRAVESADO (1) (1)' height=\"600\" width=\"900\"  itemprop=\"thumbnailUrl\" srcset=\"https:\/\/radiorevelacionfm.cl\/wp-content\/uploads\/2023\/04\/FOTO-5-ATRAVESADO-1-1.jpg 900w, https:\/\/radiorevelacionfm.cl\/wp-content\/uploads\/2023\/04\/FOTO-5-ATRAVESADO-1-1-300x200.jpg 300w, https:\/\/radiorevelacionfm.cl\/wp-content\/uploads\/2023\/04\/FOTO-5-ATRAVESADO-1-1-768x512.jpg 768w, https:\/\/radiorevelacionfm.cl\/wp-content\/uploads\/2023\/04\/FOTO-5-ATRAVESADO-1-1-705x470.jpg 705w, https:\/\/radiorevelacionfm.cl\/wp-content\/uploads\/2023\/04\/FOTO-5-ATRAVESADO-1-1-450x300.jpg 450w, https:\/\/radiorevelacionfm.cl\/wp-content\/uploads\/2023\/04\/FOTO-5-ATRAVESADO-1-1-600x400.jpg 600w\" sizes=\"(max-width: 900px) 100vw, 900px\" \/><\/div><\/div><\/div><\/div><div class=\"flex_column av_one_full  flex_column_div av-zero-column-padding first  avia-builder-el-2  el_after_av_one_full  el_before_av_one_full  column-top-margin\" style='border-radius:0px; '><section class=\"av_textblock_section \"  itemscope=\"itemscope\" itemtype=\"https:\/\/schema.org\/BlogPosting\" itemprop=\"blogPost\" ><div class='avia_textblock  '   itemprop=\"text\" ><p style=\"text-align: center;\"><span style=\"font-size: 18pt;\"><strong>Proyecto de pavimentaci\u00f3n del camino a Lago Atravesado tendr\u00e1<\/strong> <strong>nueva licitaci\u00f3n <\/strong><\/span><\/p>\n<div id=\"gtx-trans\" style=\"position: absolute; left: -50px; top: 4.31534px;\">\n<div class=\"gtx-trans-icon\"><\/div>\n<\/div>\n<\/div><\/section><\/div><div class=\"flex_column av_one_full  flex_column_div av-zero-column-padding first  avia-builder-el-4  el_after_av_one_full  el_before_av_hr  column-top-margin\" style='border-radius:0px; '><section class=\"av_textblock_section \"  itemscope=\"itemscope\" itemtype=\"https:\/\/schema.org\/BlogPosting\" itemprop=\"blogPost\" ><div class='avia_textblock  '   itemprop=\"text\" ><p style=\"text-align: justify;\">Como lamentable calific\u00f3 el Secretario Regional Ministerial de Obras P\u00fablicas, Patricio Sanhueza Ulloa, que el proceso de licitaci\u00f3n de la pavimentaci\u00f3n de la Ruta X-608, cruce Aer\u00f3dromo Teniente Vidal-Lago Atravesado se malograra, una vez que empresa constructora que present\u00f3 oferta t\u00e9cnica y econ\u00f3mica para ejecutar las obras desistiera de ellas, y que adem\u00e1s, no exista otra oferta favorable a los intereses fiscales, considerando que la inversi\u00f3n disponible para pavimentar los 10 kil\u00f3metros de camino que abarcan estas obras, alcanzaban los 18 mil millones de pesos.<\/p>\n<p style=\"text-align: justify;\">Para contarles el estado de este proceso y los pasos a seguir para dar continuidad a la ejecuci\u00f3n de este proyecto y sus futuras obras, el SEREMI del MOP Patricio Sanhueza Ulloa junto a la Jefa de Planificaci\u00f3n de Vialidad MOP Marcela Garc\u00eda, el Jefe del Departamento de Contratos de Vialidad del MOP Patricio Dur\u00e1n y la Secretaria Regional Ministerial de Transportes y Telecomunicaciones Claudia Cantero, esta semana se reunieron con representantes de la Junta de Vecinos de Lago Atravesado, del Comit\u00e9 Pro Pavimento del camino Lago Atravesado, comunidad del sector, la Gobernadora Regional Andrea Mac\u00edas y los Diputados Miguel \u00c1ngel Calisto, Marcia Raphael y Ren\u00e9 Alinco.<\/p>\n<p style=\"text-align: justify;\">En la\u00a0 oportunidad, la autoridad regional de Obras P\u00fablicas destac\u00f3 a los dirigentes \u201cpor el trabajo que en este gobierno se ha realizado con ellos en forma permanente y conjunta, y en donde se les ha entregado toda la informaci\u00f3n del desarrollo de cada una de las etapas de esta licitaci\u00f3n, con el objeto de transparentar este proceso, as\u00ed como tambi\u00e9n informarles que esta Cartera de Estado frente a todos los procesos de licitaci\u00f3n, aplica el Reglamento de Contrato de Obras P\u00fablicas que rige siempre su actuar, por lo tanto el compromiso de efectuar esta licitaci\u00f3n se ha realizado y la hemos cerrado sin resultados positivos, s\u00f3lo debido al desistimiento de la oferta y que no existe otra oferta favorable a los intereses fiscales. Ahora, el paso que sigue es que vamos a realizar una nueva licitaci\u00f3n de estas obras, porque como gobierno y Ministerio de Obras P\u00fablicas tenemos la firme convicci\u00f3n de que las personas de Lago Atravesado y alrededores necesitan estas obras para mejorar sus vidas, as\u00ed que seguimos adelante con un nuevo proceso\u201d.<\/p>\n<p style=\"text-align: justify;\">Por su parte, el equipo de Planificaci\u00f3n y Contratos de Vialidad entregaron un cronograma para la nueva licitaci\u00f3n, indicando al respecto que una vez obtenido el Decreto presupuestario oficial, el que hoy se encuentra en tr\u00e1mite, el segundo semestre del a\u00f1o en curso se abrir\u00e1 un nuevo llamado a licitaci\u00f3n, el que de acuerdo al Reglamento de Contrato de Obra P\u00fablica -debido a que con anterioridad ya se ha efectuado un proceso similar- se podr\u00e1 realizar conjuntamente la apertura de las ofertas t\u00e9cnicas y econ\u00f3micas de la licitaci\u00f3n, disminuyendo significativamente los tiempos que considera un proceso normal de licitaci\u00f3n el que alcanza del orden de los dos meses. En forma paralela, se sumar\u00e1n voluntades y gestiones de diversos sectores para que este proyecto sea evaluado en forma diferenciada (costo-eficiencia).<\/p>\n<p style=\"text-align: justify;\"><strong><u>CONSERVACI\u00d3N DEL CAMINO<\/u><\/strong><\/p>\n<p style=\"text-align: justify;\">Con relaci\u00f3n a la conservaci\u00f3n de esta Ruta, la Direcci\u00f3n Regional de Vialidad MOP inform\u00f3 que en el tramo urbano de esta Ruta, sector Aer\u00f3dromo, se efectuar\u00e1 la conservaci\u00f3n del camino mediante la ejecuci\u00f3n de 1 reperfilado en forma semanal y desde el l\u00edmite urbano hasta el sector Villa Lago Atravesado los trabajos de referfilado se realizar\u00e1n cada quince d\u00edas.<\/p>\n<\/div><\/section><\/div><div  style='height:50px' class='hr hr-invisible   avia-builder-el-6  el_after_av_one_full  el_before_av_social_share '><span class='hr-inner ' ><span class='hr-inner-style'><\/span><\/span><\/div><\/p>\n<div  class='av-social-sharing-box  avia-builder-el-7  el_after_av_hr  el_before_av_hr  '><div class='av-share-box'><h5 class='av-share-link-description av-no-toc '>Compartir esta noticia<\/h5><ul class='av-share-box-list noLightbox'><li class='av-share-link av-social-link-facebook' ><a target=\"_blank\" aria-label=\"Compartir en Facebook\" href='https:\/\/www.facebook.com\/sharer.php?u=https:\/\/radiorevelacionfm.cl\/?p=30097&#038;t=Proyecto%20de%20pavimentaci%C3%B3n%20del%20camino%20a%20Lago%20Atravesado%20tendr%C3%A1%20nueva%20licitaci%C3%B3n' aria-hidden='false' data-av_icon='\ue8f3' data-av_iconfont='entypo-fontello' title='' data-avia-related-tooltip='Compartir en Facebook' rel=\"noopener\"><span class='avia_hidden_link_text'>Compartir en Facebook<\/span><\/a><\/li><li class='av-share-link av-social-link-twitter' ><a target=\"_blank\" aria-label=\"Compartir en Twitter\" href='https:\/\/twitter.com\/share?text=Proyecto%20de%20pavimentaci%C3%B3n%20del%20camino%20a%20Lago%20Atravesado%20tendr%C3%A1%20nueva%20licitaci%C3%B3n&#038;url=https:\/\/radiorevelacionfm.cl\/?p=30097' aria-hidden='false' data-av_icon='\ue8f1' data-av_iconfont='entypo-fontello' title='' data-avia-related-tooltip='Compartir en Twitter' rel=\"noopener\"><span class='avia_hidden_link_text'>Compartir en Twitter<\/span><\/a><\/li><li class='av-share-link av-social-link-whatsapp' ><a target=\"_blank\" aria-label=\"Compartir en Whatsapp\" href='https:\/\/api.whatsapp.com\/send?text=https:\/\/radiorevelacionfm.cl\/?p=30097' aria-hidden='false' data-av_icon='\uf232' data-av_iconfont='entypo-fontello' title='' data-avia-related-tooltip='Compartir en Whatsapp' rel=\"noopener\"><span class='avia_hidden_link_text'>Compartir en Whatsapp<\/span><\/a><\/li><li class='av-share-link av-social-link-linkedin' ><a target=\"_blank\" aria-label=\"Compartir en LinkedIn\" href='https:\/\/linkedin.com\/shareArticle?mini=true&#038;title=Proyecto%20de%20pavimentaci%C3%B3n%20del%20camino%20a%20Lago%20Atravesado%20tendr%C3%A1%20nueva%20licitaci%C3%B3n&#038;url=https:\/\/radiorevelacionfm.cl\/?p=30097' aria-hidden='false' data-av_icon='\ue8fc' data-av_iconfont='entypo-fontello' title='' data-avia-related-tooltip='Compartir en LinkedIn' rel=\"noopener\"><span class='avia_hidden_link_text'>Compartir en LinkedIn<\/span><\/a><\/li><li class='av-share-link av-social-link-mail' ><a  aria-label=\"Compartir por correo\" href='mailto:?subject=Proyecto%20de%20pavimentaci%C3%B3n%20del%20camino%20a%20Lago%20Atravesado%20tendr%C3%A1%20nueva%20licitaci%C3%B3n&#038;body=https:\/\/radiorevelacionfm.cl\/?p=30097' aria-hidden='false' data-av_icon='\ue805' data-av_iconfont='entypo-fontello' title='' data-avia-related-tooltip='Compartir por correo'><span class='avia_hidden_link_text'>Compartir por correo<\/span><\/a><\/li><\/ul><\/div><\/div>\n<div  style='height:50px' class='hr hr-invisible   avia-builder-el-8  el_after_av_social_share  el_before_av_comments_list '><span class='hr-inner ' ><span class='hr-inner-style'><\/span><\/span><\/div>\n<div  class='av-buildercomment  av-blog-meta-html-info-disabled av-blog-meta-tag-disabled  '><\/div>\n","protected":false},"excerpt":{"rendered":"","protected":false},"author":1,"featured_media":30098,"comment_status":"open","ping_status":"open","sticky":false,"template":"","format":"standard","meta":{"footnotes":""},"categories":[38],"tags":[],"class_list":["post-30097","post","type-post","status-publish","format-standard","has-post-thumbnail","hentry","category-regional"],"jetpack_featured_media_url":"https:\/\/radiorevelacionfm.cl\/wp-content\/uploads\/2023\/04\/FOTO-5-ATRAVESADO-1-1.jpg","_links":{"self":[{"href":"https:\/\/radiorevelacionfm.cl\/index.php?rest_route=\/wp\/v2\/posts\/30097","targetHints":{"allow":["GET"]}}],"collection":[{"href":"https:\/\/radiorevelacionfm.cl\/index.php?rest_route=\/wp\/v2\/posts"}],"about":[{"href":"https:\/\/radiorevelacionfm.cl\/index.php?rest_route=\/wp\/v2\/types\/post"}],"author":[{"embeddable":true,"href":"https:\/\/radiorevelacionfm.cl\/index.php?rest_route=\/wp\/v2\/users\/1"}],"replies":[{"embeddable":true,"href":"https:\/\/radiorevelacionfm.cl\/index.php?rest_route=%2Fwp%2Fv2%2Fcomments&post=30097"}],"version-history":[{"count":1,"href":"https:\/\/radiorevelacionfm.cl\/index.php?rest_route=\/wp\/v2\/posts\/30097\/revisions"}],"predecessor-version":[{"id":30099,"href":"https:\/\/radiorevelacionfm.cl\/index.php?rest_route=\/wp\/v2\/posts\/30097\/revisions\/30099"}],"wp:featuredmedia":[{"embeddable":true,"href":"https:\/\/radiorevelacionfm.cl\/index.php?rest_route=\/wp\/v2\/media\/30098"}],"wp:attachment":[{"href":"https:\/\/radiorevelacionfm.cl\/index.php?rest_route=%2Fwp%2Fv2%2Fmedia&parent=30097"}],"wp:term":[{"taxonomy":"category","embeddable":true,"href":"https:\/\/radiorevelacionfm.cl\/index.php?rest_route=%2Fwp%2Fv2%2Fcategories&post=30097"},{"taxonomy":"post_tag","embeddable":true,"href":"https:\/\/radiorevelacionfm.cl\/index.php?rest_route=%2Fwp%2Fv2%2Ftags&post=30097"}],"curies":[{"name":"wp","href":"https:\/\/api.w.org\/{rel}","templated":true}]}}