{"id":30094,"date":"2023-04-17T18:35:35","date_gmt":"2023-04-17T21:35:35","guid":{"rendered":"https:\/\/radiorevelacionfm.cl\/?p=30094"},"modified":"2023-04-17T18:35:35","modified_gmt":"2023-04-17T21:35:35","slug":"ninas-y-ninos-de-guaitecas-reciben-materiales-para-su-estimulacion-temprana","status":"publish","type":"post","link":"https:\/\/radiorevelacionfm.cl\/?p=30094","title":{"rendered":"Ni\u00f1as y ni\u00f1os de Guaitecas reciben materiales para su estimulaci\u00f3n temprana"},"content":{"rendered":"<div class=\"flex_column av_one_full  flex_column_div av-zero-column-padding first  avia-builder-el-0  el_before_av_one_full  avia-builder-el-first  \" style='border-radius:0px; '><div  class='avia-image-container  av-styling-    avia-builder-el-1  avia-builder-el-no-sibling  avia-align-center '  itemprop=\"image\" itemscope=\"itemscope\" itemtype=\"https:\/\/schema.org\/ImageObject\"  ><div class='avia-image-container-inner'><div class='avia-image-overlay-wrap'><img decoding=\"async\" class='wp-image-30095 avia-img-lazy-loading-not-30095 avia_image' src=\"https:\/\/radiorevelacionfm.cl\/wp-content\/uploads\/2023\/04\/02-8-1-1.jpg\" alt='' title='02 (8) (1) (1)' height=\"600\" width=\"661\"  itemprop=\"thumbnailUrl\" srcset=\"https:\/\/radiorevelacionfm.cl\/wp-content\/uploads\/2023\/04\/02-8-1-1.jpg 661w, https:\/\/radiorevelacionfm.cl\/wp-content\/uploads\/2023\/04\/02-8-1-1-300x272.jpg 300w, https:\/\/radiorevelacionfm.cl\/wp-content\/uploads\/2023\/04\/02-8-1-1-450x408.jpg 450w, https:\/\/radiorevelacionfm.cl\/wp-content\/uploads\/2023\/04\/02-8-1-1-600x545.jpg 600w\" sizes=\"(max-width: 661px) 100vw, 661px\" \/><\/div><\/div><\/div><\/div><div class=\"flex_column av_one_full  flex_column_div av-zero-column-padding first  avia-builder-el-2  el_after_av_one_full  el_before_av_one_full  column-top-margin\" style='border-radius:0px; '><section class=\"av_textblock_section \"  itemscope=\"itemscope\" itemtype=\"https:\/\/schema.org\/BlogPosting\" itemprop=\"blogPost\" ><div class='avia_textblock  '   itemprop=\"text\" ><p style=\"text-align: center;\"><strong><span style=\"font-size: 18pt;\">Ni\u00f1as y ni\u00f1os de Guaitecas reciben materiales para su estimulaci\u00f3n temprana<\/span><\/strong><\/p>\n<div id=\"gtx-trans\" style=\"position: absolute; left: -50px; top: 4.31534px;\">\n<div class=\"gtx-trans-icon\"><\/div>\n<\/div>\n<\/div><\/section><\/div><div class=\"flex_column av_one_full  flex_column_div av-zero-column-padding first  avia-builder-el-4  el_after_av_one_full  el_before_av_hr  column-top-margin\" style='border-radius:0px; '><section class=\"av_textblock_section \"  itemscope=\"itemscope\" itemtype=\"https:\/\/schema.org\/BlogPosting\" itemprop=\"blogPost\" ><div class='avia_textblock  '   itemprop=\"text\" ><p style=\"text-align: justify;\">Esta semana se realiz\u00f3 en Melinka un nuevo operativo de entrega de materiales estimulaci\u00f3n temprana para ni\u00f1as y ni\u00f1os de la comuna que forman parte del Programa Chile Crece Contigo.<\/p>\n<p style=\"text-align: justify;\">Se trata de aportes que se hacen a las familias para potenciar el desarrollo integral de los ni\u00f1os y que llegan a este programa que ejecuta la Municipalidad de Guaitecas gracias al Fondo de Intervenciones de Apoyo al Desarrollo Infantil y que este a\u00f1o benefici\u00f3 a alrededor de 60 familias.<\/p>\n<p style=\"text-align: justify;\">El operativo de entrega de este material para la estimulaci\u00f3n temprana de los menores se realiz\u00f3 el mi\u00e9rcoles reci\u00e9n pasado y contempl\u00f3 a ni\u00f1as y ni\u00f1os de entre cuatro meses y 4 a\u00f1os de edad, como indic\u00f3 Mar\u00eda Jos\u00e9 Gallardo, profesional de este programa gubernamental que se ejecuta en la comuna.<\/p>\n<p style=\"text-align: justify;\">Mar\u00eda Jos\u00e9 Gallardo destac\u00f3 la importancia de que las familias cuenten con estos elementos en sus casas.<\/p>\n<p style=\"text-align: justify;\">\u201cEs muy importante la estimulaci\u00f3n temprana de los ni\u00f1os, sobre todo de los cero a los 7 a\u00f1os, que es cuando absorben muchos aprendizajes, por lo que estos materiales son muy importantes y muchas familias no tienen la posibilidad de acceder a material sensorial, material motriz, gr\u00e1fico, pictogr\u00e1fico o de encaje, entonces todo es conjunto ayuda a que los ni\u00f1os puedan recibir estas estimulaciones y los materiales vienen con folletos e instrucciones para orientar a las familias\u201d, dijo la funcionaria municipal, quien a\u00f1adi\u00f3 que estos materiales para la estimulaci\u00f3n temprana se ajustan a las edades de las ni\u00f1as y ni\u00f1os.<\/p>\n<p style=\"text-align: justify;\">Por su parte Rub\u00e9n Martin, administrador de la Municipalidad de Guaitecas, destac\u00f3 la entrega de estos materiales de apoyo para el desarrollo integral de los menores y el trabajo que se viene haciendo desde el municipio en esta materia, que como indic\u00f3, se ha visto fortalecido tras apertura de la Oficina Local de la Ni\u00f1ez, que funciona en el ex museo de la comuna, en lo que ahora se denomina Centro de Infancia.<\/p>\n<p style=\"text-align: justify;\">\u201cA trav\u00e9s de las gestiones que ha realizado nuestro alcalde, estamos impulsando el desarrollo de la Oficina Local de la Infancia, que es pionera en la regi\u00f3n y que va a permitir abordar mejor el trabajo con las ni\u00f1as, los ni\u00f1os y sus familias, de tal forma de dotar con m\u00e1s herramientas a los padres para el desarrollo integral de nuestros ni\u00f1os\u201d, dijo el administrador de la Municipalidad de Guaitecas.<\/p>\n<\/div><\/section><\/div><div  style='height:50px' class='hr hr-invisible   avia-builder-el-6  el_after_av_one_full  el_before_av_social_share '><span class='hr-inner ' ><span class='hr-inner-style'><\/span><\/span><\/div><\/p>\n<div  class='av-social-sharing-box  avia-builder-el-7  el_after_av_hr  el_before_av_hr  '><div class='av-share-box'><h5 class='av-share-link-description av-no-toc '>Compartir esta noticia<\/h5><ul class='av-share-box-list noLightbox'><li class='av-share-link av-social-link-facebook' ><a target=\"_blank\" aria-label=\"Compartir en Facebook\" href='https:\/\/www.facebook.com\/sharer.php?u=https:\/\/radiorevelacionfm.cl\/?p=30094&#038;t=Ni%C3%B1as%20y%20ni%C3%B1os%20de%20Guaitecas%20reciben%20materiales%20para%20su%20estimulaci%C3%B3n%20temprana' aria-hidden='false' data-av_icon='\ue8f3' data-av_iconfont='entypo-fontello' title='' data-avia-related-tooltip='Compartir en Facebook' rel=\"noopener\"><span class='avia_hidden_link_text'>Compartir en Facebook<\/span><\/a><\/li><li class='av-share-link av-social-link-twitter' ><a target=\"_blank\" aria-label=\"Compartir en Twitter\" href='https:\/\/twitter.com\/share?text=Ni%C3%B1as%20y%20ni%C3%B1os%20de%20Guaitecas%20reciben%20materiales%20para%20su%20estimulaci%C3%B3n%20temprana&#038;url=https:\/\/radiorevelacionfm.cl\/?p=30094' aria-hidden='false' data-av_icon='\ue8f1' data-av_iconfont='entypo-fontello' title='' data-avia-related-tooltip='Compartir en Twitter' rel=\"noopener\"><span class='avia_hidden_link_text'>Compartir en Twitter<\/span><\/a><\/li><li class='av-share-link av-social-link-whatsapp' ><a target=\"_blank\" aria-label=\"Compartir en Whatsapp\" href='https:\/\/api.whatsapp.com\/send?text=https:\/\/radiorevelacionfm.cl\/?p=30094' aria-hidden='false' data-av_icon='\uf232' data-av_iconfont='entypo-fontello' title='' data-avia-related-tooltip='Compartir en Whatsapp' rel=\"noopener\"><span class='avia_hidden_link_text'>Compartir en Whatsapp<\/span><\/a><\/li><li class='av-share-link av-social-link-linkedin' ><a target=\"_blank\" aria-label=\"Compartir en LinkedIn\" href='https:\/\/linkedin.com\/shareArticle?mini=true&#038;title=Ni%C3%B1as%20y%20ni%C3%B1os%20de%20Guaitecas%20reciben%20materiales%20para%20su%20estimulaci%C3%B3n%20temprana&#038;url=https:\/\/radiorevelacionfm.cl\/?p=30094' aria-hidden='false' data-av_icon='\ue8fc' data-av_iconfont='entypo-fontello' title='' data-avia-related-tooltip='Compartir en LinkedIn' rel=\"noopener\"><span class='avia_hidden_link_text'>Compartir en LinkedIn<\/span><\/a><\/li><li class='av-share-link av-social-link-mail' ><a  aria-label=\"Compartir por correo\" href='mailto:?subject=Ni%C3%B1as%20y%20ni%C3%B1os%20de%20Guaitecas%20reciben%20materiales%20para%20su%20estimulaci%C3%B3n%20temprana&#038;body=https:\/\/radiorevelacionfm.cl\/?p=30094' aria-hidden='false' data-av_icon='\ue805' data-av_iconfont='entypo-fontello' title='' data-avia-related-tooltip='Compartir por correo'><span class='avia_hidden_link_text'>Compartir por correo<\/span><\/a><\/li><\/ul><\/div><\/div>\n<div  style='height:50px' class='hr hr-invisible   avia-builder-el-8  el_after_av_social_share  el_before_av_comments_list '><span class='hr-inner ' ><span class='hr-inner-style'><\/span><\/span><\/div>\n<div  class='av-buildercomment  av-blog-meta-html-info-disabled av-blog-meta-tag-disabled  '><\/div>\n","protected":false},"excerpt":{"rendered":"","protected":false},"author":1,"featured_media":30095,"comment_status":"open","ping_status":"open","sticky":false,"template":"","format":"standard","meta":{"footnotes":""},"categories":[38],"tags":[],"class_list":["post-30094","post","type-post","status-publish","format-standard","has-post-thumbnail","hentry","category-regional"],"jetpack_featured_media_url":"https:\/\/radiorevelacionfm.cl\/wp-content\/uploads\/2023\/04\/02-8-1-1.jpg","_links":{"self":[{"href":"https:\/\/radiorevelacionfm.cl\/index.php?rest_route=\/wp\/v2\/posts\/30094","targetHints":{"allow":["GET"]}}],"collection":[{"href":"https:\/\/radiorevelacionfm.cl\/index.php?rest_route=\/wp\/v2\/posts"}],"about":[{"href":"https:\/\/radiorevelacionfm.cl\/index.php?rest_route=\/wp\/v2\/types\/post"}],"author":[{"embeddable":true,"href":"https:\/\/radiorevelacionfm.cl\/index.php?rest_route=\/wp\/v2\/users\/1"}],"replies":[{"embeddable":true,"href":"https:\/\/radiorevelacionfm.cl\/index.php?rest_route=%2Fwp%2Fv2%2Fcomments&post=30094"}],"version-history":[{"count":1,"href":"https:\/\/radiorevelacionfm.cl\/index.php?rest_route=\/wp\/v2\/posts\/30094\/revisions"}],"predecessor-version":[{"id":30096,"href":"https:\/\/radiorevelacionfm.cl\/index.php?rest_route=\/wp\/v2\/posts\/30094\/revisions\/30096"}],"wp:featuredmedia":[{"embeddable":true,"href":"https:\/\/radiorevelacionfm.cl\/index.php?rest_route=\/wp\/v2\/media\/30095"}],"wp:attachment":[{"href":"https:\/\/radiorevelacionfm.cl\/index.php?rest_route=%2Fwp%2Fv2%2Fmedia&parent=30094"}],"wp:term":[{"taxonomy":"category","embeddable":true,"href":"https:\/\/radiorevelacionfm.cl\/index.php?rest_route=%2Fwp%2Fv2%2Fcategories&post=30094"},{"taxonomy":"post_tag","embeddable":true,"href":"https:\/\/radiorevelacionfm.cl\/index.php?rest_route=%2Fwp%2Fv2%2Ftags&post=30094"}],"curies":[{"name":"wp","href":"https:\/\/api.w.org\/{rel}","templated":true}]}}