{"id":30089,"date":"2023-04-15T12:47:30","date_gmt":"2023-04-15T15:47:30","guid":{"rendered":"https:\/\/radiorevelacionfm.cl\/?p=30089"},"modified":"2023-04-15T12:47:30","modified_gmt":"2023-04-15T15:47:30","slug":"15-de-abril-servel-da-a-conocer-vocales-mesas-y-locales-de-votacion","status":"publish","type":"post","link":"https:\/\/radiorevelacionfm.cl\/?p=30089","title":{"rendered":"15 de abril: Servel da a conocer vocales, mesas y locales de votaci\u00f3n"},"content":{"rendered":"<div class=\"flex_column av_one_full  flex_column_div av-zero-column-padding first  avia-builder-el-0  el_before_av_one_full  avia-builder-el-first  \" style='border-radius:0px; '><div  class='avia-image-container  av-styling-    avia-builder-el-1  avia-builder-el-no-sibling  avia-align-center '  itemprop=\"image\" itemscope=\"itemscope\" itemtype=\"https:\/\/schema.org\/ImageObject\"  ><div class='avia-image-container-inner'><div class='avia-image-overlay-wrap'><img decoding=\"async\" class='wp-image-2896 avia-img-lazy-loading-not-2896 avia_image' src=\"https:\/\/radiorevelacionfm.cl\/wp-content\/uploads\/2021\/02\/SERVEL-2020.jpg\" alt='' title='SERVEL-2020' height=\"675\" width=\"1200\"  itemprop=\"thumbnailUrl\" srcset=\"https:\/\/radiorevelacionfm.cl\/wp-content\/uploads\/2021\/02\/SERVEL-2020.jpg 1200w, https:\/\/radiorevelacionfm.cl\/wp-content\/uploads\/2021\/02\/SERVEL-2020-300x169.jpg 300w, https:\/\/radiorevelacionfm.cl\/wp-content\/uploads\/2021\/02\/SERVEL-2020-1030x579.jpg 1030w, https:\/\/radiorevelacionfm.cl\/wp-content\/uploads\/2021\/02\/SERVEL-2020-768x432.jpg 768w, https:\/\/radiorevelacionfm.cl\/wp-content\/uploads\/2021\/02\/SERVEL-2020-705x397.jpg 705w, https:\/\/radiorevelacionfm.cl\/wp-content\/uploads\/2021\/02\/SERVEL-2020-600x338.jpg 600w\" sizes=\"(max-width: 1200px) 100vw, 1200px\" \/><\/div><\/div><\/div><\/div><div class=\"flex_column av_one_full  flex_column_div av-zero-column-padding first  avia-builder-el-2  el_after_av_one_full  el_before_av_one_full  column-top-margin\" style='border-radius:0px; '><section class=\"av_textblock_section \"  itemscope=\"itemscope\" itemtype=\"https:\/\/schema.org\/BlogPosting\" itemprop=\"blogPost\" ><div class='avia_textblock  '   itemprop=\"text\" ><p style=\"text-align: center;\"><strong><span style=\"font-size: 18pt;\">15 de abril: Servel da a conocer vocales, mesas y locales de votaci\u00f3n<\/span><\/strong><\/p>\n<div id=\"gtx-trans\" style=\"position: absolute; left: -50px; top: 4.31534px;\">\n<div class=\"gtx-trans-icon\"><\/div>\n<\/div>\n<\/div><\/section><\/div><div class=\"flex_column av_one_full  flex_column_div av-zero-column-padding first  avia-builder-el-4  el_after_av_one_full  el_before_av_hr  column-top-margin\" style='border-radius:0px; '><section class=\"av_textblock_section \"  itemscope=\"itemscope\" itemtype=\"https:\/\/schema.org\/BlogPosting\" itemprop=\"blogPost\" ><div class='avia_textblock  '   itemprop=\"text\" ><p style=\"text-align: justify;\">Este s\u00e1bado 15 de abril, las Juntas Electorales publican la n\u00f3mina de vocales designados para la Elecci\u00f3n del Consejo Constitucional del pr\u00f3ximo 7 de mayo. Asimismo, quienes no puedan cumplir con este rol, tienen un periodo de excusas ante las mismas Juntas Electorales entre el 17 y 19 de abril y finalmente el s\u00e1bado 22 de abril se podr\u00e1 conocer el listado definitivo de vocales reemplazantes.<\/p>\n<p style=\"text-align: justify;\">Es deber de cada elector y electora conocer su mesa y local de votaci\u00f3n en el sitio web de Servel\u00a0<a href=\"http:\/\/www.servel.cl\/\" target=\"_blank\" rel=\"noreferrer noopener\">www.servel.cl<\/a>, el minisitio\u00a0<a href=\"https:\/\/consulta.servel.cl\/\" target=\"_blank\" rel=\"noreferrer noopener\">consulta.servel.cl<\/a>\u00a0o llamando al 600 6000 166.\u00a0 La\u00a0revisi\u00f3n de estos datos es muy importante, ya que la asignaci\u00f3n de mesas y, por ende, locales, se realiza para cada evento electoral (Ley 18.700).<\/p>\n<p style=\"text-align: justify;\">Para responder las consultas del electorado, Servel ha ampliado sus horarios de atenci\u00f3n en su\u00a0<em>call center\u00a0<\/em>y a trav\u00e9s de la plataforma de videollamadas en lengua de se\u00f1as:<\/p>\n<figure class=\"wp-block-table\">\n<table>\n<tbody>\n<tr>\n<td><strong>Visor: videollamada en lengua de se\u00f1as<\/strong><\/td>\n<\/tr>\n<tr>\n<td>15 y 16 de abril<\/td>\n<td>08:00-16:00 horas<\/td>\n<\/tr>\n<tr>\n<td>22 y 23 de abril<\/td>\n<td>08:00-16:00 horas<\/td>\n<\/tr>\n<tr>\n<td><\/td>\n<td><\/td>\n<\/tr>\n<tr>\n<td><strong>Call center<\/strong><\/td>\n<td><strong>\u202f<\/strong><\/td>\n<\/tr>\n<tr>\n<td>15 y 16 de abril<\/td>\n<td>8:30 a 22:30 horas<\/td>\n<\/tr>\n<tr>\n<td>17, 18 y 19 de abril<\/td>\n<td>8:30-00:30 horas<\/td>\n<\/tr>\n<\/tbody>\n<\/table>\n<\/figure>\n<\/div><\/section><\/div><div  style='height:50px' class='hr hr-invisible   avia-builder-el-6  el_after_av_one_full  el_before_av_social_share '><span class='hr-inner ' ><span class='hr-inner-style'><\/span><\/span><\/div><\/p>\n<div  class='av-social-sharing-box  avia-builder-el-7  el_after_av_hr  el_before_av_hr  '><div class='av-share-box'><h5 class='av-share-link-description av-no-toc '>Compartir esta noticia<\/h5><ul class='av-share-box-list noLightbox'><li class='av-share-link av-social-link-facebook' ><a target=\"_blank\" aria-label=\"Compartir en Facebook\" href='https:\/\/www.facebook.com\/sharer.php?u=https:\/\/radiorevelacionfm.cl\/?p=30089&#038;t=15%20de%20abril%3A%20Servel%20da%20a%20conocer%20vocales%2C%20mesas%20y%20locales%20de%20votaci%C3%B3n' aria-hidden='false' data-av_icon='\ue8f3' data-av_iconfont='entypo-fontello' title='' data-avia-related-tooltip='Compartir en Facebook' rel=\"noopener\"><span class='avia_hidden_link_text'>Compartir en Facebook<\/span><\/a><\/li><li class='av-share-link av-social-link-twitter' ><a target=\"_blank\" aria-label=\"Compartir en Twitter\" href='https:\/\/twitter.com\/share?text=15%20de%20abril%3A%20Servel%20da%20a%20conocer%20vocales%2C%20mesas%20y%20locales%20de%20votaci%C3%B3n&#038;url=https:\/\/radiorevelacionfm.cl\/?p=30089' aria-hidden='false' data-av_icon='\ue8f1' data-av_iconfont='entypo-fontello' title='' data-avia-related-tooltip='Compartir en Twitter' rel=\"noopener\"><span class='avia_hidden_link_text'>Compartir en Twitter<\/span><\/a><\/li><li class='av-share-link av-social-link-whatsapp' ><a target=\"_blank\" aria-label=\"Compartir en Whatsapp\" href='https:\/\/api.whatsapp.com\/send?text=https:\/\/radiorevelacionfm.cl\/?p=30089' aria-hidden='false' data-av_icon='\uf232' data-av_iconfont='entypo-fontello' title='' data-avia-related-tooltip='Compartir en Whatsapp' rel=\"noopener\"><span class='avia_hidden_link_text'>Compartir en Whatsapp<\/span><\/a><\/li><li class='av-share-link av-social-link-linkedin' ><a target=\"_blank\" aria-label=\"Compartir en LinkedIn\" href='https:\/\/linkedin.com\/shareArticle?mini=true&#038;title=15%20de%20abril%3A%20Servel%20da%20a%20conocer%20vocales%2C%20mesas%20y%20locales%20de%20votaci%C3%B3n&#038;url=https:\/\/radiorevelacionfm.cl\/?p=30089' aria-hidden='false' data-av_icon='\ue8fc' data-av_iconfont='entypo-fontello' title='' data-avia-related-tooltip='Compartir en LinkedIn' rel=\"noopener\"><span class='avia_hidden_link_text'>Compartir en LinkedIn<\/span><\/a><\/li><li class='av-share-link av-social-link-mail' ><a  aria-label=\"Compartir por correo\" href='mailto:?subject=15%20de%20abril%3A%20Servel%20da%20a%20conocer%20vocales%2C%20mesas%20y%20locales%20de%20votaci%C3%B3n&#038;body=https:\/\/radiorevelacionfm.cl\/?p=30089' aria-hidden='false' data-av_icon='\ue805' data-av_iconfont='entypo-fontello' title='' data-avia-related-tooltip='Compartir por correo'><span class='avia_hidden_link_text'>Compartir por correo<\/span><\/a><\/li><\/ul><\/div><\/div>\n<div  style='height:50px' class='hr hr-invisible   avia-builder-el-8  el_after_av_social_share  el_before_av_comments_list '><span class='hr-inner ' ><span class='hr-inner-style'><\/span><\/span><\/div>\n<div  class='av-buildercomment  av-blog-meta-html-info-disabled av-blog-meta-tag-disabled  '><\/div>\n","protected":false},"excerpt":{"rendered":"","protected":false},"author":1,"featured_media":2896,"comment_status":"open","ping_status":"open","sticky":false,"template":"","format":"standard","meta":{"footnotes":""},"categories":[61],"tags":[],"class_list":["post-30089","post","type-post","status-publish","format-standard","has-post-thumbnail","hentry","category-nacional"],"jetpack_featured_media_url":"https:\/\/radiorevelacionfm.cl\/wp-content\/uploads\/2021\/02\/SERVEL-2020.jpg","_links":{"self":[{"href":"https:\/\/radiorevelacionfm.cl\/index.php?rest_route=\/wp\/v2\/posts\/30089","targetHints":{"allow":["GET"]}}],"collection":[{"href":"https:\/\/radiorevelacionfm.cl\/index.php?rest_route=\/wp\/v2\/posts"}],"about":[{"href":"https:\/\/radiorevelacionfm.cl\/index.php?rest_route=\/wp\/v2\/types\/post"}],"author":[{"embeddable":true,"href":"https:\/\/radiorevelacionfm.cl\/index.php?rest_route=\/wp\/v2\/users\/1"}],"replies":[{"embeddable":true,"href":"https:\/\/radiorevelacionfm.cl\/index.php?rest_route=%2Fwp%2Fv2%2Fcomments&post=30089"}],"version-history":[{"count":1,"href":"https:\/\/radiorevelacionfm.cl\/index.php?rest_route=\/wp\/v2\/posts\/30089\/revisions"}],"predecessor-version":[{"id":30090,"href":"https:\/\/radiorevelacionfm.cl\/index.php?rest_route=\/wp\/v2\/posts\/30089\/revisions\/30090"}],"wp:featuredmedia":[{"embeddable":true,"href":"https:\/\/radiorevelacionfm.cl\/index.php?rest_route=\/wp\/v2\/media\/2896"}],"wp:attachment":[{"href":"https:\/\/radiorevelacionfm.cl\/index.php?rest_route=%2Fwp%2Fv2%2Fmedia&parent=30089"}],"wp:term":[{"taxonomy":"category","embeddable":true,"href":"https:\/\/radiorevelacionfm.cl\/index.php?rest_route=%2Fwp%2Fv2%2Fcategories&post=30089"},{"taxonomy":"post_tag","embeddable":true,"href":"https:\/\/radiorevelacionfm.cl\/index.php?rest_route=%2Fwp%2Fv2%2Ftags&post=30089"}],"curies":[{"name":"wp","href":"https:\/\/api.w.org\/{rel}","templated":true}]}}