{"id":30084,"date":"2023-04-15T12:12:15","date_gmt":"2023-04-15T15:12:15","guid":{"rendered":"https:\/\/radiorevelacionfm.cl\/?p=30084"},"modified":"2023-04-15T12:12:15","modified_gmt":"2023-04-15T15:12:15","slug":"comunidad-de-marinir-festejo-la-inauguracion-de-la-primera-obra-de-riego-y-drenaje-en-la-region","status":"publish","type":"post","link":"https:\/\/radiorevelacionfm.cl\/?p=30084","title":{"rendered":"Comunidad de Mari\u00f1ir festej\u00f3 la inauguraci\u00f3n de la primera obra de riego y drenaje en la regi\u00f3n"},"content":{"rendered":"<div class=\"flex_column av_one_full  flex_column_div av-zero-column-padding first  avia-builder-el-0  el_before_av_one_full  avia-builder-el-first  \" style='border-radius:0px; '><div  class='avia-image-container  av-styling-    avia-builder-el-1  avia-builder-el-no-sibling  avia-align-center '  itemprop=\"image\" itemscope=\"itemscope\" itemtype=\"https:\/\/schema.org\/ImageObject\"  ><div class='avia-image-container-inner'><div class='avia-image-overlay-wrap'><img decoding=\"async\" class='wp-image-30085 avia-img-lazy-loading-not-30085 avia_image' src=\"https:\/\/radiorevelacionfm.cl\/wp-content\/uploads\/2023\/04\/whatsapp-image-2023-04-14-at-16_optimized.58.28-2-1.jpeg\" alt='' title='whatsapp-image-2023-04-14-at-16_optimized.58.28-(2)-(1)' height=\"600\" width=\"917\"  itemprop=\"thumbnailUrl\" srcset=\"https:\/\/radiorevelacionfm.cl\/wp-content\/uploads\/2023\/04\/whatsapp-image-2023-04-14-at-16_optimized.58.28-2-1.jpeg 917w, https:\/\/radiorevelacionfm.cl\/wp-content\/uploads\/2023\/04\/whatsapp-image-2023-04-14-at-16_optimized.58.28-2-1-300x196.jpeg 300w, https:\/\/radiorevelacionfm.cl\/wp-content\/uploads\/2023\/04\/whatsapp-image-2023-04-14-at-16_optimized.58.28-2-1-768x503.jpeg 768w, https:\/\/radiorevelacionfm.cl\/wp-content\/uploads\/2023\/04\/whatsapp-image-2023-04-14-at-16_optimized.58.28-2-1-705x461.jpeg 705w, https:\/\/radiorevelacionfm.cl\/wp-content\/uploads\/2023\/04\/whatsapp-image-2023-04-14-at-16_optimized.58.28-2-1-450x294.jpeg 450w, https:\/\/radiorevelacionfm.cl\/wp-content\/uploads\/2023\/04\/whatsapp-image-2023-04-14-at-16_optimized.58.28-2-1-600x393.jpeg 600w\" sizes=\"(max-width: 917px) 100vw, 917px\" \/><\/div><\/div><\/div><\/div><div class=\"flex_column av_one_full  flex_column_div av-zero-column-padding first  avia-builder-el-2  el_after_av_one_full  el_before_av_one_full  column-top-margin\" style='border-radius:0px; '><section class=\"av_textblock_section \"  itemscope=\"itemscope\" itemtype=\"https:\/\/schema.org\/BlogPosting\" itemprop=\"blogPost\" ><div class='avia_textblock  '   itemprop=\"text\" ><p style=\"text-align: center;\"><span style=\"font-size: 18pt;\"><b class=\"v1ContentPasted1\">Comunidad de Mari\u00f1ir festej\u00f3 la inauguraci\u00f3n de la primera obra de riego y drenaje en la regi\u00f3n\u00a0<\/b><\/span><\/p>\n<div id=\"gtx-trans\" style=\"position: absolute; left: -50px; top: 4.31534px;\">\n<div class=\"gtx-trans-icon\"><\/div>\n<\/div>\n<\/div><\/section><\/div><div class=\"flex_column av_one_full  flex_column_div av-zero-column-padding first  avia-builder-el-4  el_after_av_one_full  el_before_av_hr  column-top-margin\" style='border-radius:0px; '><section class=\"av_textblock_section \"  itemscope=\"itemscope\" itemtype=\"https:\/\/schema.org\/BlogPosting\" itemprop=\"blogPost\" ><div class='avia_textblock  '   itemprop=\"text\" ><p class=\"v1MsoNormal v1ContentPasted1\" style=\"text-align: justify;\">El trabajo colaborativo que llevaron a cabo durante el \u00faltimo a\u00f1o, tanto la Seremi de Agricultura, la Comisi\u00f3n Nacional de Riego, la Seremi de Desarrollo Social y Familia, a trav\u00e9s de CONADI Los Lagos y con recursos del Gobierno Regional de Ays\u00e9n, concluy\u00f3 el jueves 13 de abril con la inauguraci\u00f3n de la Primera Obra Civil de Riego y Drenaje emplazada en la Comunidad Ind\u00edgena de Mari\u00f1ir, cercana a la localidad de Villa Ortega.<\/p>\n<p class=\"v1MsoNormal v1ContentPasted1\" style=\"text-align: justify;\">Se trata de una Obra Civil Hidr\u00e1ulica de Riego que permitir\u00e1 apoyar a comunidad integrada por 26 personas para la implementaci\u00f3n de riego en tres hect\u00e1reas de superficie comunitarias. La tan anhelada obra se logr\u00f3 concretar tras siete a\u00f1os de gestiones familiares y gracias a los esfuerzos de Gobierno, hecho que fue destacado en la inauguraci\u00f3n realizada este jueves, donde participaron autoridades regionales, sectoriales, el alcalde de la comuna, Carlos Gatica Villegas y los integrantes de la comunidad Indigena.<\/p>\n<p class=\"v1MsoNormal v1ContentPasted1\" style=\"text-align: justify;\">El Delegado Presidencial Regional en Ays\u00e9n, Rodrigo Araya Morales, se mostr\u00f3 satisfecho con la respuesta del trabajo que concluye con esta primera e importante obra para la Comunidad Ind\u00edgena de Mari\u00f1ir y tambi\u00e9n para la regi\u00f3n. \u00abHablamos con la se\u00f1ora Mar\u00eda Anti\u00f1irre, lo importante de la gesti\u00f3n familiar y de persistir en esta idea que pudo concretarse con el trabajo del Ministerio de Agricultura durante este \u00faltimo a\u00f1o\u00bb, enfatiz\u00f3<\/p>\n<p class=\"v1MsoNormal v1ContentPasted1\" style=\"text-align: justify;\">El seremi de Agricultura, Alan Espinoza Ortiz, coment\u00f3 que \u00abhace casi 11 meses, cuando partimos nuestra gesti\u00f3n, nos comprometimos con sacar adelante este proyecto que por diferentes razones estaba estancado hace m\u00e1s de siete a\u00f1os. Asumimos un compromiso y hoy lo estamos cumpliendo, estamos con la comunidad. Esta es la primera Obra Civil Hidr\u00e1ulica de Riego Asociativo que se construye para una Comunidad Ind\u00edgena en nuestra regi\u00f3n\u00bb, destac\u00f3 la autoridad regional, manifestando tanto la alegr\u00eda en la cartera de agricultura, como de la familia Anti\u00f1irre, comunidad que se ver\u00e1 beneficiada por la materializaci\u00f3n de este proyecto.<\/p>\n<p class=\"v1MsoNormal v1ContentPasted1\" style=\"text-align: justify;\">De igual modo, Mar\u00eda Anti\u00f1irre Ruiz, representante de la comunidad, se mostr\u00f3 emocionada con el resultado de esta obra. \u00abEstoy satisfecha y realmente uno vuelve a tener confianza en las autoridades. Lo hemos dicho en las reuniones, Alan cumpli\u00f3 y eso es lo m\u00e1s importante, porque realmente ten\u00edamos miedo de perder el proyecto, despu\u00e9s de haber trabajado siete a\u00f1os. Sin agua es poco lo que se puede hacer sobre toda la siembra, con los animales y sus bebederos. Estamos agradecidos ahora que estamos a las puertas de terminar todo\u00bb, se\u00f1al\u00f3.<\/p>\n<p class=\"v1MsoNormal v1ContentPasted1\" style=\"text-align: justify;\">Por su parte, la Seremi de Desarrollo Social y Familia, Karina Acevedo Auad, aplaudi\u00f3 el trabajo mancomunado con el Ministerio de Agricultura y el Gobierno Regional. \u00abEstamos contentos de entregar soluciones precisas y pertinentes a las comunidades, de lograr este acopio de agua, la distribuci\u00f3n del recurso y poder aplicar tecnolog\u00eda, para esta comunidad, pero tambi\u00e9n marcando un precedente para el resto del territorio de la regi\u00f3n de Ays\u00e9n\u00bb, se\u00f1alo la autoridad.<\/p>\n<p class=\"v1MsoNormal v1ContentPasted1\" style=\"text-align: justify;\">Cabe destacar que esta Obra Civil Hidr\u00e1ulica de Riego Asociativo habilita a la Comunidad Ind\u00edgena de Mari\u00f1ir con un potencial m\u00ednimo de productividad igual a una Hect\u00e1rea de Riego B\u00e1sico (HRB), lo que se traduce en un potencial hort\u00edcola de producci\u00f3n equivalente a 180 mil kilogramos de lechugas. Son 1.128 metros lineales de aducci\u00f3n, sumados a 1.128 metros de Impulsi\u00f3n y una piscina de acumulaci\u00f3n que tiene una capacidad de 150 mil litros.<\/p>\n<\/div><\/section><\/div><div  style='height:50px' class='hr hr-invisible   avia-builder-el-6  el_after_av_one_full  el_before_av_social_share '><span class='hr-inner ' ><span class='hr-inner-style'><\/span><\/span><\/div><\/p>\n<div  class='av-social-sharing-box  avia-builder-el-7  el_after_av_hr  el_before_av_hr  '><div class='av-share-box'><h5 class='av-share-link-description av-no-toc '>Compartir esta noticia<\/h5><ul class='av-share-box-list noLightbox'><li class='av-share-link av-social-link-facebook' ><a target=\"_blank\" aria-label=\"Compartir en Facebook\" href='https:\/\/www.facebook.com\/sharer.php?u=https:\/\/radiorevelacionfm.cl\/?p=30084&#038;t=Comunidad%20de%20Mari%C3%B1ir%20festej%C3%B3%20la%20inauguraci%C3%B3n%20de%20la%20primera%20obra%20de%20riego%20y%20drenaje%20en%20la%20regi%C3%B3n' aria-hidden='false' data-av_icon='\ue8f3' data-av_iconfont='entypo-fontello' title='' data-avia-related-tooltip='Compartir en Facebook' rel=\"noopener\"><span class='avia_hidden_link_text'>Compartir en Facebook<\/span><\/a><\/li><li class='av-share-link av-social-link-twitter' ><a target=\"_blank\" aria-label=\"Compartir en Twitter\" href='https:\/\/twitter.com\/share?text=Comunidad%20de%20Mari%C3%B1ir%20festej%C3%B3%20la%20inauguraci%C3%B3n%20de%20la%20primera%20obra%20de%20riego%20y%20drenaje%20en%20la%20regi%C3%B3n&#038;url=https:\/\/radiorevelacionfm.cl\/?p=30084' aria-hidden='false' data-av_icon='\ue8f1' data-av_iconfont='entypo-fontello' title='' data-avia-related-tooltip='Compartir en Twitter' rel=\"noopener\"><span class='avia_hidden_link_text'>Compartir en Twitter<\/span><\/a><\/li><li class='av-share-link av-social-link-whatsapp' ><a target=\"_blank\" aria-label=\"Compartir en Whatsapp\" href='https:\/\/api.whatsapp.com\/send?text=https:\/\/radiorevelacionfm.cl\/?p=30084' aria-hidden='false' data-av_icon='\uf232' data-av_iconfont='entypo-fontello' title='' data-avia-related-tooltip='Compartir en Whatsapp' rel=\"noopener\"><span class='avia_hidden_link_text'>Compartir en Whatsapp<\/span><\/a><\/li><li class='av-share-link av-social-link-linkedin' ><a target=\"_blank\" aria-label=\"Compartir en LinkedIn\" href='https:\/\/linkedin.com\/shareArticle?mini=true&#038;title=Comunidad%20de%20Mari%C3%B1ir%20festej%C3%B3%20la%20inauguraci%C3%B3n%20de%20la%20primera%20obra%20de%20riego%20y%20drenaje%20en%20la%20regi%C3%B3n&#038;url=https:\/\/radiorevelacionfm.cl\/?p=30084' aria-hidden='false' data-av_icon='\ue8fc' data-av_iconfont='entypo-fontello' title='' data-avia-related-tooltip='Compartir en LinkedIn' rel=\"noopener\"><span class='avia_hidden_link_text'>Compartir en LinkedIn<\/span><\/a><\/li><li class='av-share-link av-social-link-mail' ><a  aria-label=\"Compartir por correo\" href='mailto:?subject=Comunidad%20de%20Mari%C3%B1ir%20festej%C3%B3%20la%20inauguraci%C3%B3n%20de%20la%20primera%20obra%20de%20riego%20y%20drenaje%20en%20la%20regi%C3%B3n&#038;body=https:\/\/radiorevelacionfm.cl\/?p=30084' aria-hidden='false' data-av_icon='\ue805' data-av_iconfont='entypo-fontello' title='' data-avia-related-tooltip='Compartir por correo'><span class='avia_hidden_link_text'>Compartir por correo<\/span><\/a><\/li><\/ul><\/div><\/div>\n<div  style='height:50px' class='hr hr-invisible   avia-builder-el-8  el_after_av_social_share  el_before_av_comments_list '><span class='hr-inner ' ><span class='hr-inner-style'><\/span><\/span><\/div>\n<div  class='av-buildercomment  av-blog-meta-html-info-disabled av-blog-meta-tag-disabled  '><\/div>\n","protected":false},"excerpt":{"rendered":"","protected":false},"author":1,"featured_media":30085,"comment_status":"open","ping_status":"open","sticky":false,"template":"","format":"standard","meta":{"footnotes":""},"categories":[58],"tags":[],"class_list":["post-30084","post","type-post","status-publish","format-standard","has-post-thumbnail","hentry","category-agricultura"],"jetpack_featured_media_url":"https:\/\/radiorevelacionfm.cl\/wp-content\/uploads\/2023\/04\/whatsapp-image-2023-04-14-at-16_optimized.58.28-2-1.jpeg","_links":{"self":[{"href":"https:\/\/radiorevelacionfm.cl\/index.php?rest_route=\/wp\/v2\/posts\/30084","targetHints":{"allow":["GET"]}}],"collection":[{"href":"https:\/\/radiorevelacionfm.cl\/index.php?rest_route=\/wp\/v2\/posts"}],"about":[{"href":"https:\/\/radiorevelacionfm.cl\/index.php?rest_route=\/wp\/v2\/types\/post"}],"author":[{"embeddable":true,"href":"https:\/\/radiorevelacionfm.cl\/index.php?rest_route=\/wp\/v2\/users\/1"}],"replies":[{"embeddable":true,"href":"https:\/\/radiorevelacionfm.cl\/index.php?rest_route=%2Fwp%2Fv2%2Fcomments&post=30084"}],"version-history":[{"count":1,"href":"https:\/\/radiorevelacionfm.cl\/index.php?rest_route=\/wp\/v2\/posts\/30084\/revisions"}],"predecessor-version":[{"id":30086,"href":"https:\/\/radiorevelacionfm.cl\/index.php?rest_route=\/wp\/v2\/posts\/30084\/revisions\/30086"}],"wp:featuredmedia":[{"embeddable":true,"href":"https:\/\/radiorevelacionfm.cl\/index.php?rest_route=\/wp\/v2\/media\/30085"}],"wp:attachment":[{"href":"https:\/\/radiorevelacionfm.cl\/index.php?rest_route=%2Fwp%2Fv2%2Fmedia&parent=30084"}],"wp:term":[{"taxonomy":"category","embeddable":true,"href":"https:\/\/radiorevelacionfm.cl\/index.php?rest_route=%2Fwp%2Fv2%2Fcategories&post=30084"},{"taxonomy":"post_tag","embeddable":true,"href":"https:\/\/radiorevelacionfm.cl\/index.php?rest_route=%2Fwp%2Fv2%2Ftags&post=30084"}],"curies":[{"name":"wp","href":"https:\/\/api.w.org\/{rel}","templated":true}]}}