{"id":30081,"date":"2023-04-14T18:42:16","date_gmt":"2023-04-14T21:42:16","guid":{"rendered":"https:\/\/radiorevelacionfm.cl\/?p=30081"},"modified":"2023-04-14T18:48:24","modified_gmt":"2023-04-14T21:48:24","slug":"pdi-detiene-a-coautores-de-homicidio-contra-adolescente-de-15-anos-ocurrido-el-ano-2022","status":"publish","type":"post","link":"https:\/\/radiorevelacionfm.cl\/?p=30081","title":{"rendered":"PDI detiene a coautores de homicidio contra adolescente de 15 a\u00f1os ocurrido el a\u00f1o 2022 en Coyhaique"},"content":{"rendered":"<div class=\"flex_column av_one_full  flex_column_div av-zero-column-padding first  avia-builder-el-0  el_before_av_one_full  avia-builder-el-first  \" style='border-radius:0px; '><div  class='avia-image-container  av-styling-    avia-builder-el-1  avia-builder-el-no-sibling  avia-align-center '  itemprop=\"image\" itemscope=\"itemscope\" itemtype=\"https:\/\/schema.org\/ImageObject\"  ><div class='avia-image-container-inner'><div class='avia-image-overlay-wrap'><img decoding=\"async\" class='wp-image-18858 avia-img-lazy-loading-not-18858 avia_image' src=\"https:\/\/radiorevelacionfm.cl\/wp-content\/uploads\/2022\/07\/Referencial-detenido-PDI-004-1-1-1.jpg\" alt='' title='Referencial detenido PDI 004 (1) (1) (1)' height=\"600\" width=\"900\"  itemprop=\"thumbnailUrl\" srcset=\"https:\/\/radiorevelacionfm.cl\/wp-content\/uploads\/2022\/07\/Referencial-detenido-PDI-004-1-1-1.jpg 900w, https:\/\/radiorevelacionfm.cl\/wp-content\/uploads\/2022\/07\/Referencial-detenido-PDI-004-1-1-1-300x200.jpg 300w, https:\/\/radiorevelacionfm.cl\/wp-content\/uploads\/2022\/07\/Referencial-detenido-PDI-004-1-1-1-768x512.jpg 768w, https:\/\/radiorevelacionfm.cl\/wp-content\/uploads\/2022\/07\/Referencial-detenido-PDI-004-1-1-1-705x470.jpg 705w, https:\/\/radiorevelacionfm.cl\/wp-content\/uploads\/2022\/07\/Referencial-detenido-PDI-004-1-1-1-600x400.jpg 600w\" sizes=\"(max-width: 900px) 100vw, 900px\" \/><\/div><\/div><\/div><\/div>\n<div class=\"flex_column av_one_full  flex_column_div av-zero-column-padding first  avia-builder-el-2  el_after_av_one_full  el_before_av_one_full  column-top-margin\" style='border-radius:0px; '><section class=\"av_textblock_section \"  itemscope=\"itemscope\" itemtype=\"https:\/\/schema.org\/BlogPosting\" itemprop=\"blogPost\" ><div class='avia_textblock  '   itemprop=\"text\" ><p style=\"text-align: center;\"><strong><span style=\"font-size: 18pt;\">PDI detiene a coautores de homicidio contra adolescente de 15 a\u00f1os ocurrido el a\u00f1o 2022 en Coyhaique<\/span><\/strong><\/p>\n<div id=\"gtx-trans\" style=\"position: absolute; left: -50px; top: 4.31534px;\">\n<div class=\"gtx-trans-icon\"><\/div>\n<\/div>\n<\/div><\/section><\/div><div class=\"flex_column av_one_full  flex_column_div av-zero-column-padding first  avia-builder-el-4  el_after_av_one_full  el_before_av_hr  column-top-margin\" style='border-radius:0px; '><section class=\"av_textblock_section \"  itemscope=\"itemscope\" itemtype=\"https:\/\/schema.org\/BlogPosting\" itemprop=\"blogPost\" ><div class='avia_textblock  '   itemprop=\"text\" ><p style=\"text-align: justify;\">Tras seis meses de investigaci\u00f3n, detectives de la Brigada de Homicidios (BH) Coyhaique de la PDI, en un trabajo coordinado con el Ministerio P\u00fablico, detuvieron a dos imputados como presuntos coautores de un homicidio con arma cortante ocurrido en la comuna de Coyhaique en septiembre del a\u00f1o 2022. La v\u00edctima corresponde a un adolescente de 15 a\u00f1os quien ingres\u00f3 al Hospital Regional con m\u00faltiples heridas, falleciendo horas m\u00e1s tarde debido a la gravedad de sus lesiones.<\/p>\n<p style=\"text-align: justify;\">Al respecto, el inspector Nicol\u00e1s Salazar de la BH Coyhaique indic\u00f3 que \u201cesta brigada se encontraba realizando diligencias para establecer la criminodin\u00e1mica exacta de c\u00f3mo ocurrieron los hechos. Es por esto que, en primera instancia, se logr\u00f3 identificar al autor del homicidio, correspondiente a un menor de 13 a\u00f1os de edad\u201d.<\/p>\n<p style=\"text-align: justify;\">En base al trabajo de an\u00e1lisis criminal, \u201ccon el desarrollo de diversas diligencias investigativas, peritajes, revisi\u00f3n de c\u00e1maras de seguridad y entrevistas a testigos, se logr\u00f3 establecer la participaci\u00f3n como coautores de dos personas, una mayor de edad y un adolescente de 17 a\u00f1os, cuyas detenciones se materializaron durante la noche del jueves y la madrugada de este viernes\u201d, sostuvo el inspector Salazar.<\/p>\n<p style=\"text-align: justify;\">Por instrucci\u00f3n de Fiscal\u00eda, los imputados de 17 y 22 a\u00f1os fueron puestos a disposici\u00f3n del Juzgado de Garant\u00eda de Coyhaique durante la ma\u00f1ana de este viernes para su control de detenci\u00f3n y formalizaci\u00f3n.<\/p>\n<p style=\"text-align: justify;\"><strong>PRISI\u00d3N PREVENTIVA<\/strong><\/p>\n<p style=\"text-align: justify;\">Sobre la audiencia, el Fiscal Jefe de Coyhaique, Jos\u00e9 Moris, se\u00f1al\u00f3 que \u201choy se formaliz\u00f3 a dos imputados, un adulto y un menor de edad, por un homicidio que sucedi\u00f3 en el sector alto de Coyhaique, en septiembre del 2022\u201d. El persecutor penal a\u00f1adi\u00f3 que, producto de ello, \u201cse dispuso la realizaci\u00f3n del trabajo investigativo a la Brigada de Homicidios de la PDI, la que a lo largo de estos seis meses, desarroll\u00f3 una serie de diligencias, informes periciales, an\u00e1lisis, declaraci\u00f3n de testigos, lo que permiti\u00f3 la identificaci\u00f3n de los autores con lo cual se gestion\u00f3 una orden de detenci\u00f3n con el Juzgado de Garant\u00eda de Coyhaique\u201d.<\/p>\n<p style=\"text-align: justify;\">En dicha instancia, fueron \u201cformalizados por homicidio y se solicit\u00f3 que el Tribunal dispusiera la medida cautelar de prisi\u00f3n preventiva para el adulto e internaci\u00f3n provisoria para el adolescente. El tribunal accedi\u00f3 a la medida, por lo mismo, los dos imputados quedaron privados de libertad y se fij\u00f3 un plazo de 60 d\u00edas para investigar\u201d.<\/p>\n<\/div><\/section><\/div><\/p>\n<div  style='height:50px' class='hr hr-invisible   avia-builder-el-6  el_after_av_one_full  el_before_av_social_share '><span class='hr-inner ' ><span class='hr-inner-style'><\/span><\/span><\/div>\n<div  class='av-social-sharing-box  avia-builder-el-7  el_after_av_hr  el_before_av_hr  '><div class='av-share-box'><h5 class='av-share-link-description av-no-toc '>Compartir esta noticia<\/h5><ul class='av-share-box-list noLightbox'><li class='av-share-link av-social-link-facebook' ><a target=\"_blank\" aria-label=\"Compartir en Facebook\" href='https:\/\/www.facebook.com\/sharer.php?u=https:\/\/radiorevelacionfm.cl\/?p=30081&#038;t=PDI%20detiene%20a%20coautores%20de%20homicidio%20contra%20adolescente%20de%2015%20a%C3%B1os%20ocurrido%20el%20a%C3%B1o%202022%20en%20Coyhaique' aria-hidden='false' data-av_icon='\ue8f3' data-av_iconfont='entypo-fontello' title='' data-avia-related-tooltip='Compartir en Facebook' rel=\"noopener\"><span class='avia_hidden_link_text'>Compartir en Facebook<\/span><\/a><\/li><li class='av-share-link av-social-link-twitter' ><a target=\"_blank\" aria-label=\"Compartir en Twitter\" href='https:\/\/twitter.com\/share?text=PDI%20detiene%20a%20coautores%20de%20homicidio%20contra%20adolescente%20de%2015%20a%C3%B1os%20ocurrido%20el%20a%C3%B1o%202022%20en%20Coyhaique&#038;url=https:\/\/radiorevelacionfm.cl\/?p=30081' aria-hidden='false' data-av_icon='\ue8f1' data-av_iconfont='entypo-fontello' title='' data-avia-related-tooltip='Compartir en Twitter' rel=\"noopener\"><span class='avia_hidden_link_text'>Compartir en Twitter<\/span><\/a><\/li><li class='av-share-link av-social-link-whatsapp' ><a target=\"_blank\" aria-label=\"Compartir en Whatsapp\" href='https:\/\/api.whatsapp.com\/send?text=https:\/\/radiorevelacionfm.cl\/?p=30081' aria-hidden='false' data-av_icon='\uf232' data-av_iconfont='entypo-fontello' title='' data-avia-related-tooltip='Compartir en Whatsapp' rel=\"noopener\"><span class='avia_hidden_link_text'>Compartir en Whatsapp<\/span><\/a><\/li><li class='av-share-link av-social-link-linkedin' ><a target=\"_blank\" aria-label=\"Compartir en LinkedIn\" href='https:\/\/linkedin.com\/shareArticle?mini=true&#038;title=PDI%20detiene%20a%20coautores%20de%20homicidio%20contra%20adolescente%20de%2015%20a%C3%B1os%20ocurrido%20el%20a%C3%B1o%202022%20en%20Coyhaique&#038;url=https:\/\/radiorevelacionfm.cl\/?p=30081' aria-hidden='false' data-av_icon='\ue8fc' data-av_iconfont='entypo-fontello' title='' data-avia-related-tooltip='Compartir en LinkedIn' rel=\"noopener\"><span class='avia_hidden_link_text'>Compartir en LinkedIn<\/span><\/a><\/li><li class='av-share-link av-social-link-mail' ><a  aria-label=\"Compartir por correo\" href='mailto:?subject=PDI%20detiene%20a%20coautores%20de%20homicidio%20contra%20adolescente%20de%2015%20a%C3%B1os%20ocurrido%20el%20a%C3%B1o%202022%20en%20Coyhaique&#038;body=https:\/\/radiorevelacionfm.cl\/?p=30081' aria-hidden='false' data-av_icon='\ue805' data-av_iconfont='entypo-fontello' title='' data-avia-related-tooltip='Compartir por correo'><span class='avia_hidden_link_text'>Compartir por correo<\/span><\/a><\/li><\/ul><\/div><\/div>\n<div  style='height:50px' class='hr hr-invisible   avia-builder-el-8  el_after_av_social_share  el_before_av_comments_list '><span class='hr-inner ' ><span class='hr-inner-style'><\/span><\/span><\/div>\n<div  class='av-buildercomment  av-blog-meta-html-info-disabled av-blog-meta-tag-disabled  '><\/div>\n","protected":false},"excerpt":{"rendered":"","protected":false},"author":1,"featured_media":18858,"comment_status":"open","ping_status":"open","sticky":false,"template":"","format":"standard","meta":{"footnotes":""},"categories":[36],"tags":[],"class_list":["post-30081","post","type-post","status-publish","format-standard","has-post-thumbnail","hentry","category-policial"],"jetpack_featured_media_url":"https:\/\/radiorevelacionfm.cl\/wp-content\/uploads\/2022\/07\/Referencial-detenido-PDI-004-1-1-1.jpg","_links":{"self":[{"href":"https:\/\/radiorevelacionfm.cl\/index.php?rest_route=\/wp\/v2\/posts\/30081","targetHints":{"allow":["GET"]}}],"collection":[{"href":"https:\/\/radiorevelacionfm.cl\/index.php?rest_route=\/wp\/v2\/posts"}],"about":[{"href":"https:\/\/radiorevelacionfm.cl\/index.php?rest_route=\/wp\/v2\/types\/post"}],"author":[{"embeddable":true,"href":"https:\/\/radiorevelacionfm.cl\/index.php?rest_route=\/wp\/v2\/users\/1"}],"replies":[{"embeddable":true,"href":"https:\/\/radiorevelacionfm.cl\/index.php?rest_route=%2Fwp%2Fv2%2Fcomments&post=30081"}],"version-history":[{"count":2,"href":"https:\/\/radiorevelacionfm.cl\/index.php?rest_route=\/wp\/v2\/posts\/30081\/revisions"}],"predecessor-version":[{"id":30083,"href":"https:\/\/radiorevelacionfm.cl\/index.php?rest_route=\/wp\/v2\/posts\/30081\/revisions\/30083"}],"wp:featuredmedia":[{"embeddable":true,"href":"https:\/\/radiorevelacionfm.cl\/index.php?rest_route=\/wp\/v2\/media\/18858"}],"wp:attachment":[{"href":"https:\/\/radiorevelacionfm.cl\/index.php?rest_route=%2Fwp%2Fv2%2Fmedia&parent=30081"}],"wp:term":[{"taxonomy":"category","embeddable":true,"href":"https:\/\/radiorevelacionfm.cl\/index.php?rest_route=%2Fwp%2Fv2%2Fcategories&post=30081"},{"taxonomy":"post_tag","embeddable":true,"href":"https:\/\/radiorevelacionfm.cl\/index.php?rest_route=%2Fwp%2Fv2%2Ftags&post=30081"}],"curies":[{"name":"wp","href":"https:\/\/api.w.org\/{rel}","templated":true}]}}