{"id":30075,"date":"2023-04-15T18:22:07","date_gmt":"2023-04-15T21:22:07","guid":{"rendered":"https:\/\/radiorevelacionfm.cl\/?p=30075"},"modified":"2023-04-15T18:22:07","modified_gmt":"2023-04-15T21:22:07","slug":"firman-convenio-de-colaboracion-en-pos-de-la-mejora-de-la-educacion-publica-aysenina","status":"publish","type":"post","link":"https:\/\/radiorevelacionfm.cl\/?p=30075","title":{"rendered":"Firman convenio de colaboraci\u00f3n en pos de la mejora de la educaci\u00f3n p\u00fablica aysenina"},"content":{"rendered":"<div class=\"flex_column av_one_full  flex_column_div av-zero-column-padding first  avia-builder-el-0  el_before_av_one_full  avia-builder-el-first  \" style='border-radius:0px; '><div  class='avia-image-container  av-styling-    avia-builder-el-1  avia-builder-el-no-sibling  avia-align-center '  itemprop=\"image\" itemscope=\"itemscope\" itemtype=\"https:\/\/schema.org\/ImageObject\"  ><div class='avia-image-container-inner'><div class='avia-image-overlay-wrap'><img decoding=\"async\" class='wp-image-30076 avia-img-lazy-loading-not-30076 avia_image' src=\"https:\/\/radiorevelacionfm.cl\/wp-content\/uploads\/2023\/04\/341143516_172162445738768_3950032692038653126_n-1-1.jpg\" alt='' title='341143516_172162445738768_3950032692038653126_n (1) (1)' height=\"600\" width=\"968\"  itemprop=\"thumbnailUrl\" srcset=\"https:\/\/radiorevelacionfm.cl\/wp-content\/uploads\/2023\/04\/341143516_172162445738768_3950032692038653126_n-1-1.jpg 968w, https:\/\/radiorevelacionfm.cl\/wp-content\/uploads\/2023\/04\/341143516_172162445738768_3950032692038653126_n-1-1-300x186.jpg 300w, https:\/\/radiorevelacionfm.cl\/wp-content\/uploads\/2023\/04\/341143516_172162445738768_3950032692038653126_n-1-1-768x476.jpg 768w, https:\/\/radiorevelacionfm.cl\/wp-content\/uploads\/2023\/04\/341143516_172162445738768_3950032692038653126_n-1-1-705x437.jpg 705w, https:\/\/radiorevelacionfm.cl\/wp-content\/uploads\/2023\/04\/341143516_172162445738768_3950032692038653126_n-1-1-450x279.jpg 450w, https:\/\/radiorevelacionfm.cl\/wp-content\/uploads\/2023\/04\/341143516_172162445738768_3950032692038653126_n-1-1-600x372.jpg 600w\" sizes=\"(max-width: 968px) 100vw, 968px\" \/><\/div><\/div><\/div><\/div><div class=\"flex_column av_one_full  flex_column_div av-zero-column-padding first  avia-builder-el-2  el_after_av_one_full  el_before_av_one_full  column-top-margin\" style='border-radius:0px; '><section class=\"av_textblock_section \"  itemscope=\"itemscope\" itemtype=\"https:\/\/schema.org\/BlogPosting\" itemprop=\"blogPost\" ><div class='avia_textblock  '   itemprop=\"text\" ><p style=\"text-align: center;\"><span style=\"font-size: 18pt;\"><strong>Firman convenio de colaboraci\u00f3n en pos de la mejora de la educaci\u00f3n p\u00fablica aysenina<\/strong><\/span><\/p>\n<div id=\"gtx-trans\" style=\"position: absolute; left: -50px; top: 4.31534px;\">\n<div class=\"gtx-trans-icon\"><\/div>\n<\/div>\n<\/div><\/section><\/div><div class=\"flex_column av_one_full  flex_column_div av-zero-column-padding first  avia-builder-el-4  el_after_av_one_full  el_before_av_hr  column-top-margin\" style='border-radius:0px; '><section class=\"av_textblock_section \"  itemscope=\"itemscope\" itemtype=\"https:\/\/schema.org\/BlogPosting\" itemprop=\"blogPost\" ><div class='avia_textblock  '   itemprop=\"text\" ><p style=\"text-align: justify;\">Con el firme prop\u00f3sito de contribuir al mejoramiento de la educaci\u00f3n, especialmente referente a la infraestructura escolar p\u00fablica a trav\u00e9s de los fondos de conservaci\u00f3n 2023 dispuestos por el ministerio de educaci\u00f3n. Este jueves el municipio aysenino conjuntamente a Seremi Educaci\u00f3n Ays\u00e9n y Servicio Local de Educaci\u00f3n P\u00fablica Ays\u00e9n -representado por el alcalde, Julio Uribe; seremi Isabel Garrido; y el director del SLEP Ays\u00e9n, Sebasti\u00e1n Gonz\u00e1lez, respectivamente-, firmaron un convenio de colaboraci\u00f3n el cual se extender\u00e1 durante todo el a\u00f1o 2023, y en que las tres instituciones se comprometen a realizar acciones tendientes al fortalecimiento de la educaci\u00f3n en la comuna.<\/p>\n<p style=\"text-align: justify;\">As\u00ed lo manifest\u00f3 la representante de la cartera de educaci\u00f3n en la regi\u00f3n, seremi Isabel Garrido, quien relev\u00f3 esta firma que \u201cpermitir\u00e1 ejecutar los millones de pesos que se dispusieron desde el fondo de conservaci\u00f3n de infraestructura 2023. Hay $9 mil millones dispuestos para la regi\u00f3n de Ays\u00e9n, de los cuales $2.400 est\u00e1n exclusivamente destinados para la comuna de Ays\u00e9n, y con este trabajo colaborativo tenemos la expectativa de poder ejecutar la mayor cantidad posible en favor de las escuelas p\u00fablicas de Ays\u00e9n y los estudiantes en su proceso de aprendizaje\u201d.<\/p>\n<p style=\"text-align: justify;\">Explic\u00f3 que \u201chay proyectos diversos que se est\u00e1n trabajando, desde envolvente t\u00e9rmica hasta mejoramiento de fachada, pero son temas que est\u00e1n pendientes hace mucho tiempo porque sabemos que la infraestructura es la base para los procesos de aprendizaje. Todo peso que se utiliza en las escuelas es un peso bien invertido, es un peso bien gastado\u201d.<\/p>\n<p style=\"text-align: justify;\">Por su parte, el alcalde aysenino, Julio Uribe, dio cuenta del beneficio que implicar\u00e1 este convenio para las comunidades educativas ayseninas, en que el municipio se compromete a postular a la totalidad de los fondos disponibles en la comuna respecto a los fondos de conservaci\u00f3n 2023, sumando el apoyo t\u00e9cnico de la secretar\u00eda regional ministerial de educaci\u00f3n y el SLEP en cuanto a formulaci\u00f3n y dise\u00f1o de proyectos, e inspecci\u00f3n t\u00e9cnica de las obras\u201d.<\/p>\n<p style=\"text-align: justify;\">\u201cEstamos ciertos que nuestros establecimientos tienen un claro deterioro por los a\u00f1os que han estado al servicio de nuestra comunidad. Esperamos poder mejorar aquellas ligadas, especialmente en la parte el\u00e9ctrica, termicidad, respecto a los gastos de calefacci\u00f3n por no tener estos mejoramientos t\u00e9rmicos que debieran haberse hecho hace muchos a\u00f1os. Por eso hoy queremos entregar soluciones, y para ello el trabajo colaborativo es la clave\u201d.<\/p>\n<p style=\"text-align: justify;\">Se\u00f1alar que este acuerdo se realiza en el marco del proceso de desmunicipalizaci\u00f3n que se vive en la comuna aysenina, y que implica que para enero de 2024 los establecimientos municipales ser\u00e1n traspasados a los servicios locales de educaci\u00f3n. En este sentido, \u201cel objetivo es que fortalezcamos en conjunto la educaci\u00f3n p\u00fablica de la regi\u00f3n, y para eso es muy importante el trabajo mancomunado. Los municipios tienen un rol clave para que este trabajo se siga realizando de la mejor forma. Por eso, este convenio se enmarca en ese esp\u00edritu de colaborar, que est\u00e1 liderado por nuestra seremi de educaci\u00f3n, quien nos ha convocado a todos para que podamos trabajar en conjunto en funci\u00f3n de mejorar las condiciones de los establecimientos, y as\u00ed los ni\u00f1os y las ni\u00f1as de Ays\u00e9n tengan mejores espacios educativos para aprender, para desarrollar sus capacidades y todos sus conocimientos\u201d, finaliz\u00f3 el director del SLEP local, Sebasti\u00e1n Gonz\u00e1lez.<\/p>\n<\/div><\/section><\/div><div  style='height:50px' class='hr hr-invisible   avia-builder-el-6  el_after_av_one_full  el_before_av_social_share '><span class='hr-inner ' ><span class='hr-inner-style'><\/span><\/span><\/div><\/p>\n<div  class='av-social-sharing-box  avia-builder-el-7  el_after_av_hr  el_before_av_hr  '><div class='av-share-box'><h5 class='av-share-link-description av-no-toc '>Compartir esta noticia<\/h5><ul class='av-share-box-list noLightbox'><li class='av-share-link av-social-link-facebook' ><a target=\"_blank\" aria-label=\"Compartir en Facebook\" href='https:\/\/www.facebook.com\/sharer.php?u=https:\/\/radiorevelacionfm.cl\/?p=30075&#038;t=Firman%20convenio%20de%20colaboraci%C3%B3n%20en%20pos%20de%20la%20mejora%20de%20la%20educaci%C3%B3n%20p%C3%BAblica%20aysenina' aria-hidden='false' data-av_icon='\ue8f3' data-av_iconfont='entypo-fontello' title='' data-avia-related-tooltip='Compartir en Facebook' rel=\"noopener\"><span class='avia_hidden_link_text'>Compartir en Facebook<\/span><\/a><\/li><li class='av-share-link av-social-link-twitter' ><a target=\"_blank\" aria-label=\"Compartir en Twitter\" href='https:\/\/twitter.com\/share?text=Firman%20convenio%20de%20colaboraci%C3%B3n%20en%20pos%20de%20la%20mejora%20de%20la%20educaci%C3%B3n%20p%C3%BAblica%20aysenina&#038;url=https:\/\/radiorevelacionfm.cl\/?p=30075' aria-hidden='false' data-av_icon='\ue8f1' data-av_iconfont='entypo-fontello' title='' data-avia-related-tooltip='Compartir en Twitter' rel=\"noopener\"><span class='avia_hidden_link_text'>Compartir en Twitter<\/span><\/a><\/li><li class='av-share-link av-social-link-whatsapp' ><a target=\"_blank\" aria-label=\"Compartir en Whatsapp\" href='https:\/\/api.whatsapp.com\/send?text=https:\/\/radiorevelacionfm.cl\/?p=30075' aria-hidden='false' data-av_icon='\uf232' data-av_iconfont='entypo-fontello' title='' data-avia-related-tooltip='Compartir en Whatsapp' rel=\"noopener\"><span class='avia_hidden_link_text'>Compartir en Whatsapp<\/span><\/a><\/li><li class='av-share-link av-social-link-linkedin' ><a target=\"_blank\" aria-label=\"Compartir en LinkedIn\" href='https:\/\/linkedin.com\/shareArticle?mini=true&#038;title=Firman%20convenio%20de%20colaboraci%C3%B3n%20en%20pos%20de%20la%20mejora%20de%20la%20educaci%C3%B3n%20p%C3%BAblica%20aysenina&#038;url=https:\/\/radiorevelacionfm.cl\/?p=30075' aria-hidden='false' data-av_icon='\ue8fc' data-av_iconfont='entypo-fontello' title='' data-avia-related-tooltip='Compartir en LinkedIn' rel=\"noopener\"><span class='avia_hidden_link_text'>Compartir en LinkedIn<\/span><\/a><\/li><li class='av-share-link av-social-link-mail' ><a  aria-label=\"Compartir por correo\" href='mailto:?subject=Firman%20convenio%20de%20colaboraci%C3%B3n%20en%20pos%20de%20la%20mejora%20de%20la%20educaci%C3%B3n%20p%C3%BAblica%20aysenina&#038;body=https:\/\/radiorevelacionfm.cl\/?p=30075' aria-hidden='false' data-av_icon='\ue805' data-av_iconfont='entypo-fontello' title='' data-avia-related-tooltip='Compartir por correo'><span class='avia_hidden_link_text'>Compartir por correo<\/span><\/a><\/li><\/ul><\/div><\/div>\n<div  style='height:50px' class='hr hr-invisible   avia-builder-el-8  el_after_av_social_share  el_before_av_comments_list '><span class='hr-inner ' ><span class='hr-inner-style'><\/span><\/span><\/div>\n<div  class='av-buildercomment  av-blog-meta-html-info-disabled av-blog-meta-tag-disabled  '><\/div>\n","protected":false},"excerpt":{"rendered":"","protected":false},"author":1,"featured_media":30076,"comment_status":"open","ping_status":"open","sticky":false,"template":"","format":"standard","meta":{"footnotes":""},"categories":[49],"tags":[],"class_list":["post-30075","post","type-post","status-publish","format-standard","has-post-thumbnail","hentry","category-educacion"],"jetpack_featured_media_url":"https:\/\/radiorevelacionfm.cl\/wp-content\/uploads\/2023\/04\/341143516_172162445738768_3950032692038653126_n-1-1.jpg","_links":{"self":[{"href":"https:\/\/radiorevelacionfm.cl\/index.php?rest_route=\/wp\/v2\/posts\/30075","targetHints":{"allow":["GET"]}}],"collection":[{"href":"https:\/\/radiorevelacionfm.cl\/index.php?rest_route=\/wp\/v2\/posts"}],"about":[{"href":"https:\/\/radiorevelacionfm.cl\/index.php?rest_route=\/wp\/v2\/types\/post"}],"author":[{"embeddable":true,"href":"https:\/\/radiorevelacionfm.cl\/index.php?rest_route=\/wp\/v2\/users\/1"}],"replies":[{"embeddable":true,"href":"https:\/\/radiorevelacionfm.cl\/index.php?rest_route=%2Fwp%2Fv2%2Fcomments&post=30075"}],"version-history":[{"count":1,"href":"https:\/\/radiorevelacionfm.cl\/index.php?rest_route=\/wp\/v2\/posts\/30075\/revisions"}],"predecessor-version":[{"id":30077,"href":"https:\/\/radiorevelacionfm.cl\/index.php?rest_route=\/wp\/v2\/posts\/30075\/revisions\/30077"}],"wp:featuredmedia":[{"embeddable":true,"href":"https:\/\/radiorevelacionfm.cl\/index.php?rest_route=\/wp\/v2\/media\/30076"}],"wp:attachment":[{"href":"https:\/\/radiorevelacionfm.cl\/index.php?rest_route=%2Fwp%2Fv2%2Fmedia&parent=30075"}],"wp:term":[{"taxonomy":"category","embeddable":true,"href":"https:\/\/radiorevelacionfm.cl\/index.php?rest_route=%2Fwp%2Fv2%2Fcategories&post=30075"},{"taxonomy":"post_tag","embeddable":true,"href":"https:\/\/radiorevelacionfm.cl\/index.php?rest_route=%2Fwp%2Fv2%2Ftags&post=30075"}],"curies":[{"name":"wp","href":"https:\/\/api.w.org\/{rel}","templated":true}]}}