{"id":30067,"date":"2023-04-14T16:22:40","date_gmt":"2023-04-14T19:22:40","guid":{"rendered":"https:\/\/radiorevelacionfm.cl\/?p=30067"},"modified":"2023-04-14T16:31:07","modified_gmt":"2023-04-14T19:31:07","slug":"confirman-primer-caso-de-influenza-aviar-en-la-region-de-aysen","status":"publish","type":"post","link":"https:\/\/radiorevelacionfm.cl\/?p=30067","title":{"rendered":"Confirman primer caso de Influenza Aviar en la Regi\u00f3n de Ays\u00e9n"},"content":{"rendered":"<div class=\"flex_column av_one_full  flex_column_div av-zero-column-padding first  avia-builder-el-0  el_before_av_one_full  avia-builder-el-first  \" style='border-radius:0px; '><div  class='avia-image-container  av-styling-    avia-builder-el-1  avia-builder-el-no-sibling  avia-align-center '  itemprop=\"image\" itemscope=\"itemscope\" itemtype=\"https:\/\/schema.org\/ImageObject\"  ><div class='avia-image-container-inner'><div class='avia-image-overlay-wrap'><img decoding=\"async\" class='wp-image-30070 avia-img-lazy-loading-not-30070 avia_image' src=\"https:\/\/radiorevelacionfm.cl\/wp-content\/uploads\/2023\/04\/20230105_101859-1-1_optimized-1_optimized-1.jpg\" alt='' title='20230105_101859-(1)-(1)_optimized-(1)_optimized (1)' height=\"600\" width=\"758\"  itemprop=\"thumbnailUrl\" srcset=\"https:\/\/radiorevelacionfm.cl\/wp-content\/uploads\/2023\/04\/20230105_101859-1-1_optimized-1_optimized-1.jpg 758w, https:\/\/radiorevelacionfm.cl\/wp-content\/uploads\/2023\/04\/20230105_101859-1-1_optimized-1_optimized-1-300x237.jpg 300w, https:\/\/radiorevelacionfm.cl\/wp-content\/uploads\/2023\/04\/20230105_101859-1-1_optimized-1_optimized-1-705x558.jpg 705w, https:\/\/radiorevelacionfm.cl\/wp-content\/uploads\/2023\/04\/20230105_101859-1-1_optimized-1_optimized-1-450x356.jpg 450w, https:\/\/radiorevelacionfm.cl\/wp-content\/uploads\/2023\/04\/20230105_101859-1-1_optimized-1_optimized-1-600x475.jpg 600w\" sizes=\"(max-width: 758px) 100vw, 758px\" \/><\/div><\/div><\/div><\/div><div class=\"flex_column av_one_full  flex_column_div av-zero-column-padding first  avia-builder-el-2  el_after_av_one_full  el_before_av_one_full  column-top-margin\" style='border-radius:0px; '><section class=\"av_textblock_section \"  itemscope=\"itemscope\" itemtype=\"https:\/\/schema.org\/BlogPosting\" itemprop=\"blogPost\" ><div class='avia_textblock  '   itemprop=\"text\" ><p style=\"text-align: center;\"><span style=\"font-size: 18pt;\"><b><span lang=\"ES\">Confirman primer caso de Influenza Aviar en la Regi\u00f3n de Ays\u00e9n<\/span><\/b><\/span><\/p>\n<div id=\"gtx-trans\" style=\"position: absolute; left: -50px; top: 4.31534px;\">\n<div class=\"gtx-trans-icon\"><\/div>\n<\/div>\n<\/div><\/section><\/div><\/p>\n<div class=\"flex_column av_one_full  flex_column_div av-zero-column-padding first  avia-builder-el-4  el_after_av_one_full  el_before_av_hr  column-top-margin\" style='border-radius:0px; '><section class=\"av_textblock_section \"  itemscope=\"itemscope\" itemtype=\"https:\/\/schema.org\/BlogPosting\" itemprop=\"blogPost\" ><div class='avia_textblock  '   itemprop=\"text\" ><p style=\"font-weight: 400; text-align: justify;\">El Servicio Agr\u00edcola y Ganadero (SAG) del Ministerio de Agricultura confirm\u00f3 este viernes el primer caso positivo de Influenza Aviar, detectado en aves dom\u00e9sticas o de traspatio de un predio ubicado en el sector de \u00d1irehuao, comuna de Coyhaique, en la Regi\u00f3n de Ays\u00e9n.<\/p>\n<p style=\"font-weight: 400; text-align: justify;\">Tras la confirmaci\u00f3n de este primer caso positivo de influenza aviar en la regi\u00f3n de Ays\u00e9n, se activ\u00f3 la aplicaci\u00f3n del protocolo establecido por la Organizaci\u00f3n Mundial de Sanidad Animal para estos casos.<\/p>\n<p style=\"font-weight: 400; text-align: justify;\">Todos los antecedentes fueron analizados en la Mesa T\u00e9cnica Regional constituida desde diciembre pasado, encabezada por el Delegado Presidencial Regional, Rodrigo Araya, con participaci\u00f3n de seremis de Salud, Agricultura y Medio Ambiente; Senapred, SAG, Sernapesca y Subpesca, entre otros.<\/p>\n<p style=\"font-weight: 400; text-align: justify;\">\u201cDesde diciembre estamos trabajando todos los servicios p\u00fablicos relacionados con este tema. Hasta la fecha hab\u00edamos tenido 19 denuncias de casos sospechosos en aves, todos los cuales hab\u00edan salido negativos. Este \u00faltimo episodio, que consiste en una poblaci\u00f3n de aves de corral en la localidad de \u00d1irehuao, ha salido finalmente confirmado positivo. Acometimos con una s\u00e9ptima reuni\u00f3n de la mesa t\u00e9cnica y hemos dispuesto los protocolos que los distintos ministerios tienen y las medidas pertinentes\u201d, indic\u00f3 Rodrigo Araya.<\/p>\n<p style=\"font-weight: 400; text-align: justify;\">El SAG, en coordinaci\u00f3n con la Seremi de Agricultura, sus servicios y diferentes entidades p\u00fablicas, reforzar\u00e1 el trabajo de difusi\u00f3n, capacitaci\u00f3n en bioseguridad, vigilancia y monitoreo.<\/p>\n<p style=\"font-weight: 400; text-align: justify;\">Seg\u00fan lo expresado por la directora regional (s) Valeria Carrasco S\u00e1ez, \u201cla comunicaci\u00f3n e interacci\u00f3n con las comunidades es la clave para enfrentar la emergencia, por eso estamos informando sobre las medidas de bioseguridad que deben tomar las personas que tienen aves de traspatio, confin\u00e1ndolas y no permitiendo que se junten con aves silvestres, resguardando la comida y agua de sus aves, para que minimicen el riesgo de contacto con aves silvestres que pudieran estar enfermas\u201d.<\/p>\n<p style=\"font-weight: 400; text-align: justify;\">Otras medidas recomendadas por el SAG son mantener la limpieza y desinfecci\u00f3n de las instalaciones de las aves en forma peri\u00f3dica, as\u00ed como controlar el ingreso de personas, utensilios, animales y veh\u00edculos al gallinero. Tambi\u00e9n\u00a0es fundamental que en caso que sus aves presenten s\u00edntomas del virus, como descoordinaci\u00f3n, respiraci\u00f3n dificultosa y falta de apetito, entre otros, reporten inmediatamente al SAG.<\/p>\n<p style=\"font-weight: 400; text-align: justify;\">Para ello hay diversos canales de comunicaci\u00f3n abiertos: a trav\u00e9s del tel\u00e9fono 22 3451100, de lunes a domingo de 8:00 a 21:00 horas, escribiendo al Whatsapp +569 6908 9780 de lunes a domingo las 24 horas del d\u00eda y\/o al correo electr\u00f3nico:\u00a0<a href=\"mailto:oficina.informaciones@sag.gob.cl\">oficina.informaciones@sag.gob.cl<\/a><u>.<\/u><\/p>\n<p style=\"font-weight: 400; text-align: justify;\">La seremi de Salud, Carmen Monsalve G\u00f3mez, a\u00f1adi\u00f3 que ya comenz\u00f3 la investigaci\u00f3n epidemiol\u00f3gica para resguardar la condici\u00f3n de salud de quienes han estado en contacto con dichas aves.<\/p>\n<p style=\"font-weight: 400; text-align: justify;\">\u201cEl equipo de Epidemiolog\u00eda ya ha tomado contacto con las personas que son due\u00f1os de estas aves de traspatio, para tener conocimiento de su condici\u00f3n de salud y de la relaci\u00f3n que hubo entre estas personas con los animales afectados, pero es importante reforzar que la transmisi\u00f3n de este virus del animal a la persona se da en escenarios muy acotados, muy espec\u00edficos, en donde hay una alta exposici\u00f3n de la persona a fluidos, a deposiciones, a las plumas de las aves que est\u00e1n afectadas. Por eso es importante un an\u00e1lisis epidemiol\u00f3gico a profundidad para detectar si existe una exposici\u00f3n de riesgo y tomar las medidas adecuadas\u201d, se\u00f1al\u00f3.<\/p>\n<p style=\"font-weight: 400; text-align: justify;\"><strong>Recomendaciones a la comunidad<\/strong><\/p>\n<p style=\"font-weight: 400; text-align: justify;\">La transmisi\u00f3n del virus se debe, principalmente, a la migraci\u00f3n estacional que realizan las aves silvestres desde el hemisferio norte al sur. El contagio a humanos desde aves s\u00f3lo ocurre por manipulaci\u00f3n de aves enfermas o muertas y es de alta mortalidad. Por esto, se refuerza el llamado a quienes tengan aves de traspatio a que las mantengan resguardadas aislado de animales, personas y aves silvestres y proteger el agua y alimentos, que atraen a las aves silvestres. Es necesario limpiar y desinfectar las instalaciones de las aves en forma peri\u00f3dica tomando las debidas precauciones, as\u00ed como controlar el ingreso de personas, utensilios, animales y veh\u00edculos a su gallinero.<\/p>\n<p style=\"font-weight: 400; text-align: justify;\">La recomendaci\u00f3n, en resguardo de la salud de quienes trabajan con aves en su domicilio, al entrar en contacto con ellas, es usar siempre guantes, mascarillas N95 en lo posible o una bien ajustada, evitar tocarse la boca, nariz o los ojos despu\u00e9s de tener contacto con las aves o superficies que podr\u00edan estar contaminadas con saliva o heces de aves dom\u00e9sticas o silvestres. Al concluir el trabajo con aves, lave bien sus manos con agua y jab\u00f3n.<\/p>\n<p style=\"font-weight: 400; text-align: justify;\">Al encontrar aves muertas, no toque ni mueva las aves enfermas o muertas y en caso de tener s\u00edntomas de la enfermedad, esto sea reportado inmediatamente al SAG.<\/p>\n<\/div><\/section><\/div>\n<div  style='height:50px' class='hr hr-invisible   avia-builder-el-6  el_after_av_one_full  el_before_av_social_share '><span class='hr-inner ' ><span class='hr-inner-style'><\/span><\/span><\/div>\n<div  class='av-social-sharing-box  avia-builder-el-7  el_after_av_hr  el_before_av_hr  '><div class='av-share-box'><h5 class='av-share-link-description av-no-toc '>Compartir esta noticia<\/h5><ul class='av-share-box-list noLightbox'><li class='av-share-link av-social-link-facebook' ><a target=\"_blank\" aria-label=\"Compartir en Facebook\" href='https:\/\/www.facebook.com\/sharer.php?u=https:\/\/radiorevelacionfm.cl\/?p=30067&#038;t=Confirman%20primer%20caso%20de%20Influenza%20Aviar%20en%20la%20Regi%C3%B3n%20de%20Ays%C3%A9n' aria-hidden='false' data-av_icon='\ue8f3' data-av_iconfont='entypo-fontello' title='' data-avia-related-tooltip='Compartir en Facebook' rel=\"noopener\"><span class='avia_hidden_link_text'>Compartir en Facebook<\/span><\/a><\/li><li class='av-share-link av-social-link-twitter' ><a target=\"_blank\" aria-label=\"Compartir en Twitter\" href='https:\/\/twitter.com\/share?text=Confirman%20primer%20caso%20de%20Influenza%20Aviar%20en%20la%20Regi%C3%B3n%20de%20Ays%C3%A9n&#038;url=https:\/\/radiorevelacionfm.cl\/?p=30067' aria-hidden='false' data-av_icon='\ue8f1' data-av_iconfont='entypo-fontello' title='' data-avia-related-tooltip='Compartir en Twitter' rel=\"noopener\"><span class='avia_hidden_link_text'>Compartir en Twitter<\/span><\/a><\/li><li class='av-share-link av-social-link-whatsapp' ><a target=\"_blank\" aria-label=\"Compartir en Whatsapp\" href='https:\/\/api.whatsapp.com\/send?text=https:\/\/radiorevelacionfm.cl\/?p=30067' aria-hidden='false' data-av_icon='\uf232' data-av_iconfont='entypo-fontello' title='' data-avia-related-tooltip='Compartir en Whatsapp' rel=\"noopener\"><span class='avia_hidden_link_text'>Compartir en Whatsapp<\/span><\/a><\/li><li class='av-share-link av-social-link-linkedin' ><a target=\"_blank\" aria-label=\"Compartir en LinkedIn\" href='https:\/\/linkedin.com\/shareArticle?mini=true&#038;title=Confirman%20primer%20caso%20de%20Influenza%20Aviar%20en%20la%20Regi%C3%B3n%20de%20Ays%C3%A9n&#038;url=https:\/\/radiorevelacionfm.cl\/?p=30067' aria-hidden='false' data-av_icon='\ue8fc' data-av_iconfont='entypo-fontello' title='' data-avia-related-tooltip='Compartir en LinkedIn' rel=\"noopener\"><span class='avia_hidden_link_text'>Compartir en LinkedIn<\/span><\/a><\/li><li class='av-share-link av-social-link-mail' ><a  aria-label=\"Compartir por correo\" href='mailto:?subject=Confirman%20primer%20caso%20de%20Influenza%20Aviar%20en%20la%20Regi%C3%B3n%20de%20Ays%C3%A9n&#038;body=https:\/\/radiorevelacionfm.cl\/?p=30067' aria-hidden='false' data-av_icon='\ue805' data-av_iconfont='entypo-fontello' title='' data-avia-related-tooltip='Compartir por correo'><span class='avia_hidden_link_text'>Compartir por correo<\/span><\/a><\/li><\/ul><\/div><\/div>\n<div  style='height:50px' class='hr hr-invisible   avia-builder-el-8  el_after_av_social_share  el_before_av_comments_list '><span class='hr-inner ' ><span class='hr-inner-style'><\/span><\/span><\/div>\n<div  class='av-buildercomment  av-blog-meta-html-info-disabled av-blog-meta-tag-disabled  '><\/div>\n","protected":false},"excerpt":{"rendered":"","protected":false},"author":1,"featured_media":30070,"comment_status":"open","ping_status":"open","sticky":false,"template":"","format":"standard","meta":{"footnotes":""},"categories":[58],"tags":[],"class_list":["post-30067","post","type-post","status-publish","format-standard","has-post-thumbnail","hentry","category-agricultura"],"jetpack_featured_media_url":"https:\/\/radiorevelacionfm.cl\/wp-content\/uploads\/2023\/04\/20230105_101859-1-1_optimized-1_optimized-1.jpg","_links":{"self":[{"href":"https:\/\/radiorevelacionfm.cl\/index.php?rest_route=\/wp\/v2\/posts\/30067","targetHints":{"allow":["GET"]}}],"collection":[{"href":"https:\/\/radiorevelacionfm.cl\/index.php?rest_route=\/wp\/v2\/posts"}],"about":[{"href":"https:\/\/radiorevelacionfm.cl\/index.php?rest_route=\/wp\/v2\/types\/post"}],"author":[{"embeddable":true,"href":"https:\/\/radiorevelacionfm.cl\/index.php?rest_route=\/wp\/v2\/users\/1"}],"replies":[{"embeddable":true,"href":"https:\/\/radiorevelacionfm.cl\/index.php?rest_route=%2Fwp%2Fv2%2Fcomments&post=30067"}],"version-history":[{"count":2,"href":"https:\/\/radiorevelacionfm.cl\/index.php?rest_route=\/wp\/v2\/posts\/30067\/revisions"}],"predecessor-version":[{"id":30071,"href":"https:\/\/radiorevelacionfm.cl\/index.php?rest_route=\/wp\/v2\/posts\/30067\/revisions\/30071"}],"wp:featuredmedia":[{"embeddable":true,"href":"https:\/\/radiorevelacionfm.cl\/index.php?rest_route=\/wp\/v2\/media\/30070"}],"wp:attachment":[{"href":"https:\/\/radiorevelacionfm.cl\/index.php?rest_route=%2Fwp%2Fv2%2Fmedia&parent=30067"}],"wp:term":[{"taxonomy":"category","embeddable":true,"href":"https:\/\/radiorevelacionfm.cl\/index.php?rest_route=%2Fwp%2Fv2%2Fcategories&post=30067"},{"taxonomy":"post_tag","embeddable":true,"href":"https:\/\/radiorevelacionfm.cl\/index.php?rest_route=%2Fwp%2Fv2%2Ftags&post=30067"}],"curies":[{"name":"wp","href":"https:\/\/api.w.org\/{rel}","templated":true}]}}