{"id":30064,"date":"2023-04-14T16:03:13","date_gmt":"2023-04-14T19:03:13","guid":{"rendered":"https:\/\/radiorevelacionfm.cl\/?p=30064"},"modified":"2023-04-14T16:03:13","modified_gmt":"2023-04-14T19:03:13","slug":"interponen-recurso-de-proteccion-en-favor-de-las-familias-afectadas-por-movilizacion-en-pabellon-del-hospital-regional","status":"publish","type":"post","link":"https:\/\/radiorevelacionfm.cl\/?p=30064","title":{"rendered":"Interponen recurso de protecci\u00f3n en favor de las familias afectadas por movilizaci\u00f3n en pabell\u00f3n del Hospital Regional"},"content":{"rendered":"<div class=\"flex_column av_one_full  flex_column_div av-zero-column-padding first  avia-builder-el-0  el_before_av_one_full  avia-builder-el-first  \" style='border-radius:0px; '><div  class='avia-image-container  av-styling-    avia-builder-el-1  avia-builder-el-no-sibling  avia-align-center '  itemprop=\"image\" itemscope=\"itemscope\" itemtype=\"https:\/\/schema.org\/ImageObject\"  ><div class='avia-image-container-inner'><div class='avia-image-overlay-wrap'><img decoding=\"async\" class='wp-image-30065 avia-img-lazy-loading-not-30065 avia_image' src=\"https:\/\/radiorevelacionfm.cl\/wp-content\/uploads\/2023\/04\/WhatsApp-Image-2023-04-14-at-12.21.36-PM-1-1.jpeg\" alt='' title='WhatsApp Image 2023-04-14 at 12.21.36 PM (1) (1)' height=\"600\" width=\"1065\"  itemprop=\"thumbnailUrl\" srcset=\"https:\/\/radiorevelacionfm.cl\/wp-content\/uploads\/2023\/04\/WhatsApp-Image-2023-04-14-at-12.21.36-PM-1-1.jpeg 1065w, https:\/\/radiorevelacionfm.cl\/wp-content\/uploads\/2023\/04\/WhatsApp-Image-2023-04-14-at-12.21.36-PM-1-1-300x169.jpeg 300w, https:\/\/radiorevelacionfm.cl\/wp-content\/uploads\/2023\/04\/WhatsApp-Image-2023-04-14-at-12.21.36-PM-1-1-1030x580.jpeg 1030w, https:\/\/radiorevelacionfm.cl\/wp-content\/uploads\/2023\/04\/WhatsApp-Image-2023-04-14-at-12.21.36-PM-1-1-768x433.jpeg 768w, https:\/\/radiorevelacionfm.cl\/wp-content\/uploads\/2023\/04\/WhatsApp-Image-2023-04-14-at-12.21.36-PM-1-1-705x397.jpeg 705w, https:\/\/radiorevelacionfm.cl\/wp-content\/uploads\/2023\/04\/WhatsApp-Image-2023-04-14-at-12.21.36-PM-1-1-450x254.jpeg 450w, https:\/\/radiorevelacionfm.cl\/wp-content\/uploads\/2023\/04\/WhatsApp-Image-2023-04-14-at-12.21.36-PM-1-1-600x338.jpeg 600w\" sizes=\"(max-width: 1065px) 100vw, 1065px\" \/><\/div><\/div><\/div><\/div><div class=\"flex_column av_one_full  flex_column_div av-zero-column-padding first  avia-builder-el-2  el_after_av_one_full  el_before_av_one_full  column-top-margin\" style='border-radius:0px; '><section class=\"av_textblock_section \"  itemscope=\"itemscope\" itemtype=\"https:\/\/schema.org\/BlogPosting\" itemprop=\"blogPost\" ><div class='avia_textblock  '   itemprop=\"text\" ><p style=\"text-align: center;\"><span style=\"font-size: 18pt;\"><b><span lang=\"ES\">Interponen recurso de protecci\u00f3n en favor de las familias afectadas por movilizaci\u00f3n en pabell\u00f3n del Hospital Regional<\/span><\/b><\/span><\/p>\n<div id=\"gtx-trans\" style=\"position: absolute; left: -50px; top: 4.31534px;\">\n<div class=\"gtx-trans-icon\"><\/div>\n<\/div>\n<\/div><\/section><\/div><div class=\"flex_column av_one_full  flex_column_div av-zero-column-padding first  avia-builder-el-4  el_after_av_one_full  el_before_av_hr  column-top-margin\" style='border-radius:0px; '><section class=\"av_textblock_section \"  itemscope=\"itemscope\" itemtype=\"https:\/\/schema.org\/BlogPosting\" itemprop=\"blogPost\" ><div class='avia_textblock  '   itemprop=\"text\" ><p style=\"font-weight: 400; text-align: justify;\">Luego de m\u00e1s de una semana de di\u00e1logo intentando destrabar la movilizaci\u00f3n que afecta el normal funcionamiento de los pabellones del Hospital Regional Coyhaique, sin lograr acuerdo con las y los trabajadores, se tom\u00f3 la decisi\u00f3n de presentar un recurso de protecci\u00f3n para velar por los derechos de la comunidad.<\/p>\n<p style=\"font-weight: 400; text-align: justify;\">Hasta el minuto se han suspendido 100 cirug\u00edas electivas, 10 de ellas por patolog\u00edas potencialmente mortales.<\/p>\n<p style=\"font-weight: 400; text-align: justify;\">\u201cA pesar de las conversaciones que hemos sostenido, por m\u00e1s de siete d\u00edas, no han cedido en sus peticiones y han obstaculizado el poder atender en forma oportuna y eficiente a 100 familias ayseninas. El jueves interpusimos un recurso de protecci\u00f3n en favor de las familias que se han visto o podr\u00edan ser afectadas al no poder acceder a intervenciones quir\u00fargicas programadas\u201d, indic\u00f3 el Director(s) del Servicio de Salud Ays\u00e9n, Mauricio Cort\u00e9s Molina.<\/p>\n<p style=\"font-weight: 400; text-align: justify;\">Actualmente los esfuerzos del Servicio de Salud Ays\u00e9n est\u00e1n centrados en disminuir las listas y tiempos de espera, fuertemente incrementadas durante la pandemia, y siendo el Hospital Regional Coyhaique el \u00fanico centro asistencial de alta complejidad, la suspensi\u00f3n de cirug\u00edas por la movilizaci\u00f3n atenta directamente contra los derechos de todos quienes habitan este territorio.<\/p>\n<p style=\"font-weight: 400; text-align: justify;\">\u201cEsta paralizaci\u00f3n es ilegal y arbitraria, no cabe ninguna duda, porque incluso as\u00ed lo se\u00f1ala el estatuto administrativo que le proh\u00edbe a los funcionarios p\u00fablicos paralizar sus funciones. Ellos pueden manifestarse fuera de su horario laboral o entrar en mesas de negociaci\u00f3n, pero nunca poner en riesgo la vida de terceros inocentes o la salud de las personas absolutamente ajenas al conflicto\u201d, explic\u00f3 Jeanne Marie Laporte, Jefa del Departamento Jur\u00eddico del Servicio de Salud Ays\u00e9n.<\/p>\n<p style=\"font-weight: 400; text-align: justify;\">El recurso de protecci\u00f3n fue interpuesto en conjunto por el Servicio de Salud y el Hospital Regional Coyhaique, quienes asumen la necesidad de avanzar en mejorar las condiciones laborales de las y los trabajadores, pero no se puede permitir que las justas pretensiones pongan en riesgo la salud de la comunidad.<\/p>\n<p style=\"font-weight: 400; text-align: justify;\">\u201cLa movilizaci\u00f3n puede ser, pero aqu\u00ed no hubo otro di\u00e1logo m\u00e1s que la suspensi\u00f3n de la actividad quir\u00fargica, porque eso da\u00f1a inmediatamente a personas. Solicit\u00e9 el s\u00e1bado que se depusiera esta estrategia, pero esto no ocurri\u00f3, afectando la programaci\u00f3n quir\u00fargica y a las familias, porque imag\u00ednese la angustia que provoca la llamada informando que su cirug\u00eda oncol\u00f3gica o traumatol\u00f3gica fue suspendida y deber\u00e1 ser reprogramada\u201d, concluy\u00f3 el Director del Hospital Regional, Jaime L\u00f3pez Quintana.<\/p>\n<p style=\"font-weight: 400; text-align: justify;\">Las autoridades del sector salud hicieron un llamado a los trabajadores movilizados a retomar sus actividades y trabajar en conjunto en las soluciones a las demandas laborales planteadas.<\/p>\n<\/div><\/section><\/div><div  style='height:50px' class='hr hr-invisible   avia-builder-el-6  el_after_av_one_full  el_before_av_social_share '><span class='hr-inner ' ><span class='hr-inner-style'><\/span><\/span><\/div><\/p>\n<div  class='av-social-sharing-box  avia-builder-el-7  el_after_av_hr  el_before_av_hr  '><div class='av-share-box'><h5 class='av-share-link-description av-no-toc '>Compartir esta noticia<\/h5><ul class='av-share-box-list noLightbox'><li class='av-share-link av-social-link-facebook' ><a target=\"_blank\" aria-label=\"Compartir en Facebook\" href='https:\/\/www.facebook.com\/sharer.php?u=https:\/\/radiorevelacionfm.cl\/?p=30064&#038;t=Interponen%20recurso%20de%20protecci%C3%B3n%20en%20favor%20de%20las%20familias%20afectadas%20por%20movilizaci%C3%B3n%20en%20pabell%C3%B3n%20del%20Hospital%20Regional' aria-hidden='false' data-av_icon='\ue8f3' data-av_iconfont='entypo-fontello' title='' data-avia-related-tooltip='Compartir en Facebook' rel=\"noopener\"><span class='avia_hidden_link_text'>Compartir en Facebook<\/span><\/a><\/li><li class='av-share-link av-social-link-twitter' ><a target=\"_blank\" aria-label=\"Compartir en Twitter\" href='https:\/\/twitter.com\/share?text=Interponen%20recurso%20de%20protecci%C3%B3n%20en%20favor%20de%20las%20familias%20afectadas%20por%20movilizaci%C3%B3n%20en%20pabell%C3%B3n%20del%20Hospital%20Regional&#038;url=https:\/\/radiorevelacionfm.cl\/?p=30064' aria-hidden='false' data-av_icon='\ue8f1' data-av_iconfont='entypo-fontello' title='' data-avia-related-tooltip='Compartir en Twitter' rel=\"noopener\"><span class='avia_hidden_link_text'>Compartir en Twitter<\/span><\/a><\/li><li class='av-share-link av-social-link-whatsapp' ><a target=\"_blank\" aria-label=\"Compartir en Whatsapp\" href='https:\/\/api.whatsapp.com\/send?text=https:\/\/radiorevelacionfm.cl\/?p=30064' aria-hidden='false' data-av_icon='\uf232' data-av_iconfont='entypo-fontello' title='' data-avia-related-tooltip='Compartir en Whatsapp' rel=\"noopener\"><span class='avia_hidden_link_text'>Compartir en Whatsapp<\/span><\/a><\/li><li class='av-share-link av-social-link-linkedin' ><a target=\"_blank\" aria-label=\"Compartir en LinkedIn\" href='https:\/\/linkedin.com\/shareArticle?mini=true&#038;title=Interponen%20recurso%20de%20protecci%C3%B3n%20en%20favor%20de%20las%20familias%20afectadas%20por%20movilizaci%C3%B3n%20en%20pabell%C3%B3n%20del%20Hospital%20Regional&#038;url=https:\/\/radiorevelacionfm.cl\/?p=30064' aria-hidden='false' data-av_icon='\ue8fc' data-av_iconfont='entypo-fontello' title='' data-avia-related-tooltip='Compartir en LinkedIn' rel=\"noopener\"><span class='avia_hidden_link_text'>Compartir en LinkedIn<\/span><\/a><\/li><li class='av-share-link av-social-link-mail' ><a  aria-label=\"Compartir por correo\" href='mailto:?subject=Interponen%20recurso%20de%20protecci%C3%B3n%20en%20favor%20de%20las%20familias%20afectadas%20por%20movilizaci%C3%B3n%20en%20pabell%C3%B3n%20del%20Hospital%20Regional&#038;body=https:\/\/radiorevelacionfm.cl\/?p=30064' aria-hidden='false' data-av_icon='\ue805' data-av_iconfont='entypo-fontello' title='' data-avia-related-tooltip='Compartir por correo'><span class='avia_hidden_link_text'>Compartir por correo<\/span><\/a><\/li><\/ul><\/div><\/div>\n<div  style='height:50px' class='hr hr-invisible   avia-builder-el-8  el_after_av_social_share  el_before_av_comments_list '><span class='hr-inner ' ><span class='hr-inner-style'><\/span><\/span><\/div>\n<div  class='av-buildercomment  av-blog-meta-html-info-disabled av-blog-meta-tag-disabled  '><\/div>\n","protected":false},"excerpt":{"rendered":"","protected":false},"author":1,"featured_media":30065,"comment_status":"open","ping_status":"open","sticky":false,"template":"","format":"standard","meta":{"footnotes":""},"categories":[46],"tags":[],"class_list":["post-30064","post","type-post","status-publish","format-standard","has-post-thumbnail","hentry","category-salud"],"jetpack_featured_media_url":"https:\/\/radiorevelacionfm.cl\/wp-content\/uploads\/2023\/04\/WhatsApp-Image-2023-04-14-at-12.21.36-PM-1-1.jpeg","_links":{"self":[{"href":"https:\/\/radiorevelacionfm.cl\/index.php?rest_route=\/wp\/v2\/posts\/30064","targetHints":{"allow":["GET"]}}],"collection":[{"href":"https:\/\/radiorevelacionfm.cl\/index.php?rest_route=\/wp\/v2\/posts"}],"about":[{"href":"https:\/\/radiorevelacionfm.cl\/index.php?rest_route=\/wp\/v2\/types\/post"}],"author":[{"embeddable":true,"href":"https:\/\/radiorevelacionfm.cl\/index.php?rest_route=\/wp\/v2\/users\/1"}],"replies":[{"embeddable":true,"href":"https:\/\/radiorevelacionfm.cl\/index.php?rest_route=%2Fwp%2Fv2%2Fcomments&post=30064"}],"version-history":[{"count":1,"href":"https:\/\/radiorevelacionfm.cl\/index.php?rest_route=\/wp\/v2\/posts\/30064\/revisions"}],"predecessor-version":[{"id":30066,"href":"https:\/\/radiorevelacionfm.cl\/index.php?rest_route=\/wp\/v2\/posts\/30064\/revisions\/30066"}],"wp:featuredmedia":[{"embeddable":true,"href":"https:\/\/radiorevelacionfm.cl\/index.php?rest_route=\/wp\/v2\/media\/30065"}],"wp:attachment":[{"href":"https:\/\/radiorevelacionfm.cl\/index.php?rest_route=%2Fwp%2Fv2%2Fmedia&parent=30064"}],"wp:term":[{"taxonomy":"category","embeddable":true,"href":"https:\/\/radiorevelacionfm.cl\/index.php?rest_route=%2Fwp%2Fv2%2Fcategories&post=30064"},{"taxonomy":"post_tag","embeddable":true,"href":"https:\/\/radiorevelacionfm.cl\/index.php?rest_route=%2Fwp%2Fv2%2Ftags&post=30064"}],"curies":[{"name":"wp","href":"https:\/\/api.w.org\/{rel}","templated":true}]}}