{"id":30053,"date":"2023-04-14T11:48:43","date_gmt":"2023-04-14T14:48:43","guid":{"rendered":"https:\/\/radiorevelacionfm.cl\/?p=30053"},"modified":"2023-04-14T11:48:43","modified_gmt":"2023-04-14T14:48:43","slug":"oficina-del-registro-civil-coyhaique-abrira-sus-puertas-este-sabado-para-renovacion-de-cedulas-de-identidad","status":"publish","type":"post","link":"https:\/\/radiorevelacionfm.cl\/?p=30053","title":{"rendered":"Oficina del Registro Civil Coyhaique abrir\u00e1 sus puertas este s\u00e1bado para renovaci\u00f3n de c\u00e9dulas de identidad"},"content":{"rendered":"<div class=\"flex_column av_one_full  flex_column_div av-zero-column-padding first  avia-builder-el-0  el_before_av_one_full  avia-builder-el-first  \" style='border-radius:0px; '><div  class='avia-image-container  av-styling-    avia-builder-el-1  avia-builder-el-no-sibling  avia-align-center '  itemprop=\"image\" itemscope=\"itemscope\" itemtype=\"https:\/\/schema.org\/ImageObject\"  ><div class='avia-image-container-inner'><div class='avia-image-overlay-wrap'><img decoding=\"async\" class='wp-image-30054 avia-img-lazy-loading-not-30054 avia_image' src=\"https:\/\/radiorevelacionfm.cl\/wp-content\/uploads\/2023\/04\/3A740B2E-2D49-4E17-B313-215E62575F85-1-1.jpeg\" alt='' title='3A740B2E-2D49-4E17-B313-215E62575F85 (1) (1)' height=\"600\" width=\"800\"  itemprop=\"thumbnailUrl\" srcset=\"https:\/\/radiorevelacionfm.cl\/wp-content\/uploads\/2023\/04\/3A740B2E-2D49-4E17-B313-215E62575F85-1-1.jpeg 800w, https:\/\/radiorevelacionfm.cl\/wp-content\/uploads\/2023\/04\/3A740B2E-2D49-4E17-B313-215E62575F85-1-1-300x225.jpeg 300w, https:\/\/radiorevelacionfm.cl\/wp-content\/uploads\/2023\/04\/3A740B2E-2D49-4E17-B313-215E62575F85-1-1-768x576.jpeg 768w, https:\/\/radiorevelacionfm.cl\/wp-content\/uploads\/2023\/04\/3A740B2E-2D49-4E17-B313-215E62575F85-1-1-705x529.jpeg 705w, https:\/\/radiorevelacionfm.cl\/wp-content\/uploads\/2023\/04\/3A740B2E-2D49-4E17-B313-215E62575F85-1-1-450x338.jpeg 450w, https:\/\/radiorevelacionfm.cl\/wp-content\/uploads\/2023\/04\/3A740B2E-2D49-4E17-B313-215E62575F85-1-1-600x450.jpeg 600w\" sizes=\"(max-width: 800px) 100vw, 800px\" \/><\/div><\/div><\/div><\/div><div class=\"flex_column av_one_full  flex_column_div av-zero-column-padding first  avia-builder-el-2  el_after_av_one_full  el_before_av_one_full  column-top-margin\" style='border-radius:0px; '><section class=\"av_textblock_section \"  itemscope=\"itemscope\" itemtype=\"https:\/\/schema.org\/BlogPosting\" itemprop=\"blogPost\" ><div class='avia_textblock  '   itemprop=\"text\" ><p style=\"text-align: center;\"><span style=\"font-size: 18pt;\"><strong>Oficina del Registro Civil Coyhaique abrir\u00e1 sus puertas este s\u00e1bado para renovaci\u00f3n de c\u00e9dulas de identidad<\/strong><\/span><\/p>\n<div id=\"gtx-trans\" style=\"position: absolute; left: -50px; top: 4.31534px;\">\n<div class=\"gtx-trans-icon\"><\/div>\n<\/div>\n<\/div><\/section><\/div><div class=\"flex_column av_one_full  flex_column_div av-zero-column-padding first  avia-builder-el-4  el_after_av_one_full  el_before_av_hr  column-top-margin\" style='border-radius:0px; '><section class=\"av_textblock_section \"  itemscope=\"itemscope\" itemtype=\"https:\/\/schema.org\/BlogPosting\" itemprop=\"blogPost\" ><div class='avia_textblock  '   itemprop=\"text\" ><p style=\"text-align: justify;\"><em>Son m\u00e1s de 8 mil las c\u00e9dulas ya vencidas y 7 mil por vencer antes de fin de a\u00f1o a nivel regional, esto producto de las pr\u00f3rrogas otorgadas a c\u00e9dulas vencidas producto de la pandemia.<\/em><\/p>\n<p style=\"text-align: justify;\">Los s\u00e1bados 15 y 22 de abril la oficina del Servicio de Registro Civil e Identificaci\u00f3n de Coyhaique abrir\u00e1 sus puertas para atender las solicitudes de renovaci\u00f3n de c\u00e9dulas de identidad, esto con el objetivo de atender la gran demanda regional de c\u00e9dulas vencidas y pr\u00f3ximas a vencer las que superan las 8 mil.<\/p>\n<p style=\"text-align: justify;\">El Seremi de Justicia y Derechos Humanos Samuel Navarro Castro explic\u00f3 que \u201cel objetivo es ir atendiendo de manera progresiva la realizaci\u00f3n de este tr\u00e1mite y que las personas revisen sus documentos para que con tiempo puedan renovarlo, sin esperar que est\u00e9 vencido para realizar el tr\u00e1mite, son m\u00e1s de 7 mil documentos que ya se encuentran vencidos a nivel regional, esto producto de las pr\u00f3rrogas otorgadas a las c\u00e9dulas vencidas durante la pandemia, por lo que es necesario que las personas renueven sus documentos y que mejor que aprovechar esta instancia que est\u00e1 brindando el servicio en su oficina de Coyhaique\u201d.<\/p>\n<p style=\"text-align: justify;\">En tanto, el director regional del Servicio de Registro Civil e Identificaci\u00f3n Rodrigo Aguilera hizo extensiva la invitaci\u00f3n a todas las personas que tengan sus c\u00e9dulas vencidas a ingresar a la p\u00e1gina <a href=\"http:\/\/www.registrocivil.cl\">www.registrocivil.cl<\/a> y agendar su atenci\u00f3n para los d\u00edas s\u00e1bado \u201clo importante es que hemos dado esta facilidad de apertura los d\u00edas s\u00e1bado en la oficina de Coyhaique para que la gente pueda renovar su c\u00e9dula dado que hay una gran cantidad de c\u00e9dulas ya vencidas y otras por vencer, entonces va a ser una cantidad importante de a aqu\u00ed a fin de a\u00f1o, hemos aperturado la oficina de ac\u00e1 de Coyhaique centro para que tengan la facilidad quienes no puedan acudir durante la semana por temas laborales, lo puedan hacer el d\u00eda s\u00e1bado\u201d.<\/p>\n<p style=\"text-align: justify;\">Finalmente, cabe mencionar que este s\u00e1bado 15 la oficina del Registro Civil del sector c\u00e9ntrico estar\u00e1 abierta en horario de 9 a 13 horas.<\/p>\n<\/div><\/section><\/div><div  style='height:50px' class='hr hr-invisible   avia-builder-el-6  el_after_av_one_full  el_before_av_social_share '><span class='hr-inner ' ><span class='hr-inner-style'><\/span><\/span><\/div><\/p>\n<div  class='av-social-sharing-box  avia-builder-el-7  el_after_av_hr  el_before_av_hr  '><div class='av-share-box'><h5 class='av-share-link-description av-no-toc '>Compartir esta noticia<\/h5><ul class='av-share-box-list noLightbox'><li class='av-share-link av-social-link-facebook' ><a target=\"_blank\" aria-label=\"Compartir en Facebook\" href='https:\/\/www.facebook.com\/sharer.php?u=https:\/\/radiorevelacionfm.cl\/?p=30053&#038;t=Oficina%20del%20Registro%20Civil%20Coyhaique%20abrir%C3%A1%20sus%20puertas%20este%20s%C3%A1bado%20para%20renovaci%C3%B3n%20de%20c%C3%A9dulas%20de%20identidad' aria-hidden='false' data-av_icon='\ue8f3' data-av_iconfont='entypo-fontello' title='' data-avia-related-tooltip='Compartir en Facebook' rel=\"noopener\"><span class='avia_hidden_link_text'>Compartir en Facebook<\/span><\/a><\/li><li class='av-share-link av-social-link-twitter' ><a target=\"_blank\" aria-label=\"Compartir en Twitter\" href='https:\/\/twitter.com\/share?text=Oficina%20del%20Registro%20Civil%20Coyhaique%20abrir%C3%A1%20sus%20puertas%20este%20s%C3%A1bado%20para%20renovaci%C3%B3n%20de%20c%C3%A9dulas%20de%20identidad&#038;url=https:\/\/radiorevelacionfm.cl\/?p=30053' aria-hidden='false' data-av_icon='\ue8f1' data-av_iconfont='entypo-fontello' title='' data-avia-related-tooltip='Compartir en Twitter' rel=\"noopener\"><span class='avia_hidden_link_text'>Compartir en Twitter<\/span><\/a><\/li><li class='av-share-link av-social-link-whatsapp' ><a target=\"_blank\" aria-label=\"Compartir en Whatsapp\" href='https:\/\/api.whatsapp.com\/send?text=https:\/\/radiorevelacionfm.cl\/?p=30053' aria-hidden='false' data-av_icon='\uf232' data-av_iconfont='entypo-fontello' title='' data-avia-related-tooltip='Compartir en Whatsapp' rel=\"noopener\"><span class='avia_hidden_link_text'>Compartir en Whatsapp<\/span><\/a><\/li><li class='av-share-link av-social-link-linkedin' ><a target=\"_blank\" aria-label=\"Compartir en LinkedIn\" href='https:\/\/linkedin.com\/shareArticle?mini=true&#038;title=Oficina%20del%20Registro%20Civil%20Coyhaique%20abrir%C3%A1%20sus%20puertas%20este%20s%C3%A1bado%20para%20renovaci%C3%B3n%20de%20c%C3%A9dulas%20de%20identidad&#038;url=https:\/\/radiorevelacionfm.cl\/?p=30053' aria-hidden='false' data-av_icon='\ue8fc' data-av_iconfont='entypo-fontello' title='' data-avia-related-tooltip='Compartir en LinkedIn' rel=\"noopener\"><span class='avia_hidden_link_text'>Compartir en LinkedIn<\/span><\/a><\/li><li class='av-share-link av-social-link-mail' ><a  aria-label=\"Compartir por correo\" href='mailto:?subject=Oficina%20del%20Registro%20Civil%20Coyhaique%20abrir%C3%A1%20sus%20puertas%20este%20s%C3%A1bado%20para%20renovaci%C3%B3n%20de%20c%C3%A9dulas%20de%20identidad&#038;body=https:\/\/radiorevelacionfm.cl\/?p=30053' aria-hidden='false' data-av_icon='\ue805' data-av_iconfont='entypo-fontello' title='' data-avia-related-tooltip='Compartir por correo'><span class='avia_hidden_link_text'>Compartir por correo<\/span><\/a><\/li><\/ul><\/div><\/div>\n<div  style='height:50px' class='hr hr-invisible   avia-builder-el-8  el_after_av_social_share  el_before_av_comments_list '><span class='hr-inner ' ><span class='hr-inner-style'><\/span><\/span><\/div>\n<div  class='av-buildercomment  av-blog-meta-html-info-disabled av-blog-meta-tag-disabled  '><\/div>\n","protected":false},"excerpt":{"rendered":"","protected":false},"author":1,"featured_media":30054,"comment_status":"open","ping_status":"open","sticky":false,"template":"","format":"standard","meta":{"footnotes":""},"categories":[38],"tags":[],"class_list":["post-30053","post","type-post","status-publish","format-standard","has-post-thumbnail","hentry","category-regional"],"jetpack_featured_media_url":"https:\/\/radiorevelacionfm.cl\/wp-content\/uploads\/2023\/04\/3A740B2E-2D49-4E17-B313-215E62575F85-1-1.jpeg","_links":{"self":[{"href":"https:\/\/radiorevelacionfm.cl\/index.php?rest_route=\/wp\/v2\/posts\/30053","targetHints":{"allow":["GET"]}}],"collection":[{"href":"https:\/\/radiorevelacionfm.cl\/index.php?rest_route=\/wp\/v2\/posts"}],"about":[{"href":"https:\/\/radiorevelacionfm.cl\/index.php?rest_route=\/wp\/v2\/types\/post"}],"author":[{"embeddable":true,"href":"https:\/\/radiorevelacionfm.cl\/index.php?rest_route=\/wp\/v2\/users\/1"}],"replies":[{"embeddable":true,"href":"https:\/\/radiorevelacionfm.cl\/index.php?rest_route=%2Fwp%2Fv2%2Fcomments&post=30053"}],"version-history":[{"count":1,"href":"https:\/\/radiorevelacionfm.cl\/index.php?rest_route=\/wp\/v2\/posts\/30053\/revisions"}],"predecessor-version":[{"id":30055,"href":"https:\/\/radiorevelacionfm.cl\/index.php?rest_route=\/wp\/v2\/posts\/30053\/revisions\/30055"}],"wp:featuredmedia":[{"embeddable":true,"href":"https:\/\/radiorevelacionfm.cl\/index.php?rest_route=\/wp\/v2\/media\/30054"}],"wp:attachment":[{"href":"https:\/\/radiorevelacionfm.cl\/index.php?rest_route=%2Fwp%2Fv2%2Fmedia&parent=30053"}],"wp:term":[{"taxonomy":"category","embeddable":true,"href":"https:\/\/radiorevelacionfm.cl\/index.php?rest_route=%2Fwp%2Fv2%2Fcategories&post=30053"},{"taxonomy":"post_tag","embeddable":true,"href":"https:\/\/radiorevelacionfm.cl\/index.php?rest_route=%2Fwp%2Fv2%2Ftags&post=30053"}],"curies":[{"name":"wp","href":"https:\/\/api.w.org\/{rel}","templated":true}]}}