{"id":3005,"date":"2021-02-27T12:17:24","date_gmt":"2021-02-27T15:17:24","guid":{"rendered":"https:\/\/radiorevelacionfm.cl\/?p=3005"},"modified":"2021-02-27T12:17:24","modified_gmt":"2021-02-27T15:17:24","slug":"un-centenar-de-personas-participaron-del-lanzamiento-del-estudio-sobre-la-explotacion-sexual-entendida-como-una-de-las-peores-formas-de-trabajo-infantil","status":"publish","type":"post","link":"https:\/\/radiorevelacionfm.cl\/?p=3005","title":{"rendered":"Un centenar de personas participaron del lanzamiento del estudio sobre la explotaci\u00f3n sexual, entendida como una de las peores formas de trabajo infantil"},"content":{"rendered":"<div class=\"flex_column av_one_full  flex_column_div av-zero-column-padding first  avia-builder-el-0  el_before_av_one_full  avia-builder-el-first  \" style='border-radius:0px; '><div  class='avia-image-container  av-styling-    avia-builder-el-1  avia-builder-el-no-sibling  avia-align-center '  itemprop=\"image\" itemscope=\"itemscope\" itemtype=\"https:\/\/schema.org\/ImageObject\"  ><div class='avia-image-container-inner'><div class='avia-image-overlay-wrap'><img decoding=\"async\" class='wp-image-0 avia-img-lazy-loading-not-0 avia_image' src=\"https:\/\/radiorevelacionfm.cl\/wp-content\/uploads\/2021\/02\/EstudioOpcion_TrabInfantil_Aysen_2-1.jpg\" alt='' title=''   itemprop=\"thumbnailUrl\"  \/><\/div><\/div><\/div><\/div><div class=\"flex_column av_one_full  flex_column_div av-zero-column-padding first  avia-builder-el-2  el_after_av_one_full  el_before_av_one_full  column-top-margin\" style='border-radius:0px; '><section class=\"av_textblock_section \"  itemscope=\"itemscope\" itemtype=\"https:\/\/schema.org\/BlogPosting\" itemprop=\"blogPost\" ><div class='avia_textblock  '   itemprop=\"text\" ><p style=\"text-align: center;\"><strong><span style=\"font-size: 18pt;\">Un centenar de personas participaron del lanzamiento del estudio sobre la explotaci\u00f3n sexual, entendida como una de las peores formas de trabajo infantil <\/span><\/strong><\/p>\n<div id=\"gtx-trans\" style=\"position: absolute; left: -50px; top: 4.31534px;\">\n<div class=\"gtx-trans-icon\"><\/div>\n<\/div>\n<\/div><\/section><\/div><div class=\"flex_column av_one_full  flex_column_div av-zero-column-padding first  avia-builder-el-4  el_after_av_one_full  el_before_av_hr  column-top-margin\" style='border-radius:0px; '><section class=\"av_textblock_section \"  itemscope=\"itemscope\" itemtype=\"https:\/\/schema.org\/BlogPosting\" itemprop=\"blogPost\" ><div class='avia_textblock  '   itemprop=\"text\" ><p style=\"text-align: justify;\">Este 2021 es el A\u00f1o Internacional para la Eliminaci\u00f3n del trabajo Infantil. El libro \u201cExperiencias subjetivas, Identidades y Rutas\u201d de la Corporaci\u00f3n Opci\u00f3n, fue lanzado v\u00eda Zoom en una iniciativa del Comit\u00e9 de Erradicaci\u00f3n de Trabajo Infantil Ays\u00e9n a fines de a\u00f1o, abordando el libro la explotaci\u00f3n sexual entendida como una de las peores formas de trabajo infantil.<\/p>\n<p style=\"text-align: justify;\">Un gran inter\u00e9s por parte de la comunidad y de instituciones con la participaci\u00f3n de aproximadamente 100 personas, tuvo el lanzamiento en la Regi\u00f3n de Ays\u00e9n del estudio \u201cExperiencias subjetivas, Identidades y Rutas\u201d de la Corporaci\u00f3n Opci\u00f3n, integrante del Comit\u00e9 Regional de Erradicaci\u00f3n del Trabajo Infantil. La iniciativa se enmarc\u00f3 en el plan de difusi\u00f3n de esta tem\u00e1tica, abordando el libro la explotaci\u00f3n sexual entendida como una de las peores formas de trabajo infantil, entregando relatos de j\u00f3venes, an\u00e1lisis de la problem\u00e1tica y formas de intervenci\u00f3n. En la actividad se evidenci\u00f3 la invisibilizaci\u00f3n del tema, del silencio y secreto, donde la comunidad debe tener un rol m\u00e1s activo en la pesquisa y repudio de estas situaciones.<\/p>\n<p style=\"text-align: justify;\">\u201cEl a\u00f1o 2021 fue decretado como el A\u00f1o Internacional para la eliminaci\u00f3n del trabajo Infantil y como Comit\u00e9 Regional de Erradicaci\u00f3n de Trabajo Infantil estaremos realizando diversas iniciativas, visibilizando esta vulneraci\u00f3n de derechos que afecta a m\u00e1s de 219 mil ni\u00f1os, ni\u00f1as y adolescentes en Chile y esa cifra podr\u00eda aumentar gravemente debido a la pandemia de coronavirus. Por ello, quisimos destacar esta actividad que se realiz\u00f3 a fines del 2020 para generar una mayor conciencia sobre la explotaci\u00f3n sexual entendida como una de las peores formas de trabajo infantil, donde no s\u00f3lo el factor econ\u00f3mico es el que est\u00e1 involucrado\u201d, enfatiz\u00f3 la Seremi de Trabajo y Previsi\u00f3n Social, Andrea Ponce, l\u00edder del comit\u00e9 regional.<\/p>\n<p style=\"text-align: justify;\">La autoridad a\u00f1adi\u00f3, \u201cUna de las peores formas de vulneraci\u00f3n de los derechos de los ni\u00f1os, ni\u00f1as y adolescentes, y una de las peores formas de trabajo infantil, es la explotaci\u00f3n sexual comercial infantil. Es por ello que, como Comit\u00e9 Regional de Erradicaci\u00f3n del Trabajo Infantil, nos pareci\u00f3 relevante conocer en profundidad el libro \u201cExperiencias Subjetivas, Identidad y Rutas\u201d de la Corporaci\u00f3n Opci\u00f3n, un valioso documento que contiene un estudio actual de lo que significa la explotaci\u00f3n sexual comercial infantil, adem\u00e1s de sensibles relatos de adolescentes que nos demuestran que cada uno de nosotros debemos estar m\u00e1s atentos para poder protegerlos de esta terrible amenaza\u201d, afirm\u00f3 Andrea Ponce.<\/p>\n<p style=\"text-align: justify;\">La actividad se desarroll\u00f3 v\u00eda Zoom y se transmiti\u00f3 en vivo a trav\u00e9s de la plataforma Facebook de MintrabAys\u00e9n. La presentaci\u00f3n del estudio estuvo a cargo de Lorena Bojanic, psic\u00f3loga y Coordinadora de Proyectos de la Corporaci\u00f3n Opci\u00f3n, quien entreg\u00f3 un an\u00e1lisis del tema. Adem\u00e1s, cont\u00f3 con los comentarios de representantes de instituciones participantes del comit\u00e9: Carla Romo, psic\u00f3loga profesional del Instituto Nacional de Derechos Humanos, INDH, sede Ays\u00e9n, quien se refiri\u00f3 a la vulneraci\u00f3n de derechos de ni\u00f1os, ni\u00f1as y adolescentes; la falta de figuras protectoras y responsables en estos casos y la desmitificaci\u00f3n del trabajo infantil y sus peores formas, en correlaci\u00f3n solamente a la precariedad econ\u00f3mica; y el Subprefecto Luis Romero de la Polic\u00eda de Investigaciones, PDI, quien analiz\u00f3 los desaf\u00edos en materia investigativa delictual con respecto a este tema, la relaci\u00f3n y dependencia v\u00edctima-victimario, la evoluci\u00f3n legislativa, entre otros interesantes aspectos.<\/p>\n<p style=\"text-align: justify;\"><strong><u>El silencio y la invisibilizaci\u00f3n<\/u><\/strong><\/p>\n<p style=\"text-align: justify;\">Milagros Nehgme, Directora Ejecutiva de Corporaci\u00f3n Opci\u00f3n, se destac\u00f3 al lanzamiento regional de este estudio y a la importancia de difundir la tem\u00e1tica: \u201cEfectivamente la explotaci\u00f3n sexual es un tema muy importante y una de las peores formas de trabajo infantil. Es un honor para nosotros poder compartir la publicaci\u00f3n de este libro con todos ustedes, gracias por la invitaci\u00f3n, una muy buena iniciativa del Comit\u00e9 de Erradicaci\u00f3n del Trabajo Infantil. Que agrado el considerar que hay muchas personas e instituciones interesadas, si todos nos junt\u00e1ramos y nos uni\u00e9ramos para la protecci\u00f3n y prevenci\u00f3n de la explotaci\u00f3n sexual comercial, como nos estamos reuniendo hoy en d\u00eda, ser\u00eda un avance. Nos llama la atenci\u00f3n que solamente cuando hay situaciones de connotaci\u00f3n p\u00fablica, la explotaci\u00f3n sexual comercial se hace evidente. Generalmente es una situaci\u00f3n muy velada, muy silenciosa, donde los hechos que les ocurren, principalmente a adolescentes, ni\u00f1as o varones, se establecen en un secreto tan grande, y entre instituciones que est\u00e1n tambi\u00e9n tratando de descubrir, investigar y avanzar en esto, sin resultados tan favorables\u201d.<\/p>\n<p style=\"text-align: justify;\">La directora ejecutiva adem\u00e1s a\u00f1adi\u00f3 sobre las situaciones vivenciales que hay detr\u00e1s de la explotaci\u00f3n sexual infantil. \u201cIniciativas como la que estamos haciendo hoy d\u00eda, que es lanzar la investigaci\u00f3n que realizamos, nos da cuenta que son rutas biogr\u00e1ficas, situaci\u00f3n donde concurren determinadas fragilidades en los adolescentes, vulnerabilidad donde existe la opci\u00f3n que el explotador enganche con ella, y caen en ese circuito, que es un circuito bastante da\u00f1ino. Pero cuando uno lo lee en el libro, se da cuenta que a cualquiera le puede pasar. Tiene que ver con la afectaci\u00f3n, no solamente con situaciones de pobreza, sino que situaciones tambi\u00e9n de debilidad social, de autoestima, de fragilidad en los v\u00ednculos\u201d, apunt\u00f3.<\/p>\n<p style=\"text-align: justify;\">En este sentido, Nehgme propone ciertos tipos de intervenci\u00f3n: \u201cEste libro nos aporta no solamente a sensibilizarnos en la tem\u00e1tica, sino que ojal\u00e1 \u2013 como lo mencionaba la Seremi- est\u00e9 en las pol\u00edticas p\u00fablicas, y yo s\u00e9 que est\u00e1, pero se requiere que Coyhaique tenga su propio programa de explotaci\u00f3n sexual comercial infantil con una tem\u00e1tica muy especial. Pero el libro tambi\u00e9n trata de sensibilizar en los temas de prevenci\u00f3n y en los temas de tratamiento. Es muy distinto tratar con una visi\u00f3n de lo que los adolescentes narran en el libro, que es su ruta biogr\u00e1fica que, si uno trata el v\u00ednculo, los problemas que la llevaron a la explotaci\u00f3n son de utilidad para generar procesos de intervenci\u00f3n exitosos y no condenatorios. Aqu\u00ed se requiere que la explotaci\u00f3n sexual sea vista como una situaci\u00f3n de un delito como es y que as\u00ed nos articulemos todos para poder prevenir y que nunca m\u00e1s ocurra una situaci\u00f3n as\u00ed con los ni\u00f1os y las ni\u00f1as\u201d.<\/p>\n<p style=\"text-align: justify;\">Hoy m\u00e1s que nunca se deben proteger a los ni\u00f1os, ni\u00f1as y adolescentes, ya que la Organizaci\u00f3n Internacional del Trabajo, OIT, ya afirm\u00f3 que, debido a las consecuencias de la pandemia del Coronavirus, el trabajo infantil, incluso en sus peores formas, aumentar\u00e1 de forma dram\u00e1tica en todo el mundo.<\/p>\n<p style=\"text-align: justify;\">Tal como mencion\u00f3 la Seremi, Andrea Ponce, y la Directora Ejecutiva de Opci\u00f3n, Milagros Nehgme, el rol de la comunidad es fundamental para evitar, repudiar y condenar la explotaci\u00f3n sexual infantil y el trabajo infantil, por ello, los invitamos a conocer este interesante estudio que entrega una mirada actual sobre la tem\u00e1tica desde la experiencia de tres adolescentes y c\u00f3mo enfrentarla.<\/p>\n<\/div><\/section><\/div><div  style='height:50px' class='hr hr-invisible   avia-builder-el-6  el_after_av_one_full  el_before_av_social_share '><span class='hr-inner ' ><span class='hr-inner-style'><\/span><\/span><\/div><\/p>\n<div  class='av-social-sharing-box  avia-builder-el-7  el_after_av_hr  el_before_av_hr  '><div class='av-share-box'><h5 class='av-share-link-description av-no-toc '>Compartir esta noticia<\/h5><ul class='av-share-box-list noLightbox'><li class='av-share-link av-social-link-facebook' ><a target=\"_blank\" aria-label=\"Compartir en Facebook\" href='https:\/\/www.facebook.com\/sharer.php?u=https:\/\/radiorevelacionfm.cl\/?p=3005&#038;t=Un%20centenar%20de%20personas%20participaron%20del%20lanzamiento%20del%20estudio%20sobre%20la%20explotaci%C3%B3n%20sexual%2C%20entendida%20como%20una%20de%20las%20peores%20formas%20de%20trabajo%20infantil' aria-hidden='false' data-av_icon='\ue8f3' data-av_iconfont='entypo-fontello' title='' data-avia-related-tooltip='Compartir en Facebook' rel=\"noopener\"><span class='avia_hidden_link_text'>Compartir en Facebook<\/span><\/a><\/li><li class='av-share-link av-social-link-twitter' ><a target=\"_blank\" aria-label=\"Compartir en Twitter\" href='https:\/\/twitter.com\/share?text=Un%20centenar%20de%20personas%20participaron%20del%20lanzamiento%20del%20estudio%20sobre%20la%20explotaci%C3%B3n%20sexual%2C%20entendida%20como%20una%20de%20las%20peores%20formas%20de%20trabajo%20infantil&#038;url=https:\/\/radiorevelacionfm.cl\/?p=3005' aria-hidden='false' data-av_icon='\ue8f1' data-av_iconfont='entypo-fontello' title='' data-avia-related-tooltip='Compartir en Twitter' rel=\"noopener\"><span class='avia_hidden_link_text'>Compartir en Twitter<\/span><\/a><\/li><li class='av-share-link av-social-link-whatsapp' ><a target=\"_blank\" aria-label=\"Compartir en Whatsapp\" href='https:\/\/api.whatsapp.com\/send?text=https:\/\/radiorevelacionfm.cl\/?p=3005' aria-hidden='false' data-av_icon='\uf232' data-av_iconfont='entypo-fontello' title='' data-avia-related-tooltip='Compartir en Whatsapp' rel=\"noopener\"><span class='avia_hidden_link_text'>Compartir en Whatsapp<\/span><\/a><\/li><li class='av-share-link av-social-link-linkedin' ><a target=\"_blank\" aria-label=\"Compartir en LinkedIn\" href='https:\/\/linkedin.com\/shareArticle?mini=true&#038;title=Un%20centenar%20de%20personas%20participaron%20del%20lanzamiento%20del%20estudio%20sobre%20la%20explotaci%C3%B3n%20sexual%2C%20entendida%20como%20una%20de%20las%20peores%20formas%20de%20trabajo%20infantil&#038;url=https:\/\/radiorevelacionfm.cl\/?p=3005' aria-hidden='false' data-av_icon='\ue8fc' data-av_iconfont='entypo-fontello' title='' data-avia-related-tooltip='Compartir en LinkedIn' rel=\"noopener\"><span class='avia_hidden_link_text'>Compartir en LinkedIn<\/span><\/a><\/li><li class='av-share-link av-social-link-mail' ><a  aria-label=\"Compartir por correo\" href='mailto:?subject=Un%20centenar%20de%20personas%20participaron%20del%20lanzamiento%20del%20estudio%20sobre%20la%20explotaci%C3%B3n%20sexual%2C%20entendida%20como%20una%20de%20las%20peores%20formas%20de%20trabajo%20infantil&#038;body=https:\/\/radiorevelacionfm.cl\/?p=3005' aria-hidden='false' data-av_icon='\ue805' data-av_iconfont='entypo-fontello' title='' data-avia-related-tooltip='Compartir por correo'><span class='avia_hidden_link_text'>Compartir por correo<\/span><\/a><\/li><\/ul><\/div><\/div>\n<div  style='height:50px' class='hr hr-invisible   avia-builder-el-8  el_after_av_social_share  el_before_av_comments_list '><span class='hr-inner ' ><span class='hr-inner-style'><\/span><\/span><\/div>\n<div  class='av-buildercomment  av-blog-meta-html-info-disabled av-blog-meta-tag-disabled  '><\/div>\n","protected":false},"excerpt":{"rendered":"","protected":false},"author":1,"featured_media":0,"comment_status":"open","ping_status":"open","sticky":false,"template":"","format":"standard","meta":{"footnotes":""},"categories":[38],"tags":[],"class_list":["post-3005","post","type-post","status-publish","format-standard","hentry","category-regional"],"jetpack_featured_media_url":"","_links":{"self":[{"href":"https:\/\/radiorevelacionfm.cl\/index.php?rest_route=\/wp\/v2\/posts\/3005","targetHints":{"allow":["GET"]}}],"collection":[{"href":"https:\/\/radiorevelacionfm.cl\/index.php?rest_route=\/wp\/v2\/posts"}],"about":[{"href":"https:\/\/radiorevelacionfm.cl\/index.php?rest_route=\/wp\/v2\/types\/post"}],"author":[{"embeddable":true,"href":"https:\/\/radiorevelacionfm.cl\/index.php?rest_route=\/wp\/v2\/users\/1"}],"replies":[{"embeddable":true,"href":"https:\/\/radiorevelacionfm.cl\/index.php?rest_route=%2Fwp%2Fv2%2Fcomments&post=3005"}],"version-history":[{"count":1,"href":"https:\/\/radiorevelacionfm.cl\/index.php?rest_route=\/wp\/v2\/posts\/3005\/revisions"}],"predecessor-version":[{"id":3007,"href":"https:\/\/radiorevelacionfm.cl\/index.php?rest_route=\/wp\/v2\/posts\/3005\/revisions\/3007"}],"wp:attachment":[{"href":"https:\/\/radiorevelacionfm.cl\/index.php?rest_route=%2Fwp%2Fv2%2Fmedia&parent=3005"}],"wp:term":[{"taxonomy":"category","embeddable":true,"href":"https:\/\/radiorevelacionfm.cl\/index.php?rest_route=%2Fwp%2Fv2%2Fcategories&post=3005"},{"taxonomy":"post_tag","embeddable":true,"href":"https:\/\/radiorevelacionfm.cl\/index.php?rest_route=%2Fwp%2Fv2%2Ftags&post=3005"}],"curies":[{"name":"wp","href":"https:\/\/api.w.org\/{rel}","templated":true}]}}