{"id":30047,"date":"2023-04-14T13:01:22","date_gmt":"2023-04-14T16:01:22","guid":{"rendered":"https:\/\/radiorevelacionfm.cl\/?p=30047"},"modified":"2023-04-14T13:01:22","modified_gmt":"2023-04-14T16:01:22","slug":"guaitecas-continua-habilitando-accesos-universales-en-viviendas-de-personas-mayores-de-la-comuna","status":"publish","type":"post","link":"https:\/\/radiorevelacionfm.cl\/?p=30047","title":{"rendered":"Guaitecas contin\u00faa habilitando accesos universales en viviendas de personas mayores de la comuna"},"content":{"rendered":"<div class=\"flex_column av_one_full  flex_column_div av-zero-column-padding first  avia-builder-el-0  el_before_av_one_full  avia-builder-el-first  \" style='border-radius:0px; '><div  class='avia-image-container  av-styling-    avia-builder-el-1  avia-builder-el-no-sibling  avia-align-center '  itemprop=\"image\" itemscope=\"itemscope\" itemtype=\"https:\/\/schema.org\/ImageObject\"  ><div class='avia-image-container-inner'><div class='avia-image-overlay-wrap'><img decoding=\"async\" class='wp-image-30048 avia-img-lazy-loading-not-30048 avia_image' src=\"https:\/\/radiorevelacionfm.cl\/wp-content\/uploads\/2023\/04\/DSCN0915-1-1.jpg\" alt='' title='DSCN0915 (1) (1)' height=\"600\" width=\"800\"  itemprop=\"thumbnailUrl\" srcset=\"https:\/\/radiorevelacionfm.cl\/wp-content\/uploads\/2023\/04\/DSCN0915-1-1.jpg 800w, https:\/\/radiorevelacionfm.cl\/wp-content\/uploads\/2023\/04\/DSCN0915-1-1-300x225.jpg 300w, https:\/\/radiorevelacionfm.cl\/wp-content\/uploads\/2023\/04\/DSCN0915-1-1-768x576.jpg 768w, https:\/\/radiorevelacionfm.cl\/wp-content\/uploads\/2023\/04\/DSCN0915-1-1-705x529.jpg 705w, https:\/\/radiorevelacionfm.cl\/wp-content\/uploads\/2023\/04\/DSCN0915-1-1-450x338.jpg 450w, https:\/\/radiorevelacionfm.cl\/wp-content\/uploads\/2023\/04\/DSCN0915-1-1-600x450.jpg 600w\" sizes=\"(max-width: 800px) 100vw, 800px\" \/><\/div><\/div><\/div><\/div><div class=\"flex_column av_one_full  flex_column_div av-zero-column-padding first  avia-builder-el-2  el_after_av_one_full  el_before_av_one_full  column-top-margin\" style='border-radius:0px; '><section class=\"av_textblock_section \"  itemscope=\"itemscope\" itemtype=\"https:\/\/schema.org\/BlogPosting\" itemprop=\"blogPost\" ><div class='avia_textblock  '   itemprop=\"text\" ><p style=\"text-align: center;\"><strong><span style=\"font-size: 18pt;\">Guaitecas contin\u00faa habilitando accesos universales en viviendas de personas mayores de la comuna<\/span><\/strong><\/p>\n<div id=\"gtx-trans\" style=\"position: absolute; left: -50px; top: 4.31534px;\">\n<div class=\"gtx-trans-icon\"><\/div>\n<\/div>\n<\/div><\/section><\/div><div class=\"flex_column av_one_full  flex_column_div av-zero-column-padding first  avia-builder-el-4  el_after_av_one_full  el_before_av_hr  column-top-margin\" style='border-radius:0px; '><section class=\"av_textblock_section \"  itemscope=\"itemscope\" itemtype=\"https:\/\/schema.org\/BlogPosting\" itemprop=\"blogPost\" ><div class='avia_textblock  '   itemprop=\"text\" ><p style=\"text-align: justify;\">La Municipalidad de Guaitecas contin\u00faa desarrollando, con recursos propios, trabajos para habilitar accesos universales a casas de personas mayores de la comuna, principalmente de aquellos que por diversas razones tienen problemas de movilidad.<\/p>\n<p style=\"text-align: justify;\">La idea del municipio es contribuir a mejorar la calidad de vida de estos vecinos y contribuir a disminuir los riesgos de accidentes que para muchos vecinos mayores significa transitar desde y hacia sus viviendas.<\/p>\n<p style=\"text-align: justify;\">Estos trabajos se vienen desarrollando desde hace un tiempo y han permitido atender a varias familias de la comuna, como lo destac\u00f3 el alcalde de Guaitecas, Marcos Silva, quien hace unos d\u00edas visit\u00f3 la casa de Don Emilio Vargas, a quien se le habilit\u00f3 un mejor acceso a su vivienda.<\/p>\n<p style=\"text-align: justify;\">\u201cEn el tenor de lo que hemos venido haciendo desde el a\u00f1o 2020 y 2021, seguimos trabajando para mejorar los accesos de los adultos mayores a sus casas y hemos ido avanzando paulatinamente, de acuerdo a lo recursos con los que disponemos y hoy nos encontramos con Germ\u00e1n P\u00e9rez y el equipo de \u00e1rea verdes, que desarrollan diversos trabajos en la comuna y es importante que ellos est\u00e9n ac\u00e1, para evidenciar que aqu\u00ed hay un equipo que acompa\u00f1a a este alcalde en los trabajos que hacemos cotidianamente para nuestra gente\u201d, dijo el alcalde Silva, quien destac\u00f3 el trabajo que los funcionarios del municipio desarrollan en las casas de vecinos que necesitan mejorar el acceso a sus viviendas.<\/p>\n<p style=\"text-align: justify;\">En tanto Germ\u00e1n P\u00e9rez, de la Unidad de \u00c1reas Verdes de la Municipalidad de Guaitecas, se\u00f1al\u00f3 que ya son 8 los accesos que se han habilitado en la comuna en el \u00faltimo tiempo.<\/p>\n<p style=\"text-align: justify;\">\u201cEste es el octavo ingreso que hemos hecho a casas de adultos mayores de la comuna. Es una loza de 20 metros de largo aproximadamente, con una capa de 10 cent\u00edmetros, por un metro 50 de ancho y este es uno de los trabajos que estamos realizando en la comuna y tenemos en carpeta una serie de visitas a adultos mayores y as\u00ed, toda la gente que est\u00e9 necesitando de este tipo de entradas a sus domicilios, podamos llegar hasta sus casas y hacer este tipo de trabajos\u201d, dijo el funcionario de la Municipalidad de Guaitecas.<\/p>\n<p style=\"text-align: justify;\">Estos trabajos son ejecutados por personal del municipio, que adem\u00e1s dispone de los materiales para mejorar cada acceso y as\u00ed contribuir a mejorar la calidad de vida de los vecinos y sus familias, disminuyendo las probabilidades de accidentes en el ingreso a los hogares, dados por las irregularidades de los terrenos, el agua y el barro que se acumulaba antes de estas intervenciones.<\/p>\n<\/div><\/section><\/div><div  style='height:50px' class='hr hr-invisible   avia-builder-el-6  el_after_av_one_full  el_before_av_social_share '><span class='hr-inner ' ><span class='hr-inner-style'><\/span><\/span><\/div><\/p>\n<div  class='av-social-sharing-box  avia-builder-el-7  el_after_av_hr  el_before_av_hr  '><div class='av-share-box'><h5 class='av-share-link-description av-no-toc '>Compartir esta noticia<\/h5><ul class='av-share-box-list noLightbox'><li class='av-share-link av-social-link-facebook' ><a target=\"_blank\" aria-label=\"Compartir en Facebook\" href='https:\/\/www.facebook.com\/sharer.php?u=https:\/\/radiorevelacionfm.cl\/?p=30047&#038;t=Guaitecas%20contin%C3%BAa%20habilitando%20accesos%20universales%20en%20viviendas%20de%20personas%20mayores%20de%20la%20comuna' aria-hidden='false' data-av_icon='\ue8f3' data-av_iconfont='entypo-fontello' title='' data-avia-related-tooltip='Compartir en Facebook' rel=\"noopener\"><span class='avia_hidden_link_text'>Compartir en Facebook<\/span><\/a><\/li><li class='av-share-link av-social-link-twitter' ><a target=\"_blank\" aria-label=\"Compartir en Twitter\" href='https:\/\/twitter.com\/share?text=Guaitecas%20contin%C3%BAa%20habilitando%20accesos%20universales%20en%20viviendas%20de%20personas%20mayores%20de%20la%20comuna&#038;url=https:\/\/radiorevelacionfm.cl\/?p=30047' aria-hidden='false' data-av_icon='\ue8f1' data-av_iconfont='entypo-fontello' title='' data-avia-related-tooltip='Compartir en Twitter' rel=\"noopener\"><span class='avia_hidden_link_text'>Compartir en Twitter<\/span><\/a><\/li><li class='av-share-link av-social-link-whatsapp' ><a target=\"_blank\" aria-label=\"Compartir en Whatsapp\" href='https:\/\/api.whatsapp.com\/send?text=https:\/\/radiorevelacionfm.cl\/?p=30047' aria-hidden='false' data-av_icon='\uf232' data-av_iconfont='entypo-fontello' title='' data-avia-related-tooltip='Compartir en Whatsapp' rel=\"noopener\"><span class='avia_hidden_link_text'>Compartir en Whatsapp<\/span><\/a><\/li><li class='av-share-link av-social-link-linkedin' ><a target=\"_blank\" aria-label=\"Compartir en LinkedIn\" href='https:\/\/linkedin.com\/shareArticle?mini=true&#038;title=Guaitecas%20contin%C3%BAa%20habilitando%20accesos%20universales%20en%20viviendas%20de%20personas%20mayores%20de%20la%20comuna&#038;url=https:\/\/radiorevelacionfm.cl\/?p=30047' aria-hidden='false' data-av_icon='\ue8fc' data-av_iconfont='entypo-fontello' title='' data-avia-related-tooltip='Compartir en LinkedIn' rel=\"noopener\"><span class='avia_hidden_link_text'>Compartir en LinkedIn<\/span><\/a><\/li><li class='av-share-link av-social-link-mail' ><a  aria-label=\"Compartir por correo\" href='mailto:?subject=Guaitecas%20contin%C3%BAa%20habilitando%20accesos%20universales%20en%20viviendas%20de%20personas%20mayores%20de%20la%20comuna&#038;body=https:\/\/radiorevelacionfm.cl\/?p=30047' aria-hidden='false' data-av_icon='\ue805' data-av_iconfont='entypo-fontello' title='' data-avia-related-tooltip='Compartir por correo'><span class='avia_hidden_link_text'>Compartir por correo<\/span><\/a><\/li><\/ul><\/div><\/div>\n<div  style='height:50px' class='hr hr-invisible   avia-builder-el-8  el_after_av_social_share  el_before_av_comments_list '><span class='hr-inner ' ><span class='hr-inner-style'><\/span><\/span><\/div>\n<div  class='av-buildercomment  av-blog-meta-html-info-disabled av-blog-meta-tag-disabled  '><\/div>\n","protected":false},"excerpt":{"rendered":"","protected":false},"author":1,"featured_media":30048,"comment_status":"open","ping_status":"open","sticky":false,"template":"","format":"standard","meta":{"footnotes":""},"categories":[38],"tags":[],"class_list":["post-30047","post","type-post","status-publish","format-standard","has-post-thumbnail","hentry","category-regional"],"jetpack_featured_media_url":"https:\/\/radiorevelacionfm.cl\/wp-content\/uploads\/2023\/04\/DSCN0915-1-1.jpg","_links":{"self":[{"href":"https:\/\/radiorevelacionfm.cl\/index.php?rest_route=\/wp\/v2\/posts\/30047","targetHints":{"allow":["GET"]}}],"collection":[{"href":"https:\/\/radiorevelacionfm.cl\/index.php?rest_route=\/wp\/v2\/posts"}],"about":[{"href":"https:\/\/radiorevelacionfm.cl\/index.php?rest_route=\/wp\/v2\/types\/post"}],"author":[{"embeddable":true,"href":"https:\/\/radiorevelacionfm.cl\/index.php?rest_route=\/wp\/v2\/users\/1"}],"replies":[{"embeddable":true,"href":"https:\/\/radiorevelacionfm.cl\/index.php?rest_route=%2Fwp%2Fv2%2Fcomments&post=30047"}],"version-history":[{"count":1,"href":"https:\/\/radiorevelacionfm.cl\/index.php?rest_route=\/wp\/v2\/posts\/30047\/revisions"}],"predecessor-version":[{"id":30049,"href":"https:\/\/radiorevelacionfm.cl\/index.php?rest_route=\/wp\/v2\/posts\/30047\/revisions\/30049"}],"wp:featuredmedia":[{"embeddable":true,"href":"https:\/\/radiorevelacionfm.cl\/index.php?rest_route=\/wp\/v2\/media\/30048"}],"wp:attachment":[{"href":"https:\/\/radiorevelacionfm.cl\/index.php?rest_route=%2Fwp%2Fv2%2Fmedia&parent=30047"}],"wp:term":[{"taxonomy":"category","embeddable":true,"href":"https:\/\/radiorevelacionfm.cl\/index.php?rest_route=%2Fwp%2Fv2%2Fcategories&post=30047"},{"taxonomy":"post_tag","embeddable":true,"href":"https:\/\/radiorevelacionfm.cl\/index.php?rest_route=%2Fwp%2Fv2%2Ftags&post=30047"}],"curies":[{"name":"wp","href":"https:\/\/api.w.org\/{rel}","templated":true}]}}