{"id":30035,"date":"2023-04-13T21:18:09","date_gmt":"2023-04-14T00:18:09","guid":{"rendered":"https:\/\/radiorevelacionfm.cl\/?p=30035"},"modified":"2023-04-13T21:18:09","modified_gmt":"2023-04-14T00:18:09","slug":"constatan-avances-de-obras-que-mejoran-equipamiento-comunitario-y-espacios-publicos-de-puerto-aysen","status":"publish","type":"post","link":"https:\/\/radiorevelacionfm.cl\/?p=30035","title":{"rendered":"Constatan avances de obras que mejoran equipamiento comunitario y espacios p\u00fablicos de Puerto Ays\u00e9n"},"content":{"rendered":"<div class=\"flex_column av_one_full  flex_column_div av-zero-column-padding first  avia-builder-el-0  el_before_av_one_full  avia-builder-el-first  \" style='border-radius:0px; '><div  class='avia-image-container  av-styling-    avia-builder-el-1  avia-builder-el-no-sibling  avia-align-center '  itemprop=\"image\" itemscope=\"itemscope\" itemtype=\"https:\/\/schema.org\/ImageObject\"  ><div class='avia-image-container-inner'><div class='avia-image-overlay-wrap'><img decoding=\"async\" class='wp-image-30036 avia-img-lazy-loading-not-30036 avia_image' src=\"https:\/\/radiorevelacionfm.cl\/wp-content\/uploads\/2023\/04\/construccion-plazoleta-21-de-mayo-sector-la-balsa-1-1_optimized-1.jpg\" alt='' title='construcci\u00f3n-plazoleta-21-de-mayo-sector-la-balsa-(1)-(1)_optimized (1)' height=\"600\" width=\"800\"  itemprop=\"thumbnailUrl\" srcset=\"https:\/\/radiorevelacionfm.cl\/wp-content\/uploads\/2023\/04\/construccion-plazoleta-21-de-mayo-sector-la-balsa-1-1_optimized-1.jpg 800w, https:\/\/radiorevelacionfm.cl\/wp-content\/uploads\/2023\/04\/construccion-plazoleta-21-de-mayo-sector-la-balsa-1-1_optimized-1-300x225.jpg 300w, https:\/\/radiorevelacionfm.cl\/wp-content\/uploads\/2023\/04\/construccion-plazoleta-21-de-mayo-sector-la-balsa-1-1_optimized-1-768x576.jpg 768w, https:\/\/radiorevelacionfm.cl\/wp-content\/uploads\/2023\/04\/construccion-plazoleta-21-de-mayo-sector-la-balsa-1-1_optimized-1-705x529.jpg 705w, https:\/\/radiorevelacionfm.cl\/wp-content\/uploads\/2023\/04\/construccion-plazoleta-21-de-mayo-sector-la-balsa-1-1_optimized-1-450x338.jpg 450w, https:\/\/radiorevelacionfm.cl\/wp-content\/uploads\/2023\/04\/construccion-plazoleta-21-de-mayo-sector-la-balsa-1-1_optimized-1-600x450.jpg 600w\" sizes=\"(max-width: 800px) 100vw, 800px\" \/><\/div><\/div><\/div><\/div><div class=\"flex_column av_one_full  flex_column_div av-zero-column-padding first  avia-builder-el-2  el_after_av_one_full  el_before_av_one_full  column-top-margin\" style='border-radius:0px; '><section class=\"av_textblock_section \"  itemscope=\"itemscope\" itemtype=\"https:\/\/schema.org\/BlogPosting\" itemprop=\"blogPost\" ><div class='avia_textblock  '   itemprop=\"text\" ><p style=\"text-align: center;\"><strong><span style=\"font-size: 18pt;\">Constatan avances de obras que mejoran equipamiento comunitario y espacios p\u00fablicos de Puerto Ays\u00e9n<\/span><\/strong><\/p>\n<div id=\"gtx-trans\" style=\"position: absolute; left: -50px; top: 4.31534px;\">\n<div class=\"gtx-trans-icon\"><\/div>\n<\/div>\n<\/div><\/section><\/div><div class=\"flex_column av_one_full  flex_column_div av-zero-column-padding first  avia-builder-el-4  el_after_av_one_full  el_before_av_hr  column-top-margin\" style='border-radius:0px; '><section class=\"av_textblock_section \"  itemscope=\"itemscope\" itemtype=\"https:\/\/schema.org\/BlogPosting\" itemprop=\"blogPost\" ><div class='avia_textblock  '   itemprop=\"text\" ><p style=\"text-align: justify;\">Positivos cambios que permitir\u00e1n mejorar el trabajo, el esparcimiento y la calidad de vida de los vecinos de diversos sectores de Puerto Ays\u00e9n, se est\u00e1n haciendo realidad a trav\u00e9s de la ejecuci\u00f3n de proyectos financiados a trav\u00e9s de la l\u00ednea de Espacios P\u00fablicos y Equipamiento Comunitario del programa \u201cHogar Mejor\u201d, del Ministerio de Vivienda y Urbanismo (Minvu), donde el municipio act\u00faa como unidad t\u00e9cnica.<\/p>\n<p style=\"text-align: justify;\">Es en ese contexto que la Seremi de Vivienda, Paulina Ruz y el Alcalde de Ays\u00e9n, Julio Uribe, realizaron un recorrido para constatar en terreno el avance que presentan las obras, las que vienen a complementar una decena de iniciativas que fueron ejecutadas a trav\u00e9s del mismo programa y que ya est\u00e1n en pleno uso de la comunidad.<\/p>\n<p style=\"text-align: justify;\">La primera obra visitada junto a los equipos t\u00e9cnicos de ambos servicios fue la construcci\u00f3n de la Plazoleta 21 de mayo, proyecto que marca un avance importante en cuanto a la recuperaci\u00f3n de espacios p\u00fablicos en un barrio hist\u00f3rico, como es La Balsa, donde se est\u00e1n invirtiendo m\u00e1s de 88 millones de pesos.<\/p>\n<p style=\"text-align: justify;\">Posteriormente la Seremi y el Alcalde pudieron apreciar el avance de proyectos de equipamiento comunitario, donde destaca la construcci\u00f3n de la Sede del Adulto Mayor Gabriela Mistral, en la poblaci\u00f3n del mismo nombre, obra que presenta un alto grado de avance y que contempl\u00f3 una inversi\u00f3n que bordea los 170 millones de pesos.<\/p>\n<p style=\"text-align: justify;\">La \u00faltima obra visitada fue la ampliaci\u00f3n y construcci\u00f3n de una bodega para la sede comunitaria de la poblaci\u00f3n Villa Cerro Cord\u00f3n, la que se ubica en la salida de la ciudad hacia Puerto Chacabuco y donde se invirtieron cerca de 85 millones de pesos.<\/p>\n<p style=\"text-align: justify;\">Al finalizar el recorrido la Seremi de Vivienda, Paulina Ruz, destac\u00f3 el trabajo conjunto que se lleva adelante con el municipio de Ays\u00e9n para impulsar este tipo de proyectos que van en directo beneficio de la comunidad, y donde queda de manifiesto que el Minvu no solo se ocupa de las viviendas, sino tambi\u00e9n del tema urbano, con grandes obras en cuanto a pavimentos, equipamiento comunitario y espacios p\u00fablicos.<\/p>\n<p style=\"text-align: justify;\">\u201cLa verdad es que es fundamental para nosotros el avance que podamos hacer no solo en cuanto a la recuperaci\u00f3n de espacios p\u00fablicos sino tambi\u00e9n a la creaci\u00f3n de espacios comunitarios, fomentando la participaci\u00f3n ciudadana, pero tambi\u00e9n la vida comunitaria y c\u00f3mo podemos hacer a trav\u00e9s de gestiones de obras y la reactivaci\u00f3n de la econom\u00eda nuevos espacios para que la gente pueda volver a encontrarse. Seguimos trabajando fuertemente con el municipio de Ays\u00e9n en todas estas materias, no solo en lo habitacional, ya que hay un compromiso de llegar a las familias de distinta manera para mejorar su calidad de vida y por supuesto que cada vez que haya recursos disponibles para ello vamos a hacer las gestiones para poder lograr un mejor entorno para todas las familias\u201d, afirm\u00f3<\/p>\n<p style=\"text-align: justify;\">Cabe recordar que el Programa de Mejoramiento de Viviendas y Barrios, que se rige por el Decreto Supremo N\u00b0 27, busca mejorar la calidad de vida de las familias que habitan en \u00e1reas o localidades urbanas de m\u00e1s de 5 mil habitantes. Se trata de subsidios que buscan facilitar la vida en comunidad a trav\u00e9s de obras de alta calidad que permitan solucionar d\u00e9ficits o recuperar lugares de encuentro para las familias.<\/p>\n<p style=\"text-align: justify;\">Es as\u00ed como a trav\u00e9s de este programa se pueden abordar proyectos para diferentes fines, como la construcci\u00f3n o mejoramiento de edificaciones comunitarias, la construcci\u00f3n y\/o mejoramiento de \u00e1reas verdes, la accesibilidad Universal para equipamiento comunitario y el mejoramiento mobiliario urbano, entre otros.<\/p>\n<\/div><\/section><\/div><div  style='height:50px' class='hr hr-invisible   avia-builder-el-6  el_after_av_one_full  el_before_av_social_share '><span class='hr-inner ' ><span class='hr-inner-style'><\/span><\/span><\/div><\/p>\n<div  class='av-social-sharing-box  avia-builder-el-7  el_after_av_hr  el_before_av_hr  '><div class='av-share-box'><h5 class='av-share-link-description av-no-toc '>Compartir esta noticia<\/h5><ul class='av-share-box-list noLightbox'><li class='av-share-link av-social-link-facebook' ><a target=\"_blank\" aria-label=\"Compartir en Facebook\" href='https:\/\/www.facebook.com\/sharer.php?u=https:\/\/radiorevelacionfm.cl\/?p=30035&#038;t=Constatan%20avances%20de%20obras%20que%20mejoran%20equipamiento%20comunitario%20y%20espacios%20p%C3%BAblicos%20de%20Puerto%20Ays%C3%A9n' aria-hidden='false' data-av_icon='\ue8f3' data-av_iconfont='entypo-fontello' title='' data-avia-related-tooltip='Compartir en Facebook' rel=\"noopener\"><span class='avia_hidden_link_text'>Compartir en Facebook<\/span><\/a><\/li><li class='av-share-link av-social-link-twitter' ><a target=\"_blank\" aria-label=\"Compartir en Twitter\" href='https:\/\/twitter.com\/share?text=Constatan%20avances%20de%20obras%20que%20mejoran%20equipamiento%20comunitario%20y%20espacios%20p%C3%BAblicos%20de%20Puerto%20Ays%C3%A9n&#038;url=https:\/\/radiorevelacionfm.cl\/?p=30035' aria-hidden='false' data-av_icon='\ue8f1' data-av_iconfont='entypo-fontello' title='' data-avia-related-tooltip='Compartir en Twitter' rel=\"noopener\"><span class='avia_hidden_link_text'>Compartir en Twitter<\/span><\/a><\/li><li class='av-share-link av-social-link-whatsapp' ><a target=\"_blank\" aria-label=\"Compartir en Whatsapp\" href='https:\/\/api.whatsapp.com\/send?text=https:\/\/radiorevelacionfm.cl\/?p=30035' aria-hidden='false' data-av_icon='\uf232' data-av_iconfont='entypo-fontello' title='' data-avia-related-tooltip='Compartir en Whatsapp' rel=\"noopener\"><span class='avia_hidden_link_text'>Compartir en Whatsapp<\/span><\/a><\/li><li class='av-share-link av-social-link-linkedin' ><a target=\"_blank\" aria-label=\"Compartir en LinkedIn\" href='https:\/\/linkedin.com\/shareArticle?mini=true&#038;title=Constatan%20avances%20de%20obras%20que%20mejoran%20equipamiento%20comunitario%20y%20espacios%20p%C3%BAblicos%20de%20Puerto%20Ays%C3%A9n&#038;url=https:\/\/radiorevelacionfm.cl\/?p=30035' aria-hidden='false' data-av_icon='\ue8fc' data-av_iconfont='entypo-fontello' title='' data-avia-related-tooltip='Compartir en LinkedIn' rel=\"noopener\"><span class='avia_hidden_link_text'>Compartir en LinkedIn<\/span><\/a><\/li><li class='av-share-link av-social-link-mail' ><a  aria-label=\"Compartir por correo\" href='mailto:?subject=Constatan%20avances%20de%20obras%20que%20mejoran%20equipamiento%20comunitario%20y%20espacios%20p%C3%BAblicos%20de%20Puerto%20Ays%C3%A9n&#038;body=https:\/\/radiorevelacionfm.cl\/?p=30035' aria-hidden='false' data-av_icon='\ue805' data-av_iconfont='entypo-fontello' title='' data-avia-related-tooltip='Compartir por correo'><span class='avia_hidden_link_text'>Compartir por correo<\/span><\/a><\/li><\/ul><\/div><\/div>\n<div  style='height:50px' class='hr hr-invisible   avia-builder-el-8  el_after_av_social_share  el_before_av_comments_list '><span class='hr-inner ' ><span class='hr-inner-style'><\/span><\/span><\/div>\n<div  class='av-buildercomment  av-blog-meta-html-info-disabled av-blog-meta-tag-disabled  '><\/div>\n","protected":false},"excerpt":{"rendered":"","protected":false},"author":1,"featured_media":30036,"comment_status":"open","ping_status":"open","sticky":false,"template":"","format":"standard","meta":{"footnotes":""},"categories":[57],"tags":[],"class_list":["post-30035","post","type-post","status-publish","format-standard","has-post-thumbnail","hentry","category-vivienda"],"jetpack_featured_media_url":"https:\/\/radiorevelacionfm.cl\/wp-content\/uploads\/2023\/04\/construccion-plazoleta-21-de-mayo-sector-la-balsa-1-1_optimized-1.jpg","_links":{"self":[{"href":"https:\/\/radiorevelacionfm.cl\/index.php?rest_route=\/wp\/v2\/posts\/30035","targetHints":{"allow":["GET"]}}],"collection":[{"href":"https:\/\/radiorevelacionfm.cl\/index.php?rest_route=\/wp\/v2\/posts"}],"about":[{"href":"https:\/\/radiorevelacionfm.cl\/index.php?rest_route=\/wp\/v2\/types\/post"}],"author":[{"embeddable":true,"href":"https:\/\/radiorevelacionfm.cl\/index.php?rest_route=\/wp\/v2\/users\/1"}],"replies":[{"embeddable":true,"href":"https:\/\/radiorevelacionfm.cl\/index.php?rest_route=%2Fwp%2Fv2%2Fcomments&post=30035"}],"version-history":[{"count":1,"href":"https:\/\/radiorevelacionfm.cl\/index.php?rest_route=\/wp\/v2\/posts\/30035\/revisions"}],"predecessor-version":[{"id":30037,"href":"https:\/\/radiorevelacionfm.cl\/index.php?rest_route=\/wp\/v2\/posts\/30035\/revisions\/30037"}],"wp:featuredmedia":[{"embeddable":true,"href":"https:\/\/radiorevelacionfm.cl\/index.php?rest_route=\/wp\/v2\/media\/30036"}],"wp:attachment":[{"href":"https:\/\/radiorevelacionfm.cl\/index.php?rest_route=%2Fwp%2Fv2%2Fmedia&parent=30035"}],"wp:term":[{"taxonomy":"category","embeddable":true,"href":"https:\/\/radiorevelacionfm.cl\/index.php?rest_route=%2Fwp%2Fv2%2Fcategories&post=30035"},{"taxonomy":"post_tag","embeddable":true,"href":"https:\/\/radiorevelacionfm.cl\/index.php?rest_route=%2Fwp%2Fv2%2Ftags&post=30035"}],"curies":[{"name":"wp","href":"https:\/\/api.w.org\/{rel}","templated":true}]}}