{"id":30032,"date":"2023-04-13T19:29:28","date_gmt":"2023-04-13T22:29:28","guid":{"rendered":"https:\/\/radiorevelacionfm.cl\/?p=30032"},"modified":"2023-04-13T19:29:28","modified_gmt":"2023-04-13T22:29:28","slug":"region-de-aysen-lidera-postulaciones-a-nivel-nacional-en-fondos-de-fortalecimiento-a-organizaciones-de-interes-publico","status":"publish","type":"post","link":"https:\/\/radiorevelacionfm.cl\/?p=30032","title":{"rendered":"Regi\u00f3n de Ays\u00e9n lidera postulaciones a nivel nacional en Fondos de Fortalecimiento a Organizaciones de Inter\u00e9s P\u00fablico"},"content":{"rendered":"<div class=\"flex_column av_one_full  flex_column_div av-zero-column-padding first  avia-builder-el-0  el_before_av_one_full  avia-builder-el-first  \" style='border-radius:0px; '><div  class='avia-image-container  av-styling-    avia-builder-el-1  avia-builder-el-no-sibling  avia-align-center '  itemprop=\"image\" itemscope=\"itemscope\" itemtype=\"https:\/\/schema.org\/ImageObject\"  ><div class='avia-image-container-inner'><div class='avia-image-overlay-wrap'><img decoding=\"async\" class='wp-image-30033 avia-img-lazy-loading-not-30033 avia_image' src=\"https:\/\/radiorevelacionfm.cl\/wp-content\/uploads\/2023\/04\/seremi_ffoip-1_optimized-1.jpeg\" alt='' title='seremi_ffoip-(1)_optimized (1)' height=\"600\" width=\"948\"  itemprop=\"thumbnailUrl\" srcset=\"https:\/\/radiorevelacionfm.cl\/wp-content\/uploads\/2023\/04\/seremi_ffoip-1_optimized-1.jpeg 948w, https:\/\/radiorevelacionfm.cl\/wp-content\/uploads\/2023\/04\/seremi_ffoip-1_optimized-1-300x190.jpeg 300w, https:\/\/radiorevelacionfm.cl\/wp-content\/uploads\/2023\/04\/seremi_ffoip-1_optimized-1-768x486.jpeg 768w, https:\/\/radiorevelacionfm.cl\/wp-content\/uploads\/2023\/04\/seremi_ffoip-1_optimized-1-705x446.jpeg 705w, https:\/\/radiorevelacionfm.cl\/wp-content\/uploads\/2023\/04\/seremi_ffoip-1_optimized-1-450x285.jpeg 450w, https:\/\/radiorevelacionfm.cl\/wp-content\/uploads\/2023\/04\/seremi_ffoip-1_optimized-1-600x380.jpeg 600w\" sizes=\"(max-width: 948px) 100vw, 948px\" \/><\/div><\/div><\/div><\/div><div class=\"flex_column av_one_full  flex_column_div av-zero-column-padding first  avia-builder-el-2  el_after_av_one_full  el_before_av_one_full  column-top-margin\" style='border-radius:0px; '><section class=\"av_textblock_section \"  itemscope=\"itemscope\" itemtype=\"https:\/\/schema.org\/BlogPosting\" itemprop=\"blogPost\" ><div class='avia_textblock  '   itemprop=\"text\" ><p style=\"text-align: center;\"><strong><span style=\"font-size: 18pt;\">Regi\u00f3n de Ays\u00e9n lidera postulaciones a nivel nacional en Fondos de Fortalecimiento a Organizaciones de Inter\u00e9s P\u00fablico<\/span><\/strong><\/p>\n<div id=\"gtx-trans\" style=\"position: absolute; left: -50px; top: 4.31534px;\">\n<div class=\"gtx-trans-icon\"><\/div>\n<\/div>\n<\/div><\/section><\/div><div class=\"flex_column av_one_full  flex_column_div av-zero-column-padding first  avia-builder-el-4  el_after_av_one_full  el_before_av_hr  column-top-margin\" style='border-radius:0px; '><section class=\"av_textblock_section \"  itemscope=\"itemscope\" itemtype=\"https:\/\/schema.org\/BlogPosting\" itemprop=\"blogPost\" ><div class='avia_textblock  '   itemprop=\"text\" ><p class=\"v1MsoNormal\" style=\"text-align: justify;\">Un exitoso proceso de postulaci\u00f3n obtuvieron los Fondos de Fortalecimiento de Organizaciones de Inter\u00e9s P\u00fablico (FFOIP), pertenecientes a la Secretaria General de Gobierno.<\/p>\n<p class=\"v1MsoNormal\" style=\"text-align: justify;\">Este a\u00f1o los Fondos de Fortalecimiento contaron con un financiamiento a nivel regional de $47.283.252 pesos designados para proyectos locales y $5.910.407 pesos para proyectos de car\u00e1cter regional (que involucren dos o m\u00e1s comunas de Ays\u00e9n).<\/p>\n<p class=\"v1MsoNormal\" style=\"text-align: justify;\">Cabe destacar que los FFOIP mantuvieron abiertas sus postulaciones desde el 1 de Marzo del presente a\u00f1o, hasta el 31 de marzo para las postulaciones en papel y hasta el pasado 10 de abril las postulaciones v\u00eda web.<\/p>\n<p class=\"v1MsoNormal\" style=\"text-align: justify;\">La vocera de gobierno, Tatiana Pla se refiri\u00f3 a la importancia de estas iniciativas para nuestra regi\u00f3n.<\/p>\n<p class=\"v1MsoNormal\" style=\"text-align: justify;\">\u00abLos Fondos de Fortalecimiento son una gran ayuda para nuestras organizaciones sociales de inter\u00e9s p\u00fablico; tambi\u00e9n hay que destacar la importante labor social de muchos de los proyectos que buscan impactar de manera positiva en la comunidad. Por esta raz\u00f3n, con el equipo multidisciplinario de la Seremi de Gobierno, \u00a0hemos trabajado ardua y tendidamente por llegar a cada rinc\u00f3n de nuestra regi\u00f3n. Esto se ve reflejado en las cifras que hoy vemos de proyectos postulados y en el reconocimiento que la propia comunidad les da a las iniciativas presentadas, que nacen de las propias necesidades\u00bb.<\/p>\n<p class=\"v1MsoNormal\" style=\"text-align: justify;\"><b>Aumento de postulaciones y proyectos a nivel regional<\/b><\/p>\n<p class=\"v1MsoNormal\" style=\"text-align: justify;\">Las cifras de proyectos presentados este a\u00f1o 2023, son reflejo del exitoso proceso de postulaci\u00f3n que se desarroll\u00f3 en la Regi\u00f3n de Ays\u00e9n, siendo \u00e9sta la que present\u00f3 una mayor alza porcentual en relaci\u00f3n al proceso del a\u00f1o pasado a nivel nacional, superando en un 107% el n\u00famero de postulaciones.<\/p>\n<p class=\"v1MsoNormal\" style=\"text-align: justify;\">Esto se debe al gran despliegue comunicativo y en terreno por parte de la Seremi de Gobierno, as\u00ed lo indica Benedicto Hueytra, encargado de la Unidad FFOIP de la regi\u00f3n. \u00abDesde la Seremi de Gobierno hemos desarrollado una importante labor de difusi\u00f3n, ya sea de manera presencial o virtual. Adem\u00e1s el trabajo constante con los dirigentes nos ha llevado a estar presentes en cada uno de los procesos de postulaci\u00f3n, lo que hace que estos fondos sean cada vez m\u00e1s conocidos.\u00bb<\/p>\n<p class=\"v1MsoNormal\" style=\"text-align: justify;\">Este aumento de postulaciones tambi\u00e9n se vio reflejado en un significativo n\u00famero de proyectos de car\u00e1cter regional, habiendo 17 iniciativas presentadas, en contraste de las 7 postuladas durante el 2022, siendo un aumento del 60%.<\/p>\n<p class=\"v1MsoNormal\" style=\"text-align: justify;\">Ahora los FFOIP est\u00e1n en desarrollo de su proceso de admisibilidad de las iniciativas presentadas, para posteriormente pasar al proceso de \u00a0evaluaci\u00f3n y adjudicaci\u00f3n, dando a conocer los proyectos ganadores.<\/p>\n<\/div><\/section><\/div><div  style='height:50px' class='hr hr-invisible   avia-builder-el-6  el_after_av_one_full  el_before_av_social_share '><span class='hr-inner ' ><span class='hr-inner-style'><\/span><\/span><\/div><\/p>\n<div  class='av-social-sharing-box  avia-builder-el-7  el_after_av_hr  el_before_av_hr  '><div class='av-share-box'><h5 class='av-share-link-description av-no-toc '>Compartir esta noticia<\/h5><ul class='av-share-box-list noLightbox'><li class='av-share-link av-social-link-facebook' ><a target=\"_blank\" aria-label=\"Compartir en Facebook\" href='https:\/\/www.facebook.com\/sharer.php?u=https:\/\/radiorevelacionfm.cl\/?p=30032&#038;t=Regi%C3%B3n%20de%20Ays%C3%A9n%20lidera%20postulaciones%20a%20nivel%20nacional%20en%20Fondos%20de%20Fortalecimiento%20a%20Organizaciones%20de%20Inter%C3%A9s%20P%C3%BAblico' aria-hidden='false' data-av_icon='\ue8f3' data-av_iconfont='entypo-fontello' title='' data-avia-related-tooltip='Compartir en Facebook' rel=\"noopener\"><span class='avia_hidden_link_text'>Compartir en Facebook<\/span><\/a><\/li><li class='av-share-link av-social-link-twitter' ><a target=\"_blank\" aria-label=\"Compartir en Twitter\" href='https:\/\/twitter.com\/share?text=Regi%C3%B3n%20de%20Ays%C3%A9n%20lidera%20postulaciones%20a%20nivel%20nacional%20en%20Fondos%20de%20Fortalecimiento%20a%20Organizaciones%20de%20Inter%C3%A9s%20P%C3%BAblico&#038;url=https:\/\/radiorevelacionfm.cl\/?p=30032' aria-hidden='false' data-av_icon='\ue8f1' data-av_iconfont='entypo-fontello' title='' data-avia-related-tooltip='Compartir en Twitter' rel=\"noopener\"><span class='avia_hidden_link_text'>Compartir en Twitter<\/span><\/a><\/li><li class='av-share-link av-social-link-whatsapp' ><a target=\"_blank\" aria-label=\"Compartir en Whatsapp\" href='https:\/\/api.whatsapp.com\/send?text=https:\/\/radiorevelacionfm.cl\/?p=30032' aria-hidden='false' data-av_icon='\uf232' data-av_iconfont='entypo-fontello' title='' data-avia-related-tooltip='Compartir en Whatsapp' rel=\"noopener\"><span class='avia_hidden_link_text'>Compartir en Whatsapp<\/span><\/a><\/li><li class='av-share-link av-social-link-linkedin' ><a target=\"_blank\" aria-label=\"Compartir en LinkedIn\" href='https:\/\/linkedin.com\/shareArticle?mini=true&#038;title=Regi%C3%B3n%20de%20Ays%C3%A9n%20lidera%20postulaciones%20a%20nivel%20nacional%20en%20Fondos%20de%20Fortalecimiento%20a%20Organizaciones%20de%20Inter%C3%A9s%20P%C3%BAblico&#038;url=https:\/\/radiorevelacionfm.cl\/?p=30032' aria-hidden='false' data-av_icon='\ue8fc' data-av_iconfont='entypo-fontello' title='' data-avia-related-tooltip='Compartir en LinkedIn' rel=\"noopener\"><span class='avia_hidden_link_text'>Compartir en LinkedIn<\/span><\/a><\/li><li class='av-share-link av-social-link-mail' ><a  aria-label=\"Compartir por correo\" href='mailto:?subject=Regi%C3%B3n%20de%20Ays%C3%A9n%20lidera%20postulaciones%20a%20nivel%20nacional%20en%20Fondos%20de%20Fortalecimiento%20a%20Organizaciones%20de%20Inter%C3%A9s%20P%C3%BAblico&#038;body=https:\/\/radiorevelacionfm.cl\/?p=30032' aria-hidden='false' data-av_icon='\ue805' data-av_iconfont='entypo-fontello' title='' data-avia-related-tooltip='Compartir por correo'><span class='avia_hidden_link_text'>Compartir por correo<\/span><\/a><\/li><\/ul><\/div><\/div>\n<div  style='height:50px' class='hr hr-invisible   avia-builder-el-8  el_after_av_social_share  el_before_av_comments_list '><span class='hr-inner ' ><span class='hr-inner-style'><\/span><\/span><\/div>\n<div  class='av-buildercomment  av-blog-meta-html-info-disabled av-blog-meta-tag-disabled  '><\/div>\n","protected":false},"excerpt":{"rendered":"","protected":false},"author":1,"featured_media":30033,"comment_status":"open","ping_status":"open","sticky":false,"template":"","format":"standard","meta":{"footnotes":""},"categories":[38],"tags":[],"class_list":["post-30032","post","type-post","status-publish","format-standard","has-post-thumbnail","hentry","category-regional"],"jetpack_featured_media_url":"https:\/\/radiorevelacionfm.cl\/wp-content\/uploads\/2023\/04\/seremi_ffoip-1_optimized-1.jpeg","_links":{"self":[{"href":"https:\/\/radiorevelacionfm.cl\/index.php?rest_route=\/wp\/v2\/posts\/30032","targetHints":{"allow":["GET"]}}],"collection":[{"href":"https:\/\/radiorevelacionfm.cl\/index.php?rest_route=\/wp\/v2\/posts"}],"about":[{"href":"https:\/\/radiorevelacionfm.cl\/index.php?rest_route=\/wp\/v2\/types\/post"}],"author":[{"embeddable":true,"href":"https:\/\/radiorevelacionfm.cl\/index.php?rest_route=\/wp\/v2\/users\/1"}],"replies":[{"embeddable":true,"href":"https:\/\/radiorevelacionfm.cl\/index.php?rest_route=%2Fwp%2Fv2%2Fcomments&post=30032"}],"version-history":[{"count":1,"href":"https:\/\/radiorevelacionfm.cl\/index.php?rest_route=\/wp\/v2\/posts\/30032\/revisions"}],"predecessor-version":[{"id":30034,"href":"https:\/\/radiorevelacionfm.cl\/index.php?rest_route=\/wp\/v2\/posts\/30032\/revisions\/30034"}],"wp:featuredmedia":[{"embeddable":true,"href":"https:\/\/radiorevelacionfm.cl\/index.php?rest_route=\/wp\/v2\/media\/30033"}],"wp:attachment":[{"href":"https:\/\/radiorevelacionfm.cl\/index.php?rest_route=%2Fwp%2Fv2%2Fmedia&parent=30032"}],"wp:term":[{"taxonomy":"category","embeddable":true,"href":"https:\/\/radiorevelacionfm.cl\/index.php?rest_route=%2Fwp%2Fv2%2Fcategories&post=30032"},{"taxonomy":"post_tag","embeddable":true,"href":"https:\/\/radiorevelacionfm.cl\/index.php?rest_route=%2Fwp%2Fv2%2Ftags&post=30032"}],"curies":[{"name":"wp","href":"https:\/\/api.w.org\/{rel}","templated":true}]}}