{"id":30024,"date":"2023-04-13T17:01:40","date_gmt":"2023-04-13T20:01:40","guid":{"rendered":"https:\/\/radiorevelacionfm.cl\/?p=30024"},"modified":"2023-04-13T17:01:40","modified_gmt":"2023-04-13T20:01:40","slug":"desde-el-14-al-29-de-abril-companias-de-teatro-se-presentaran-en-rio-ibanez-y-cochrane","status":"publish","type":"post","link":"https:\/\/radiorevelacionfm.cl\/?p=30024","title":{"rendered":"Desde el 14 al 29 de abril, compa\u00f1\u00edas de teatro se presentar\u00e1n en R\u00edo Ib\u00e1\u00f1ez y Cochrane"},"content":{"rendered":"<div class=\"flex_column av_one_full  flex_column_div av-zero-column-padding first  avia-builder-el-0  el_before_av_one_full  avia-builder-el-first  \" style='border-radius:0px; '><div  class='avia-image-container  av-styling-    avia-builder-el-1  avia-builder-el-no-sibling  avia-align-center '  itemprop=\"image\" itemscope=\"itemscope\" itemtype=\"https:\/\/schema.org\/ImageObject\"  ><div class='avia-image-container-inner'><div class='avia-image-overlay-wrap'><img decoding=\"async\" class='wp-image-30027 avia-img-lazy-loading-not-30027 avia_image' src=\"https:\/\/radiorevelacionfm.cl\/wp-content\/uploads\/2023\/04\/teatro2-1_optimized-1.jpg\" alt='' title='teatro2-(1)_optimized (1)' height=\"600\" width=\"823\"  itemprop=\"thumbnailUrl\" srcset=\"https:\/\/radiorevelacionfm.cl\/wp-content\/uploads\/2023\/04\/teatro2-1_optimized-1.jpg 823w, https:\/\/radiorevelacionfm.cl\/wp-content\/uploads\/2023\/04\/teatro2-1_optimized-1-300x219.jpg 300w, https:\/\/radiorevelacionfm.cl\/wp-content\/uploads\/2023\/04\/teatro2-1_optimized-1-768x560.jpg 768w, https:\/\/radiorevelacionfm.cl\/wp-content\/uploads\/2023\/04\/teatro2-1_optimized-1-705x514.jpg 705w, https:\/\/radiorevelacionfm.cl\/wp-content\/uploads\/2023\/04\/teatro2-1_optimized-1-450x328.jpg 450w, https:\/\/radiorevelacionfm.cl\/wp-content\/uploads\/2023\/04\/teatro2-1_optimized-1-600x437.jpg 600w\" sizes=\"(max-width: 823px) 100vw, 823px\" \/><\/div><\/div><\/div><\/div><div class=\"flex_column av_one_full  flex_column_div av-zero-column-padding first  avia-builder-el-2  el_after_av_one_full  el_before_av_one_full  column-top-margin\" style='border-radius:0px; '><section class=\"av_textblock_section \"  itemscope=\"itemscope\" itemtype=\"https:\/\/schema.org\/BlogPosting\" itemprop=\"blogPost\" ><div class='avia_textblock  '   itemprop=\"text\" ><p style=\"text-align: center;\"><span style=\"font-size: 18pt;\"><strong>Desde el 14 al 29 de abril, compa\u00f1\u00edas de teatro se presentar\u00e1n en R\u00edo Ib\u00e1\u00f1ez y Cochrane<\/strong><\/span><\/p>\n<div id=\"gtx-trans\" style=\"position: absolute; left: -50px; top: 4.31534px;\">\n<div class=\"gtx-trans-icon\"><\/div>\n<\/div>\n<\/div><\/section><\/div><\/p>\n<div class=\"flex_column av_one_full  flex_column_div av-zero-column-padding first  avia-builder-el-4  el_after_av_one_full  el_before_av_hr  column-top-margin\" style='border-radius:0px; '><section class=\"av_textblock_section \"  itemscope=\"itemscope\" itemtype=\"https:\/\/schema.org\/BlogPosting\" itemprop=\"blogPost\" ><div class='avia_textblock  '   itemprop=\"text\" ><p style=\"text-align: justify;\">Con el objetivo de llevar el teatro a diferentes comunas de la regi\u00f3n, la organizaci\u00f3n cultural comunitaria Malotun realizar\u00e1, durante el mes de abril, la \u201cItinerancia de Oto\u00f1o 2023\u201d, actividad perteneciente a la programaci\u00f3n del festival de teatro Patagonia en Escena; iniciativa que ha logrado posicionar a la Regi\u00f3n de Ays\u00e9n como uno de los destinos del teatro a nivel nacional.<\/p>\n<p style=\"text-align: justify;\">Ver\u00f3nica Ibieta, directora del festival \u201cPatagonia en Escena\u201d, indic\u00f3: \u201cEsta es una importante iniciativa de trabajo colaborativo, en la que gracias al financiamiento del Ministerio de las Culturas, se involucran compa\u00f1\u00edas, organizaciones culturales, municipios y voluntarios para acercar la creaci\u00f3n regional de artes esc\u00e9nicas a las comunidades de Puerto Ib\u00e1\u00f1ez y Cochrane. En esta \u00faltima comuna, nos presentaremos por primera vez como festival, lo que es una hermosa oportunidad de aportar a la descentralizaci\u00f3n de las artes en Ays\u00e9n.<\/p>\n<p style=\"text-align: justify;\"><strong>Obras y compa\u00f1\u00edas<\/strong><\/p>\n<p style=\"text-align: justify;\">Este a\u00f1o, las obras ser\u00e1n \u201cLas aventuras de Mar\u00eda y Juancito\u201d, de la compa\u00f1\u00eda Vuelo Teatro; \u201cAire\u201d, de Teatro Huevo; Cuentacuentos, con Leila Nates; y \u201cEl acorde\u00f3n rojo de don Melchor\u201d, a cargo de Ramillete Clown. Todas las funciones ser\u00e1n de manera presencial y gratuitas, enfocadas en un p\u00fablico principalmente familiar.<\/p>\n<p style=\"text-align: justify;\"><strong>Trabajo colaborativo<\/strong><\/p>\n<p style=\"text-align: justify;\">Ver\u00f3nica Ibieta agradeci\u00f3 el apoyo e inter\u00e9s de la Municipalidad de Cochrane; el colectivo Chelkenue, de la misma localidad; la Municipalidad de R\u00edo Ib\u00e1\u00f1ez; y la Agrupaci\u00f3n Sinfon\u00eda del Viento, tambi\u00e9n de Puerto Ib\u00e1\u00f1ez; quienes se suman al trabajo colaborativo para la presentaci\u00f3n de cada una de las obras.<\/p>\n<p style=\"text-align: justify;\">La iniciativa es cofinanciada por el Fondo Nacional de Fomento y Desarrollo de las Artes Esc\u00e9nicas y por el Programa de Apoyo a Otras Organizaciones Colaboradoras, del Ministerio de las Culturas, las Artes y el Patrimonio.<\/p>\n<\/div><\/section><\/div>\n<div  style='height:50px' class='hr hr-invisible   avia-builder-el-6  el_after_av_one_full  el_before_av_social_share '><span class='hr-inner ' ><span class='hr-inner-style'><\/span><\/span><\/div>\n<div  class='av-social-sharing-box  avia-builder-el-7  el_after_av_hr  el_before_av_hr  '><div class='av-share-box'><h5 class='av-share-link-description av-no-toc '>Compartir esta noticia<\/h5><ul class='av-share-box-list noLightbox'><li class='av-share-link av-social-link-facebook' ><a target=\"_blank\" aria-label=\"Compartir en Facebook\" href='https:\/\/www.facebook.com\/sharer.php?u=https:\/\/radiorevelacionfm.cl\/?p=30024&#038;t=Desde%20el%2014%20al%2029%20de%20abril%2C%20compa%C3%B1%C3%ADas%20de%20teatro%20se%20presentar%C3%A1n%20en%20R%C3%ADo%20Ib%C3%A1%C3%B1ez%20y%20Cochrane' aria-hidden='false' data-av_icon='\ue8f3' data-av_iconfont='entypo-fontello' title='' data-avia-related-tooltip='Compartir en Facebook' rel=\"noopener\"><span class='avia_hidden_link_text'>Compartir en Facebook<\/span><\/a><\/li><li class='av-share-link av-social-link-twitter' ><a target=\"_blank\" aria-label=\"Compartir en Twitter\" href='https:\/\/twitter.com\/share?text=Desde%20el%2014%20al%2029%20de%20abril%2C%20compa%C3%B1%C3%ADas%20de%20teatro%20se%20presentar%C3%A1n%20en%20R%C3%ADo%20Ib%C3%A1%C3%B1ez%20y%20Cochrane&#038;url=https:\/\/radiorevelacionfm.cl\/?p=30024' aria-hidden='false' data-av_icon='\ue8f1' data-av_iconfont='entypo-fontello' title='' data-avia-related-tooltip='Compartir en Twitter' rel=\"noopener\"><span class='avia_hidden_link_text'>Compartir en Twitter<\/span><\/a><\/li><li class='av-share-link av-social-link-whatsapp' ><a target=\"_blank\" aria-label=\"Compartir en Whatsapp\" href='https:\/\/api.whatsapp.com\/send?text=https:\/\/radiorevelacionfm.cl\/?p=30024' aria-hidden='false' data-av_icon='\uf232' data-av_iconfont='entypo-fontello' title='' data-avia-related-tooltip='Compartir en Whatsapp' rel=\"noopener\"><span class='avia_hidden_link_text'>Compartir en Whatsapp<\/span><\/a><\/li><li class='av-share-link av-social-link-linkedin' ><a target=\"_blank\" aria-label=\"Compartir en LinkedIn\" href='https:\/\/linkedin.com\/shareArticle?mini=true&#038;title=Desde%20el%2014%20al%2029%20de%20abril%2C%20compa%C3%B1%C3%ADas%20de%20teatro%20se%20presentar%C3%A1n%20en%20R%C3%ADo%20Ib%C3%A1%C3%B1ez%20y%20Cochrane&#038;url=https:\/\/radiorevelacionfm.cl\/?p=30024' aria-hidden='false' data-av_icon='\ue8fc' data-av_iconfont='entypo-fontello' title='' data-avia-related-tooltip='Compartir en LinkedIn' rel=\"noopener\"><span class='avia_hidden_link_text'>Compartir en LinkedIn<\/span><\/a><\/li><li class='av-share-link av-social-link-mail' ><a  aria-label=\"Compartir por correo\" href='mailto:?subject=Desde%20el%2014%20al%2029%20de%20abril%2C%20compa%C3%B1%C3%ADas%20de%20teatro%20se%20presentar%C3%A1n%20en%20R%C3%ADo%20Ib%C3%A1%C3%B1ez%20y%20Cochrane&#038;body=https:\/\/radiorevelacionfm.cl\/?p=30024' aria-hidden='false' data-av_icon='\ue805' data-av_iconfont='entypo-fontello' title='' data-avia-related-tooltip='Compartir por correo'><span class='avia_hidden_link_text'>Compartir por correo<\/span><\/a><\/li><\/ul><\/div><\/div>\n<div  style='height:50px' class='hr hr-invisible   avia-builder-el-8  el_after_av_social_share  el_before_av_comments_list '><span class='hr-inner ' ><span class='hr-inner-style'><\/span><\/span><\/div>\n<div  class='av-buildercomment  av-blog-meta-html-info-disabled av-blog-meta-tag-disabled  '><\/div>\n","protected":false},"excerpt":{"rendered":"","protected":false},"author":1,"featured_media":30027,"comment_status":"open","ping_status":"open","sticky":false,"template":"","format":"standard","meta":{"footnotes":""},"categories":[52],"tags":[],"class_list":["post-30024","post","type-post","status-publish","format-standard","has-post-thumbnail","hentry","category-cultura"],"jetpack_featured_media_url":"https:\/\/radiorevelacionfm.cl\/wp-content\/uploads\/2023\/04\/teatro2-1_optimized-1.jpg","_links":{"self":[{"href":"https:\/\/radiorevelacionfm.cl\/index.php?rest_route=\/wp\/v2\/posts\/30024","targetHints":{"allow":["GET"]}}],"collection":[{"href":"https:\/\/radiorevelacionfm.cl\/index.php?rest_route=\/wp\/v2\/posts"}],"about":[{"href":"https:\/\/radiorevelacionfm.cl\/index.php?rest_route=\/wp\/v2\/types\/post"}],"author":[{"embeddable":true,"href":"https:\/\/radiorevelacionfm.cl\/index.php?rest_route=\/wp\/v2\/users\/1"}],"replies":[{"embeddable":true,"href":"https:\/\/radiorevelacionfm.cl\/index.php?rest_route=%2Fwp%2Fv2%2Fcomments&post=30024"}],"version-history":[{"count":2,"href":"https:\/\/radiorevelacionfm.cl\/index.php?rest_route=\/wp\/v2\/posts\/30024\/revisions"}],"predecessor-version":[{"id":30028,"href":"https:\/\/radiorevelacionfm.cl\/index.php?rest_route=\/wp\/v2\/posts\/30024\/revisions\/30028"}],"wp:featuredmedia":[{"embeddable":true,"href":"https:\/\/radiorevelacionfm.cl\/index.php?rest_route=\/wp\/v2\/media\/30027"}],"wp:attachment":[{"href":"https:\/\/radiorevelacionfm.cl\/index.php?rest_route=%2Fwp%2Fv2%2Fmedia&parent=30024"}],"wp:term":[{"taxonomy":"category","embeddable":true,"href":"https:\/\/radiorevelacionfm.cl\/index.php?rest_route=%2Fwp%2Fv2%2Fcategories&post=30024"},{"taxonomy":"post_tag","embeddable":true,"href":"https:\/\/radiorevelacionfm.cl\/index.php?rest_route=%2Fwp%2Fv2%2Ftags&post=30024"}],"curies":[{"name":"wp","href":"https:\/\/api.w.org\/{rel}","templated":true}]}}