{"id":30021,"date":"2023-04-14T21:35:37","date_gmt":"2023-04-15T00:35:37","guid":{"rendered":"https:\/\/radiorevelacionfm.cl\/?p=30021"},"modified":"2023-04-14T21:46:42","modified_gmt":"2023-04-15T00:46:42","slug":"en-el-establecimiento-nieves-del-sur-edelaysen-inicio-programa-escuela-con-energia","status":"publish","type":"post","link":"https:\/\/radiorevelacionfm.cl\/?p=30021","title":{"rendered":"En el establecimiento Nieves del Sur, Edelaysen inici\u00f3 programa \u201cEscuela con Energ\u00eda\u201d"},"content":{"rendered":"<div class=\"flex_column av_one_full  flex_column_div av-zero-column-padding first  avia-builder-el-0  el_before_av_one_full  avia-builder-el-first  \" style='border-radius:0px; '><div  class='avia-image-container  av-styling-    avia-builder-el-1  avia-builder-el-no-sibling  avia-align-center '  itemprop=\"image\" itemscope=\"itemscope\" itemtype=\"https:\/\/schema.org\/ImageObject\"  ><div class='avia-image-container-inner'><div class='avia-image-overlay-wrap'><img decoding=\"async\" class='wp-image-30022 avia-img-lazy-loading-not-30022 avia_image' src=\"https:\/\/radiorevelacionfm.cl\/wp-content\/uploads\/2023\/04\/escuelas-con-energia-1_optimized.jpg\" alt='' title='escuelas-con-energia-(1)_optimized' height=\"600\" width=\"886\"  itemprop=\"thumbnailUrl\" srcset=\"https:\/\/radiorevelacionfm.cl\/wp-content\/uploads\/2023\/04\/escuelas-con-energia-1_optimized.jpg 886w, https:\/\/radiorevelacionfm.cl\/wp-content\/uploads\/2023\/04\/escuelas-con-energia-1_optimized-300x203.jpg 300w, https:\/\/radiorevelacionfm.cl\/wp-content\/uploads\/2023\/04\/escuelas-con-energia-1_optimized-768x520.jpg 768w, https:\/\/radiorevelacionfm.cl\/wp-content\/uploads\/2023\/04\/escuelas-con-energia-1_optimized-705x477.jpg 705w, https:\/\/radiorevelacionfm.cl\/wp-content\/uploads\/2023\/04\/escuelas-con-energia-1_optimized-450x305.jpg 450w, https:\/\/radiorevelacionfm.cl\/wp-content\/uploads\/2023\/04\/escuelas-con-energia-1_optimized-600x406.jpg 600w\" sizes=\"(max-width: 886px) 100vw, 886px\" \/><\/div><\/div><\/div><\/div>\n<div class=\"flex_column av_one_full  flex_column_div av-zero-column-padding first  avia-builder-el-2  el_after_av_one_full  el_before_av_one_full  column-top-margin\" style='border-radius:0px; '><section class=\"av_textblock_section \"  itemscope=\"itemscope\" itemtype=\"https:\/\/schema.org\/BlogPosting\" itemprop=\"blogPost\" ><div class='avia_textblock  '   itemprop=\"text\" ><p style=\"text-align: center;\"><span style=\"font-size: 18pt;\"><strong>En el establecimiento Nieves del Sur, <\/strong><strong>Edelaysen inici\u00f3 programa \u201cEscuela con Energ\u00eda\u201d<\/strong><\/span><\/p>\n<div id=\"gtx-trans\" style=\"position: absolute; left: -50px; top: 4.31534px;\">\n<div class=\"gtx-trans-icon\"><\/div>\n<\/div>\n<\/div><\/section><\/div><div class=\"flex_column av_one_full  flex_column_div av-zero-column-padding first  avia-builder-el-4  el_after_av_one_full  el_before_av_hr  column-top-margin\" style='border-radius:0px; '><section class=\"av_textblock_section \"  itemscope=\"itemscope\" itemtype=\"https:\/\/schema.org\/BlogPosting\" itemprop=\"blogPost\" ><div class='avia_textblock  '   itemprop=\"text\" ><p style=\"text-align: justify;\">Con el a\u00f1o acad\u00e9mico en curso, Edelaysen comenz\u00f3 el recorrido que abarcar\u00e1 distintas escuelas de la regi\u00f3n para entregar \u00fatiles escolares a ni\u00f1os y ni\u00f1as, gracias a este programa de vinculaci\u00f3n con la comunidad.<\/p>\n<p style=\"text-align: justify;\">Fue la escuela Nieves del Sur en Coyhaique la elegida para dar el punta pie inicial a este programa que tiene como prop\u00f3sito apoyar con material educativo a cada estudiante, entregando consejos de ahorro de energ\u00eda a la comunidad escolar.<\/p>\n<p style=\"text-align: justify;\">El director de la Escuela, Fabi\u00e1n Mu\u00f1oz manifest\u00f3 su agradecimiento con la distribuidora y se\u00f1al\u00f3 que: \u201cComo escuela Nieves del Sur, estamos agradecidos de la gesti\u00f3n de Edelaysen por venir a estar presente con nuestros ni\u00f1os m\u00e1s all\u00e1 de las actividades, para ellos es una alegr\u00eda el hecho de dar y recibir un poco de atenci\u00f3n, que est\u00e9 presente. Y para nosotros es una alegr\u00eda tambi\u00e9n saber que de aqu\u00ed en adelante formamos una red con Edelaysen ya que Nieves del Sur justamente trabaja de esa forma, con redes y de esa forma hemos construido tambi\u00e9n y hemos logrado muchos aportes para nuestros ni\u00f1os que no siempre va en lo material sino que tambi\u00e9n en un poco de cari\u00f1o que siempre es tan bienvenido\u201d.<\/p>\n<p style=\"text-align: justify;\">Por su parte, el jefe de Servicio al Cliente de Edelaysen, Patricio Raimilla destac\u00f3 que \u201ccomo empresa nos llena de alegr\u00eda poder compartir con la comunidad escolar el inicio de a\u00f1o con la entrega de mochilas y \u00fatiles escolares a ni\u00f1os de distintas escuelas, porque entendemos que nuestra misi\u00f3n va m\u00e1s all\u00e1 de entregar un servicio el\u00e9ctrico confiable. Adem\u00e1s, gracias a este programa entregaremos consejos para ahorrar energ\u00eda durante todo el a\u00f1o\u201d.<\/p>\n<p style=\"text-align: justify;\">Este recorrido que realiza personal de Edelaysen por establecimientos educacionales se extender\u00e1 por el mes de abril e incluye visitar diversas escuelas en distintas comunas y localidades de la regi\u00f3n. Este programa naci\u00f3 el 2011, y desde hace 12 a\u00f1os ha beneficiado a 486 escuelas y m\u00e1s de 20 mil estudiantes en toda la zona de operaci\u00f3n, desde \u00d1uble a Coyhaique y para este a\u00f1o, alcanzando la zona m\u00e1s austral de Ays\u00e9n en Villa O\u2019Higgins.<\/p>\n<\/div><\/section><\/div><\/p>\n<div  style='height:50px' class='hr hr-invisible   avia-builder-el-6  el_after_av_one_full  el_before_av_social_share '><span class='hr-inner ' ><span class='hr-inner-style'><\/span><\/span><\/div>\n<div  class='av-social-sharing-box  avia-builder-el-7  el_after_av_hr  el_before_av_hr  '><div class='av-share-box'><h5 class='av-share-link-description av-no-toc '>Compartir esta noticia<\/h5><ul class='av-share-box-list noLightbox'><li class='av-share-link av-social-link-facebook' ><a target=\"_blank\" aria-label=\"Compartir en Facebook\" href='https:\/\/www.facebook.com\/sharer.php?u=https:\/\/radiorevelacionfm.cl\/?p=30021&#038;t=En%20el%20establecimiento%20Nieves%20del%20Sur%2C%20Edelaysen%20inici%C3%B3%20programa%20%E2%80%9CEscuela%20con%20Energ%C3%ADa%E2%80%9D' aria-hidden='false' data-av_icon='\ue8f3' data-av_iconfont='entypo-fontello' title='' data-avia-related-tooltip='Compartir en Facebook' rel=\"noopener\"><span class='avia_hidden_link_text'>Compartir en Facebook<\/span><\/a><\/li><li class='av-share-link av-social-link-twitter' ><a target=\"_blank\" aria-label=\"Compartir en Twitter\" href='https:\/\/twitter.com\/share?text=En%20el%20establecimiento%20Nieves%20del%20Sur%2C%20Edelaysen%20inici%C3%B3%20programa%20%E2%80%9CEscuela%20con%20Energ%C3%ADa%E2%80%9D&#038;url=https:\/\/radiorevelacionfm.cl\/?p=30021' aria-hidden='false' data-av_icon='\ue8f1' data-av_iconfont='entypo-fontello' title='' data-avia-related-tooltip='Compartir en Twitter' rel=\"noopener\"><span class='avia_hidden_link_text'>Compartir en Twitter<\/span><\/a><\/li><li class='av-share-link av-social-link-whatsapp' ><a target=\"_blank\" aria-label=\"Compartir en Whatsapp\" href='https:\/\/api.whatsapp.com\/send?text=https:\/\/radiorevelacionfm.cl\/?p=30021' aria-hidden='false' data-av_icon='\uf232' data-av_iconfont='entypo-fontello' title='' data-avia-related-tooltip='Compartir en Whatsapp' rel=\"noopener\"><span class='avia_hidden_link_text'>Compartir en Whatsapp<\/span><\/a><\/li><li class='av-share-link av-social-link-linkedin' ><a target=\"_blank\" aria-label=\"Compartir en LinkedIn\" href='https:\/\/linkedin.com\/shareArticle?mini=true&#038;title=En%20el%20establecimiento%20Nieves%20del%20Sur%2C%20Edelaysen%20inici%C3%B3%20programa%20%E2%80%9CEscuela%20con%20Energ%C3%ADa%E2%80%9D&#038;url=https:\/\/radiorevelacionfm.cl\/?p=30021' aria-hidden='false' data-av_icon='\ue8fc' data-av_iconfont='entypo-fontello' title='' data-avia-related-tooltip='Compartir en LinkedIn' rel=\"noopener\"><span class='avia_hidden_link_text'>Compartir en LinkedIn<\/span><\/a><\/li><li class='av-share-link av-social-link-mail' ><a  aria-label=\"Compartir por correo\" href='mailto:?subject=En%20el%20establecimiento%20Nieves%20del%20Sur%2C%20Edelaysen%20inici%C3%B3%20programa%20%E2%80%9CEscuela%20con%20Energ%C3%ADa%E2%80%9D&#038;body=https:\/\/radiorevelacionfm.cl\/?p=30021' aria-hidden='false' data-av_icon='\ue805' data-av_iconfont='entypo-fontello' title='' data-avia-related-tooltip='Compartir por correo'><span class='avia_hidden_link_text'>Compartir por correo<\/span><\/a><\/li><\/ul><\/div><\/div>\n<div  style='height:50px' class='hr hr-invisible   avia-builder-el-8  el_after_av_social_share  el_before_av_comments_list '><span class='hr-inner ' ><span class='hr-inner-style'><\/span><\/span><\/div>\n<div  class='av-buildercomment  av-blog-meta-html-info-disabled av-blog-meta-tag-disabled  '><\/div>\n","protected":false},"excerpt":{"rendered":"","protected":false},"author":1,"featured_media":30022,"comment_status":"open","ping_status":"open","sticky":false,"template":"","format":"standard","meta":{"footnotes":""},"categories":[38],"tags":[],"class_list":["post-30021","post","type-post","status-publish","format-standard","has-post-thumbnail","hentry","category-regional"],"jetpack_featured_media_url":"https:\/\/radiorevelacionfm.cl\/wp-content\/uploads\/2023\/04\/escuelas-con-energia-1_optimized.jpg","_links":{"self":[{"href":"https:\/\/radiorevelacionfm.cl\/index.php?rest_route=\/wp\/v2\/posts\/30021","targetHints":{"allow":["GET"]}}],"collection":[{"href":"https:\/\/radiorevelacionfm.cl\/index.php?rest_route=\/wp\/v2\/posts"}],"about":[{"href":"https:\/\/radiorevelacionfm.cl\/index.php?rest_route=\/wp\/v2\/types\/post"}],"author":[{"embeddable":true,"href":"https:\/\/radiorevelacionfm.cl\/index.php?rest_route=\/wp\/v2\/users\/1"}],"replies":[{"embeddable":true,"href":"https:\/\/radiorevelacionfm.cl\/index.php?rest_route=%2Fwp%2Fv2%2Fcomments&post=30021"}],"version-history":[{"count":3,"href":"https:\/\/radiorevelacionfm.cl\/index.php?rest_route=\/wp\/v2\/posts\/30021\/revisions"}],"predecessor-version":[{"id":30088,"href":"https:\/\/radiorevelacionfm.cl\/index.php?rest_route=\/wp\/v2\/posts\/30021\/revisions\/30088"}],"wp:featuredmedia":[{"embeddable":true,"href":"https:\/\/radiorevelacionfm.cl\/index.php?rest_route=\/wp\/v2\/media\/30022"}],"wp:attachment":[{"href":"https:\/\/radiorevelacionfm.cl\/index.php?rest_route=%2Fwp%2Fv2%2Fmedia&parent=30021"}],"wp:term":[{"taxonomy":"category","embeddable":true,"href":"https:\/\/radiorevelacionfm.cl\/index.php?rest_route=%2Fwp%2Fv2%2Fcategories&post=30021"},{"taxonomy":"post_tag","embeddable":true,"href":"https:\/\/radiorevelacionfm.cl\/index.php?rest_route=%2Fwp%2Fv2%2Ftags&post=30021"}],"curies":[{"name":"wp","href":"https:\/\/api.w.org\/{rel}","templated":true}]}}