{"id":3002,"date":"2021-02-27T12:30:21","date_gmt":"2021-02-27T15:30:21","guid":{"rendered":"https:\/\/radiorevelacionfm.cl\/?p=3002"},"modified":"2021-02-27T12:30:21","modified_gmt":"2021-02-27T15:30:21","slug":"permisos-de-circulacion-2021-municipio-de-aysen-llama-a-realizar-pago-oportuno-priorizando-el-uso-de-plataforma-digital","status":"publish","type":"post","link":"https:\/\/radiorevelacionfm.cl\/?p=3002","title":{"rendered":"Permisos de Circulaci\u00f3n 2021: Municipio de Ays\u00e9n llama a realizar pago oportuno priorizando el uso de plataforma digital"},"content":{"rendered":"<div class=\"flex_column av_one_full  flex_column_div av-zero-column-padding first  avia-builder-el-0  el_before_av_one_full  avia-builder-el-first  \" style='border-radius:0px; '><div  class='avia-image-container  av-styling-    avia-builder-el-1  avia-builder-el-no-sibling  avia-align-center '  itemprop=\"image\" itemscope=\"itemscope\" itemtype=\"https:\/\/schema.org\/ImageObject\"  ><div class='avia-image-container-inner'><div class='avia-image-overlay-wrap'><img decoding=\"async\" class='wp-image-0 avia-img-lazy-loading-not-0 avia_image' src=\"https:\/\/radiorevelacionfm.cl\/wp-content\/uploads\/2021\/02\/permiso-circulacion1.jpg\" alt='' title=''   itemprop=\"thumbnailUrl\"  \/><\/div><\/div><\/div><\/div>\n<div class=\"flex_column av_one_full  flex_column_div av-zero-column-padding first  avia-builder-el-2  el_after_av_one_full  el_before_av_one_full  column-top-margin\" style='border-radius:0px; '><section class=\"av_textblock_section \"  itemscope=\"itemscope\" itemtype=\"https:\/\/schema.org\/BlogPosting\" itemprop=\"blogPost\" ><div class='avia_textblock  '   itemprop=\"text\" ><p style=\"text-align: center;\"><strong><span style=\"font-size: 18pt;\"> Permisos de Circulaci\u00f3n 2021: Municipio de Ays\u00e9n llama a realizar pago oportuno priorizando el uso de plataforma digital<\/span><\/strong><\/p>\n<div id=\"gtx-trans\" style=\"position: absolute; left: -50px; top: 4.31534px;\">\n<div class=\"gtx-trans-icon\"><\/div>\n<\/div>\n<\/div><\/section><\/div><div class=\"flex_column av_one_full  flex_column_div av-zero-column-padding first  avia-builder-el-4  el_after_av_one_full  el_before_av_hr  column-top-margin\" style='border-radius:0px; '><section class=\"av_textblock_section \"  itemscope=\"itemscope\" itemtype=\"https:\/\/schema.org\/BlogPosting\" itemprop=\"blogPost\" ><div class='avia_textblock  '   itemprop=\"text\" ><p style=\"text-align: justify;\">Con motivo de evitar aglomeraciones para prevenir los contagios por coronavirus, la Direcci\u00f3n de Tr\u00e1nsito y Transporte P\u00fablico de la Ilustre Municipalidad de Ays\u00e9n invita a los vecinos y vecinas de la comuna, propietarios de veh\u00edculos livianos, a realizar el pago del Permiso de Circulaci\u00f3n del a\u00f1o 2021. Prefiriendo para estos efectos la plataforma dispuesta en el sitio web del municipio <a href=\"http:\/\/www.puertoaysen.cl\">www.puertoaysen.cl<\/a> o en caso contrario, dirigirse hasta la Casa Edilicia (Esmeralda #607) en horario de 09:00 a 13:00 horas. Cabe destacar que el plazo culmina el pr\u00f3ximo 31 marzo.<\/p>\n<p style=\"text-align: justify;\">Mabel Vel\u00e1squez, titular de transportes en la comuna porte\u00f1a, explico que este proceso se realiza todos los a\u00f1os y es ah\u00ed donde radica el llamado a que \u201cno se deje para \u00faltima hora\u201d. Realizando la invitaci\u00f3n a los vecinos a preferir el pago on-line dispuesto en la p\u00e1gina web del municipio aysenino \u201cante esta pandemia y estamos tratando de evitar m\u00e1s contagios para que la comuna tambi\u00e9n avance de fase o mantengamos la actual. As\u00ed es que, hacerles el llamado a usar los medios electr\u00f3nicos y quienes no puedan acceder porque no han pagado antes en la comuna puedan dirigirse a nuestra Direcci\u00f3n de Tr\u00e1nsito\u201d.<\/p>\n<p style=\"text-align: justify;\">Respecto a la documentaci\u00f3n requerida la personera municipal, indic\u00f3 que se requiere contar con \u201cel Permiso de Circulaci\u00f3n anterior cancelado o el \u00faltimo permiso que tengan, en caso de que est\u00e9n atrasados, el Seguro Obligatorio de Accidentes Personales (SOAP), la Revisi\u00f3n T\u00e9cnica y Certificado de Emisi\u00f3n de Gases al d\u00eda y en el caso de que sea un veh\u00edculo trasladado de otra comuna tiene que traer el padr\u00f3n con direcci\u00f3n de la comuna y en caso de que no tenga domicilio en Ays\u00e9n tiene que traer alg\u00fan certificado que acredite su condici\u00f3n de residencia\u201d, para estos efectos, Vel\u00e1squez explic\u00f3 que puede utilizar un certificado emitido por una Junta de Vecino o la boleta de alg\u00fan servicio b\u00e1sico.<\/p>\n<p style=\"text-align: justify;\">Finalmente, la directora de Tr\u00e1nsito recalc\u00f3 que la necesidad de acreditar el domicilio corresponde a resguardar la legislaci\u00f3n vigente en materia tributaria, ya que las regiones de Ays\u00e9n y Magallanes cuentan con un r\u00e9gimen que permite una disminuci\u00f3n en el pago de permisos de circulaci\u00f3n distinto al resto del territorio nacional. Sin embargo, esto es exclusivo para habitantes de las zonas antes mencionadas.<\/p>\n<\/div><\/section><\/div><\/p>\n<div  style='height:50px' class='hr hr-invisible   avia-builder-el-6  el_after_av_one_full  el_before_av_social_share '><span class='hr-inner ' ><span class='hr-inner-style'><\/span><\/span><\/div>\n<div  class='av-social-sharing-box  avia-builder-el-7  el_after_av_hr  el_before_av_hr  '><div class='av-share-box'><h5 class='av-share-link-description av-no-toc '>Compartir esta noticia<\/h5><ul class='av-share-box-list noLightbox'><li class='av-share-link av-social-link-facebook' ><a target=\"_blank\" aria-label=\"Compartir en Facebook\" href='https:\/\/www.facebook.com\/sharer.php?u=https:\/\/radiorevelacionfm.cl\/?p=3002&#038;t=Permisos%20de%20Circulaci%C3%B3n%202021%3A%20Municipio%20de%20Ays%C3%A9n%20llama%20a%20realizar%20pago%20oportuno%20priorizando%20el%20uso%20de%20plataforma%20digital' aria-hidden='false' data-av_icon='\ue8f3' data-av_iconfont='entypo-fontello' title='' data-avia-related-tooltip='Compartir en Facebook' rel=\"noopener\"><span class='avia_hidden_link_text'>Compartir en Facebook<\/span><\/a><\/li><li class='av-share-link av-social-link-twitter' ><a target=\"_blank\" aria-label=\"Compartir en Twitter\" href='https:\/\/twitter.com\/share?text=Permisos%20de%20Circulaci%C3%B3n%202021%3A%20Municipio%20de%20Ays%C3%A9n%20llama%20a%20realizar%20pago%20oportuno%20priorizando%20el%20uso%20de%20plataforma%20digital&#038;url=https:\/\/radiorevelacionfm.cl\/?p=3002' aria-hidden='false' data-av_icon='\ue8f1' data-av_iconfont='entypo-fontello' title='' data-avia-related-tooltip='Compartir en Twitter' rel=\"noopener\"><span class='avia_hidden_link_text'>Compartir en Twitter<\/span><\/a><\/li><li class='av-share-link av-social-link-whatsapp' ><a target=\"_blank\" aria-label=\"Compartir en Whatsapp\" href='https:\/\/api.whatsapp.com\/send?text=https:\/\/radiorevelacionfm.cl\/?p=3002' aria-hidden='false' data-av_icon='\uf232' data-av_iconfont='entypo-fontello' title='' data-avia-related-tooltip='Compartir en Whatsapp' rel=\"noopener\"><span class='avia_hidden_link_text'>Compartir en Whatsapp<\/span><\/a><\/li><li class='av-share-link av-social-link-linkedin' ><a target=\"_blank\" aria-label=\"Compartir en LinkedIn\" href='https:\/\/linkedin.com\/shareArticle?mini=true&#038;title=Permisos%20de%20Circulaci%C3%B3n%202021%3A%20Municipio%20de%20Ays%C3%A9n%20llama%20a%20realizar%20pago%20oportuno%20priorizando%20el%20uso%20de%20plataforma%20digital&#038;url=https:\/\/radiorevelacionfm.cl\/?p=3002' aria-hidden='false' data-av_icon='\ue8fc' data-av_iconfont='entypo-fontello' title='' data-avia-related-tooltip='Compartir en LinkedIn' rel=\"noopener\"><span class='avia_hidden_link_text'>Compartir en LinkedIn<\/span><\/a><\/li><li class='av-share-link av-social-link-mail' ><a  aria-label=\"Compartir por correo\" href='mailto:?subject=Permisos%20de%20Circulaci%C3%B3n%202021%3A%20Municipio%20de%20Ays%C3%A9n%20llama%20a%20realizar%20pago%20oportuno%20priorizando%20el%20uso%20de%20plataforma%20digital&#038;body=https:\/\/radiorevelacionfm.cl\/?p=3002' aria-hidden='false' data-av_icon='\ue805' data-av_iconfont='entypo-fontello' title='' data-avia-related-tooltip='Compartir por correo'><span class='avia_hidden_link_text'>Compartir por correo<\/span><\/a><\/li><\/ul><\/div><\/div>\n<div  style='height:50px' class='hr hr-invisible   avia-builder-el-8  el_after_av_social_share  el_before_av_comments_list '><span class='hr-inner ' ><span class='hr-inner-style'><\/span><\/span><\/div>\n<div  class='av-buildercomment  av-blog-meta-html-info-disabled av-blog-meta-tag-disabled  '><\/div>\n","protected":false},"excerpt":{"rendered":"","protected":false},"author":1,"featured_media":0,"comment_status":"open","ping_status":"open","sticky":false,"template":"","format":"standard","meta":{"footnotes":""},"categories":[59],"tags":[],"class_list":["post-3002","post","type-post","status-publish","format-standard","hentry","category-transporte"],"jetpack_featured_media_url":"","_links":{"self":[{"href":"https:\/\/radiorevelacionfm.cl\/index.php?rest_route=\/wp\/v2\/posts\/3002","targetHints":{"allow":["GET"]}}],"collection":[{"href":"https:\/\/radiorevelacionfm.cl\/index.php?rest_route=\/wp\/v2\/posts"}],"about":[{"href":"https:\/\/radiorevelacionfm.cl\/index.php?rest_route=\/wp\/v2\/types\/post"}],"author":[{"embeddable":true,"href":"https:\/\/radiorevelacionfm.cl\/index.php?rest_route=\/wp\/v2\/users\/1"}],"replies":[{"embeddable":true,"href":"https:\/\/radiorevelacionfm.cl\/index.php?rest_route=%2Fwp%2Fv2%2Fcomments&post=3002"}],"version-history":[{"count":2,"href":"https:\/\/radiorevelacionfm.cl\/index.php?rest_route=\/wp\/v2\/posts\/3002\/revisions"}],"predecessor-version":[{"id":3008,"href":"https:\/\/radiorevelacionfm.cl\/index.php?rest_route=\/wp\/v2\/posts\/3002\/revisions\/3008"}],"wp:attachment":[{"href":"https:\/\/radiorevelacionfm.cl\/index.php?rest_route=%2Fwp%2Fv2%2Fmedia&parent=3002"}],"wp:term":[{"taxonomy":"category","embeddable":true,"href":"https:\/\/radiorevelacionfm.cl\/index.php?rest_route=%2Fwp%2Fv2%2Fcategories&post=3002"},{"taxonomy":"post_tag","embeddable":true,"href":"https:\/\/radiorevelacionfm.cl\/index.php?rest_route=%2Fwp%2Fv2%2Ftags&post=3002"}],"curies":[{"name":"wp","href":"https:\/\/api.w.org\/{rel}","templated":true}]}}