{"id":30018,"date":"2023-04-13T15:43:37","date_gmt":"2023-04-13T18:43:37","guid":{"rendered":"https:\/\/radiorevelacionfm.cl\/?p=30018"},"modified":"2023-04-13T15:43:37","modified_gmt":"2023-04-13T18:43:37","slug":"desde-hoy-conectividad-aerea-hacia-chile-chico-retoma-sus-servicios","status":"publish","type":"post","link":"https:\/\/radiorevelacionfm.cl\/?p=30018","title":{"rendered":"Desde hoy, conectividad a\u00e9rea hacia Chile Chico retoma sus servicios"},"content":{"rendered":"<div class=\"flex_column av_one_full  flex_column_div av-zero-column-padding first  avia-builder-el-0  el_before_av_one_full  avia-builder-el-first  \" style='border-radius:0px; '><div  class='avia-image-container  av-styling-    avia-builder-el-1  avia-builder-el-no-sibling  avia-align-center '  itemprop=\"image\" itemscope=\"itemscope\" itemtype=\"https:\/\/schema.org\/ImageObject\"  ><div class='avia-image-container-inner'><div class='avia-image-overlay-wrap'><img decoding=\"async\" class='wp-image-30019 avia-img-lazy-loading-not-30019 avia_image' src=\"https:\/\/radiorevelacionfm.cl\/wp-content\/uploads\/2023\/04\/20230413_111009-1-1_optimized-1.jpg\" alt='' title='20230413_111009-(1)-(1)_optimized (1)' height=\"600\" width=\"1067\"  itemprop=\"thumbnailUrl\" srcset=\"https:\/\/radiorevelacionfm.cl\/wp-content\/uploads\/2023\/04\/20230413_111009-1-1_optimized-1.jpg 1067w, https:\/\/radiorevelacionfm.cl\/wp-content\/uploads\/2023\/04\/20230413_111009-1-1_optimized-1-300x169.jpg 300w, https:\/\/radiorevelacionfm.cl\/wp-content\/uploads\/2023\/04\/20230413_111009-1-1_optimized-1-1030x579.jpg 1030w, https:\/\/radiorevelacionfm.cl\/wp-content\/uploads\/2023\/04\/20230413_111009-1-1_optimized-1-768x432.jpg 768w, https:\/\/radiorevelacionfm.cl\/wp-content\/uploads\/2023\/04\/20230413_111009-1-1_optimized-1-705x396.jpg 705w, https:\/\/radiorevelacionfm.cl\/wp-content\/uploads\/2023\/04\/20230413_111009-1-1_optimized-1-450x253.jpg 450w, https:\/\/radiorevelacionfm.cl\/wp-content\/uploads\/2023\/04\/20230413_111009-1-1_optimized-1-600x337.jpg 600w\" sizes=\"(max-width: 1067px) 100vw, 1067px\" \/><\/div><\/div><\/div><\/div><div class=\"flex_column av_one_full  flex_column_div av-zero-column-padding first  avia-builder-el-2  el_after_av_one_full  el_before_av_one_full  column-top-margin\" style='border-radius:0px; '><section class=\"av_textblock_section \"  itemscope=\"itemscope\" itemtype=\"https:\/\/schema.org\/BlogPosting\" itemprop=\"blogPost\" ><div class='avia_textblock  '   itemprop=\"text\" ><p style=\"text-align: center;\"><strong><span style=\"font-size: 18pt;\">Desde hoy, conectividad a\u00e9rea hacia Chile Chico retoma sus servicios<\/span><\/strong><\/p>\n<div id=\"gtx-trans\" style=\"position: absolute; left: -50px; top: 4.31534px;\">\n<div class=\"gtx-trans-icon\"><\/div>\n<\/div>\n<\/div><\/section><\/div><div class=\"flex_column av_one_full  flex_column_div av-zero-column-padding first  avia-builder-el-4  el_after_av_one_full  el_before_av_hr  column-top-margin\" style='border-radius:0px; '><section class=\"av_textblock_section \"  itemscope=\"itemscope\" itemtype=\"https:\/\/schema.org\/BlogPosting\" itemprop=\"blogPost\" ><div class='avia_textblock  '   itemprop=\"text\" ><p style=\"font-weight: 400; text-align: justify;\">Tras las gestiones lideradas por el Ministerio de Transportes y Telecomunicaciones (MTT)\u00a0para dar continuidad al subsidio a\u00e9reo Coyhaique\u2013Chile Chico, finalmente se\u00a0concret\u00f3 el regreso de\u00a0las operaciones de este servicio a partir de este\u00a0jueves\u00a013 de abril. En esta oportunidad,\u00a0realizados por la empresa\u00a0adjudicataria AEROCORD,\u00a0cuyo subsidio\u00a0contempla, en primera instancia, una vigencia de cuatro meses con posibilidad de pr\u00f3rroga por dos meses adicionales.<\/p>\n<p style=\"font-weight: 400; text-align: justify;\">El jefe de la Divisi\u00f3n de Transporte P\u00fablico Regional, Alan Sep\u00falveda, indic\u00f3 que \u201ces una muy buena noticia que se retome este servicio. Sabemos la importancia de ello y hemos puesto todos nuestros esfuerzos en volver a operativizar estos vuelos que entregan un servicio irremplazable y tienen un impacto muy positivo en los habitantes de Chile Chico\u201d.<\/p>\n<p style=\"font-weight: 400; text-align: justify;\">En tanto, la seremi de Transportes y Telecomunicaciones, Claudia Cantero, asegur\u00f3 que \u00abestamos cumpliendo el compromiso que asumimos de volver a implementar estos vuelos que son de gran utilidad para dar una conectividad m\u00e1s r\u00e1pida a los habitantes de Chile Chico. En esta oportunidad, adem\u00e1s, coincide con el periodo en que la barcaza La Tehuelche est\u00e1 fuera de circulaci\u00f3n, por lo que brindar\u00e1 apoyo de dos viajes diarios hasta el 19 de abril. De esta forma entregaremos una alternativa adicional de movilidad sumados a los viajes de la barcaza Chelenco y la conectividad terrestre.\u00bb<\/p>\n<p style=\"font-weight: 400; text-align: justify;\">Respecto a la operatividad del servicio, \u00e9ste realizar\u00e1 vuelos\u00a0tres\u00a0veces a la semana:\u00a0lunes, mi\u00e9rcoles y viernes;\u00a0con salida de Coyhaique a las 09:30 horas\u00a0y retorno desde Chile Chico a las 10:30\u00a0horas. En cuanto a la compra de pasajes, se deber\u00e1\u00a0realizar presencialmente en Manuel Rodr\u00edguez esquina Pedro Burgos en Chile Chico, mientras que en Coyhaique se realizar\u00e1\u00a0en\u00a0General Parra N\u00b021.\u00a0Adicionalmente, la\u00a0telef\u00f3nica estar\u00e1 disponible en los n\u00fameros 67 2246300 y 67 2411296; manteniendo la tarifa de $7 mil pesos.<\/p>\n<p style=\"font-weight: 400; text-align: justify;\">Dentro de las condiciones de operaci\u00f3n, se contempla que la aeronave deber\u00e1 habilitar un cupo de emergencia en cada uno de los vuelos, el cual ser\u00e1 administrado directamente por la Delegaci\u00f3n Presidencial Provincial (DPP) de General Carrera. Asimismo, se dar\u00e1 prioridad a residentes, para lo cual, la DPP entregar\u00e1 mensualmente un listado de residentes actualizado.<\/p>\n<p style=\"font-weight: 400; text-align: justify;\"><strong>Servicio\u00a0especial por mantenimiento de La Tehuelche<\/strong><\/p>\n<p style=\"font-weight: 400; text-align: justify;\">Adicionalmente, y para dar mayores alternativas de conectividad a los habitantes de Chile Chico, el subsidio contempla otorgar\u00a0dos\u00a0frecuencias diarias desde el 13 hasta el 19 de abril, periodo en el cual La Tehuelche ser\u00e1 sometida a obras de mantenimiento programado.<\/p>\n<p style=\"font-weight: 400; text-align: justify;\">Asimismo,\u00a0las medidas de mitigaci\u00f3n incluyen que la embarcaci\u00f3n Chelenco realice dos viajes redondos diarios, incluyendo entre ellos dos trayectos ida y vuelta exclusivos para el transporte de combustibles y otras cargas peligrosas. Asimismo, la movilidad terrestre contempla la operaci\u00f3n del transporte terrestre subvencionado entre Chile Chico y Coyhaique, que funcionar\u00e1 en ambos sentidos de domingo a viernes a las 09:00 horas.<\/p>\n<\/div><\/section><\/div><div  style='height:50px' class='hr hr-invisible   avia-builder-el-6  el_after_av_one_full  el_before_av_social_share '><span class='hr-inner ' ><span class='hr-inner-style'><\/span><\/span><\/div><\/p>\n<div  class='av-social-sharing-box  avia-builder-el-7  el_after_av_hr  el_before_av_hr  '><div class='av-share-box'><h5 class='av-share-link-description av-no-toc '>Compartir esta noticia<\/h5><ul class='av-share-box-list noLightbox'><li class='av-share-link av-social-link-facebook' ><a target=\"_blank\" aria-label=\"Compartir en Facebook\" href='https:\/\/www.facebook.com\/sharer.php?u=https:\/\/radiorevelacionfm.cl\/?p=30018&#038;t=Desde%20hoy%2C%20conectividad%20a%C3%A9rea%20hacia%20Chile%20Chico%20retoma%20sus%20servicios' aria-hidden='false' data-av_icon='\ue8f3' data-av_iconfont='entypo-fontello' title='' data-avia-related-tooltip='Compartir en Facebook' rel=\"noopener\"><span class='avia_hidden_link_text'>Compartir en Facebook<\/span><\/a><\/li><li class='av-share-link av-social-link-twitter' ><a target=\"_blank\" aria-label=\"Compartir en Twitter\" href='https:\/\/twitter.com\/share?text=Desde%20hoy%2C%20conectividad%20a%C3%A9rea%20hacia%20Chile%20Chico%20retoma%20sus%20servicios&#038;url=https:\/\/radiorevelacionfm.cl\/?p=30018' aria-hidden='false' data-av_icon='\ue8f1' data-av_iconfont='entypo-fontello' title='' data-avia-related-tooltip='Compartir en Twitter' rel=\"noopener\"><span class='avia_hidden_link_text'>Compartir en Twitter<\/span><\/a><\/li><li class='av-share-link av-social-link-whatsapp' ><a target=\"_blank\" aria-label=\"Compartir en Whatsapp\" href='https:\/\/api.whatsapp.com\/send?text=https:\/\/radiorevelacionfm.cl\/?p=30018' aria-hidden='false' data-av_icon='\uf232' data-av_iconfont='entypo-fontello' title='' data-avia-related-tooltip='Compartir en Whatsapp' rel=\"noopener\"><span class='avia_hidden_link_text'>Compartir en Whatsapp<\/span><\/a><\/li><li class='av-share-link av-social-link-linkedin' ><a target=\"_blank\" aria-label=\"Compartir en LinkedIn\" href='https:\/\/linkedin.com\/shareArticle?mini=true&#038;title=Desde%20hoy%2C%20conectividad%20a%C3%A9rea%20hacia%20Chile%20Chico%20retoma%20sus%20servicios&#038;url=https:\/\/radiorevelacionfm.cl\/?p=30018' aria-hidden='false' data-av_icon='\ue8fc' data-av_iconfont='entypo-fontello' title='' data-avia-related-tooltip='Compartir en LinkedIn' rel=\"noopener\"><span class='avia_hidden_link_text'>Compartir en LinkedIn<\/span><\/a><\/li><li class='av-share-link av-social-link-mail' ><a  aria-label=\"Compartir por correo\" href='mailto:?subject=Desde%20hoy%2C%20conectividad%20a%C3%A9rea%20hacia%20Chile%20Chico%20retoma%20sus%20servicios&#038;body=https:\/\/radiorevelacionfm.cl\/?p=30018' aria-hidden='false' data-av_icon='\ue805' data-av_iconfont='entypo-fontello' title='' data-avia-related-tooltip='Compartir por correo'><span class='avia_hidden_link_text'>Compartir por correo<\/span><\/a><\/li><\/ul><\/div><\/div>\n<div  style='height:50px' class='hr hr-invisible   avia-builder-el-8  el_after_av_social_share  el_before_av_comments_list '><span class='hr-inner ' ><span class='hr-inner-style'><\/span><\/span><\/div>\n<div  class='av-buildercomment  av-blog-meta-html-info-disabled av-blog-meta-tag-disabled  '><\/div>\n","protected":false},"excerpt":{"rendered":"","protected":false},"author":1,"featured_media":30019,"comment_status":"open","ping_status":"open","sticky":false,"template":"","format":"standard","meta":{"footnotes":""},"categories":[59],"tags":[],"class_list":["post-30018","post","type-post","status-publish","format-standard","has-post-thumbnail","hentry","category-transporte"],"jetpack_featured_media_url":"https:\/\/radiorevelacionfm.cl\/wp-content\/uploads\/2023\/04\/20230413_111009-1-1_optimized-1.jpg","_links":{"self":[{"href":"https:\/\/radiorevelacionfm.cl\/index.php?rest_route=\/wp\/v2\/posts\/30018","targetHints":{"allow":["GET"]}}],"collection":[{"href":"https:\/\/radiorevelacionfm.cl\/index.php?rest_route=\/wp\/v2\/posts"}],"about":[{"href":"https:\/\/radiorevelacionfm.cl\/index.php?rest_route=\/wp\/v2\/types\/post"}],"author":[{"embeddable":true,"href":"https:\/\/radiorevelacionfm.cl\/index.php?rest_route=\/wp\/v2\/users\/1"}],"replies":[{"embeddable":true,"href":"https:\/\/radiorevelacionfm.cl\/index.php?rest_route=%2Fwp%2Fv2%2Fcomments&post=30018"}],"version-history":[{"count":1,"href":"https:\/\/radiorevelacionfm.cl\/index.php?rest_route=\/wp\/v2\/posts\/30018\/revisions"}],"predecessor-version":[{"id":30020,"href":"https:\/\/radiorevelacionfm.cl\/index.php?rest_route=\/wp\/v2\/posts\/30018\/revisions\/30020"}],"wp:featuredmedia":[{"embeddable":true,"href":"https:\/\/radiorevelacionfm.cl\/index.php?rest_route=\/wp\/v2\/media\/30019"}],"wp:attachment":[{"href":"https:\/\/radiorevelacionfm.cl\/index.php?rest_route=%2Fwp%2Fv2%2Fmedia&parent=30018"}],"wp:term":[{"taxonomy":"category","embeddable":true,"href":"https:\/\/radiorevelacionfm.cl\/index.php?rest_route=%2Fwp%2Fv2%2Fcategories&post=30018"},{"taxonomy":"post_tag","embeddable":true,"href":"https:\/\/radiorevelacionfm.cl\/index.php?rest_route=%2Fwp%2Fv2%2Ftags&post=30018"}],"curies":[{"name":"wp","href":"https:\/\/api.w.org\/{rel}","templated":true}]}}