{"id":30013,"date":"2023-04-13T13:55:10","date_gmt":"2023-04-13T16:55:10","guid":{"rendered":"https:\/\/radiorevelacionfm.cl\/?p=30013"},"modified":"2023-04-13T13:55:10","modified_gmt":"2023-04-13T16:55:10","slug":"en-visita-a-la-region-director-nacional-de-senadis-participa-de-dialogo-ciudadano-y-presenta-resultados-de-encuesta-de-discapacidad","status":"publish","type":"post","link":"https:\/\/radiorevelacionfm.cl\/?p=30013","title":{"rendered":"En visita a la regi\u00f3n Director Nacional de Senadis participa de dialogo ciudadano y presenta resultados de encuesta de discapacidad"},"content":{"rendered":"<div class=\"flex_column av_one_full  flex_column_div av-zero-column-padding first  avia-builder-el-0  el_before_av_one_full  avia-builder-el-first  \" style='border-radius:0px; '><div  class='avia-image-container  av-styling-    avia-builder-el-1  avia-builder-el-no-sibling  avia-align-center '  itemprop=\"image\" itemscope=\"itemscope\" itemtype=\"https:\/\/schema.org\/ImageObject\"  ><div class='avia-image-container-inner'><div class='avia-image-overlay-wrap'><img decoding=\"async\" class='wp-image-30014 avia-img-lazy-loading-not-30014 avia_image' src=\"https:\/\/radiorevelacionfm.cl\/wp-content\/uploads\/2023\/04\/Director-Nacional-1-1.jpg\" alt='' title='Director Nacional (1) (1)' height=\"600\" width=\"1067\"  itemprop=\"thumbnailUrl\" srcset=\"https:\/\/radiorevelacionfm.cl\/wp-content\/uploads\/2023\/04\/Director-Nacional-1-1.jpg 1067w, https:\/\/radiorevelacionfm.cl\/wp-content\/uploads\/2023\/04\/Director-Nacional-1-1-300x169.jpg 300w, https:\/\/radiorevelacionfm.cl\/wp-content\/uploads\/2023\/04\/Director-Nacional-1-1-1030x579.jpg 1030w, https:\/\/radiorevelacionfm.cl\/wp-content\/uploads\/2023\/04\/Director-Nacional-1-1-768x432.jpg 768w, https:\/\/radiorevelacionfm.cl\/wp-content\/uploads\/2023\/04\/Director-Nacional-1-1-705x396.jpg 705w, https:\/\/radiorevelacionfm.cl\/wp-content\/uploads\/2023\/04\/Director-Nacional-1-1-450x253.jpg 450w, https:\/\/radiorevelacionfm.cl\/wp-content\/uploads\/2023\/04\/Director-Nacional-1-1-600x337.jpg 600w\" sizes=\"(max-width: 1067px) 100vw, 1067px\" \/><\/div><\/div><\/div><\/div><div class=\"flex_column av_one_full  flex_column_div av-zero-column-padding first  avia-builder-el-2  el_after_av_one_full  el_before_av_one_full  column-top-margin\" style='border-radius:0px; '><section class=\"av_textblock_section \"  itemscope=\"itemscope\" itemtype=\"https:\/\/schema.org\/BlogPosting\" itemprop=\"blogPost\" ><div class='avia_textblock  '   itemprop=\"text\" ><p style=\"text-align: center;\"><strong><span style=\"font-size: 18pt;\">En visita a la regi\u00f3n Director Nacional de Senadis participa de dialogo ciudadano y presenta resultados de encuesta de discapacidad<\/span><\/strong><\/p>\n<div id=\"gtx-trans\" style=\"position: absolute; left: -50px; top: 4.31534px;\">\n<div class=\"gtx-trans-icon\"><\/div>\n<\/div>\n<\/div><\/section><\/div><div class=\"flex_column av_one_full  flex_column_div av-zero-column-padding first  avia-builder-el-4  el_after_av_one_full  el_before_av_hr  column-top-margin\" style='border-radius:0px; '><section class=\"av_textblock_section \"  itemscope=\"itemscope\" itemtype=\"https:\/\/schema.org\/BlogPosting\" itemprop=\"blogPost\" ><div class='avia_textblock  '   itemprop=\"text\" ><p style=\"text-align: justify;\">En el marco de un Encuentro Ciudadano encabezado por el Director Nacional de Servicio Nacional de la Discapacidad, Daniel Concha Gamboa, junto al Delegado Presidencial Regional, Rodrigo Araya Morales y la Seremi de Desarrollo Social y Familia, Karina Acevedo Auad, se presentaron los principales resultados regionales del III Estudio Nacional de la Discapacidad (III ENDISC), que revel\u00f3 que el 19,6% de la poblaci\u00f3n adulta de la regi\u00f3n de Ays\u00e9n, son personas con discapacidad, proporci\u00f3n mayor que el porcentaje de la poblaci\u00f3n nacional (17,6%).<\/p>\n<p style=\"text-align: justify;\">Rodrigo Araya, Delegado Presidencial Regional, explic\u00f3 que en este di\u00e1logo ciudadano se presentar\u00e1n\u00a0 los resultados del Tercer Estudio Nacional de la Discapacidad en nuestro pa\u00eds, con datos regionales. \u201cMe parece muy importante destacar que en nuestra regi\u00f3n tiene dos puntos porcentuales m\u00e1s que el promedio en la nacional en discapacidad, un 19,6% de discapacidad en nuestra regi\u00f3n, donde hay m\u00e1s mujeres que hombres. Es muy relevante porque estos datos nos van a aportar para implementar y desarrollar las pol\u00edticas p\u00fablicas que el gobierno del Presidente Gabriel Boric ha priorizado, entendiendo que el tema de la discapacidad es tremendamente relevante para el desarrollo con equidad de nuestra sociedad\u201d.<\/p>\n<p style=\"text-align: justify;\">Seg\u00fan los datos arrojados por la ENDISC, la distribuci\u00f3n del porcentaje de discapacidad en la poblaci\u00f3n adulta seg\u00fan sexo mantiene la tendencia nacional, pues en las mujeres hay mayor prevalencia de discapacidad comparado con los hombres. Del universo de mujeres adultas en la regi\u00f3n, un 23,7% son personas con discapacidad, mientras que en los hombres adultos en la regi\u00f3n dicho porcentaje es de 15,6%.<\/p>\n<p style=\"text-align: justify;\">Para Karina Acevedo Auad, Seremi de Desarrollo Social y Familia, estudios e informaci\u00f3n como esta no s\u00f3lo permite visualizar la realidad de las personas con discapacidad en Chile y la Regi\u00f3n de Ays\u00e9n, sino elaborar pol\u00edticas p\u00fablicas adecuadas y oportunas para sectores vulnerables de la poblaci\u00f3n.\u00a0 \u201cEstamos muy contentos de poder dar cuenta de esta encuesta que nos permite contar con datos regionales\u00a0 para no s\u00f3lo mejorar la pol\u00edtica p\u00fablica del Ministerio en la regi\u00f3n sino que tambi\u00e9n dar un tremendo impulso a algo que nos ha encargado el Presidente Gabriel Boric que es el Sistema Nacional de Cuidados, sistema que pretendemos tenerlo como ley al final de este periodo y que se har\u00e1 cargo de una realidad que en la Regi\u00f3n de Ays\u00e9n significa que m\u00e1s de 8 mil personas requieren que alguien los cuide\u201d, dijo la secretaria ministerial.<\/p>\n<p style=\"text-align: justify;\">En relaci\u00f3n a lo anterior: el Estudio identifica como persona en situaci\u00f3n de dependencia a aquellas personas con discapacidad que, debido a su salud, requieren de la asistencia de otra persona para realizar algunas tareas o actividades en su vida diaria. Del total de personas adultas con discapacidad, el 52,8% se encuentra en situaci\u00f3n de dependencia.<\/p>\n<p style=\"text-align: justify;\">Respecto a las cifras m\u00e1s significativas y sus alcances el Director Nacional Senadis, Daniel Concha, manifest\u00f3 que \u201csabemos que en esta regi\u00f3n hay un 19,6% de prevalencia de personas con discapacidad, estamos hablando de casi un 20%, por lo tanto todas las pol\u00edticas p\u00fablicas, no s\u00f3lo de Senadis, sino de todos los ministerios tienen que dar cuenta de una inclusi\u00f3n y accesibilidad; tambi\u00e9n los datos nos muestran que en participaci\u00f3n laboral las personas tienen un porcentaje menor, llagando solamente a un 56% a comparaci\u00f3n de un 76% de personas sin discapacidad, situaci\u00f3n que se repite en los a\u00f1os de escolaridad, donde el promedio de a\u00f1os de escolaridad es menor en personas con discapacidad.\u00a0 Por lo tanto, como dice el Presidente Gabriel Boric, hay brechas que debemos ir superando\u201d.<\/p>\n<p style=\"text-align: justify;\"><strong>OTROS DATOS RELEVANTES <\/strong><\/p>\n<p style=\"text-align: justify;\">El Estudio muestra que el porcentaje de personas con discapacidad pasa de un 14,2% en el tramo etario de 18 a 44 a\u00f1os, a un 19,5% en el tramo de 45 a 59 a\u00f1os, y, finalmente un 27,8% en el grupo de personas de 60 a\u00f1os y m\u00e1s.<\/p>\n<p style=\"text-align: justify;\">Los datos tambi\u00e9n revelan que en los quintiles de menores ingresos hay mayor prevalencia de discapacidad, pues en los quintiles I y II, un 24,5% corresponde a poblaci\u00f3n con discapacidad, y en los quintiles III al V, un 17,7%. Evidenciando brechas de inclusi\u00f3n donde el 53,3% de la poblaci\u00f3n adulta con discapacidad est\u00e1 ocupada, frente al 72,2% de la poblaci\u00f3n sin discapacidad. Respecto a la poblaci\u00f3n que participa del mercado laboral en la poblaci\u00f3n con discapacidad es un 55,9%, comparado con un 75,8% de la poblaci\u00f3n sin discapacidad.<\/p>\n<p style=\"text-align: justify;\">Los indicadores de educaci\u00f3n muestran que la poblaci\u00f3n adulta sin discapacidad tiene, en promedio, m\u00e1s a\u00f1os de escolaridad que la poblaci\u00f3n adulta con discapacidad. En la regi\u00f3n, las personas sin discapacidad tienen un promedio de 11,5 a\u00f1os de escolaridad, mientras que la poblaci\u00f3n con discapacidad tiene un promedio de 9,6 a\u00f1os de escolaridad.<\/p>\n<p style=\"text-align: justify;\">Finalmente, destacar que el estudio utiliza un marco conceptual, metodol\u00f3gico y estad\u00edstico validado internacionalmente por la Organizaci\u00f3n Mundial de la Salud. OMS, y contin\u00faa con la serie ENDISC de estudios realizados el 2004 y el 2015, enfocados en el an\u00e1lisis y comprensi\u00f3n de las problem\u00e1ticas que enfrentan las personas con discapacidad en Chile.<\/p>\n<\/div><\/section><\/div><div  style='height:50px' class='hr hr-invisible   avia-builder-el-6  el_after_av_one_full  el_before_av_social_share '><span class='hr-inner ' ><span class='hr-inner-style'><\/span><\/span><\/div><\/p>\n<div  class='av-social-sharing-box  avia-builder-el-7  el_after_av_hr  el_before_av_hr  '><div class='av-share-box'><h5 class='av-share-link-description av-no-toc '>Compartir esta noticia<\/h5><ul class='av-share-box-list noLightbox'><li class='av-share-link av-social-link-facebook' ><a target=\"_blank\" aria-label=\"Compartir en Facebook\" href='https:\/\/www.facebook.com\/sharer.php?u=https:\/\/radiorevelacionfm.cl\/?p=30013&#038;t=En%20visita%20a%20la%20regi%C3%B3n%20Director%20Nacional%20de%20Senadis%20participa%20de%20dialogo%20ciudadano%20y%20presenta%20resultados%20de%20encuesta%20de%20discapacidad' aria-hidden='false' data-av_icon='\ue8f3' data-av_iconfont='entypo-fontello' title='' data-avia-related-tooltip='Compartir en Facebook' rel=\"noopener\"><span class='avia_hidden_link_text'>Compartir en Facebook<\/span><\/a><\/li><li class='av-share-link av-social-link-twitter' ><a target=\"_blank\" aria-label=\"Compartir en Twitter\" href='https:\/\/twitter.com\/share?text=En%20visita%20a%20la%20regi%C3%B3n%20Director%20Nacional%20de%20Senadis%20participa%20de%20dialogo%20ciudadano%20y%20presenta%20resultados%20de%20encuesta%20de%20discapacidad&#038;url=https:\/\/radiorevelacionfm.cl\/?p=30013' aria-hidden='false' data-av_icon='\ue8f1' data-av_iconfont='entypo-fontello' title='' data-avia-related-tooltip='Compartir en Twitter' rel=\"noopener\"><span class='avia_hidden_link_text'>Compartir en Twitter<\/span><\/a><\/li><li class='av-share-link av-social-link-whatsapp' ><a target=\"_blank\" aria-label=\"Compartir en Whatsapp\" href='https:\/\/api.whatsapp.com\/send?text=https:\/\/radiorevelacionfm.cl\/?p=30013' aria-hidden='false' data-av_icon='\uf232' data-av_iconfont='entypo-fontello' title='' data-avia-related-tooltip='Compartir en Whatsapp' rel=\"noopener\"><span class='avia_hidden_link_text'>Compartir en Whatsapp<\/span><\/a><\/li><li class='av-share-link av-social-link-linkedin' ><a target=\"_blank\" aria-label=\"Compartir en LinkedIn\" href='https:\/\/linkedin.com\/shareArticle?mini=true&#038;title=En%20visita%20a%20la%20regi%C3%B3n%20Director%20Nacional%20de%20Senadis%20participa%20de%20dialogo%20ciudadano%20y%20presenta%20resultados%20de%20encuesta%20de%20discapacidad&#038;url=https:\/\/radiorevelacionfm.cl\/?p=30013' aria-hidden='false' data-av_icon='\ue8fc' data-av_iconfont='entypo-fontello' title='' data-avia-related-tooltip='Compartir en LinkedIn' rel=\"noopener\"><span class='avia_hidden_link_text'>Compartir en LinkedIn<\/span><\/a><\/li><li class='av-share-link av-social-link-mail' ><a  aria-label=\"Compartir por correo\" href='mailto:?subject=En%20visita%20a%20la%20regi%C3%B3n%20Director%20Nacional%20de%20Senadis%20participa%20de%20dialogo%20ciudadano%20y%20presenta%20resultados%20de%20encuesta%20de%20discapacidad&#038;body=https:\/\/radiorevelacionfm.cl\/?p=30013' aria-hidden='false' data-av_icon='\ue805' data-av_iconfont='entypo-fontello' title='' data-avia-related-tooltip='Compartir por correo'><span class='avia_hidden_link_text'>Compartir por correo<\/span><\/a><\/li><\/ul><\/div><\/div>\n<div  style='height:50px' class='hr hr-invisible   avia-builder-el-8  el_after_av_social_share  el_before_av_comments_list '><span class='hr-inner ' ><span class='hr-inner-style'><\/span><\/span><\/div>\n<div  class='av-buildercomment  av-blog-meta-html-info-disabled av-blog-meta-tag-disabled  '><\/div>\n","protected":false},"excerpt":{"rendered":"","protected":false},"author":1,"featured_media":30014,"comment_status":"open","ping_status":"open","sticky":false,"template":"","format":"standard","meta":{"footnotes":""},"categories":[38],"tags":[],"class_list":["post-30013","post","type-post","status-publish","format-standard","has-post-thumbnail","hentry","category-regional"],"jetpack_featured_media_url":"https:\/\/radiorevelacionfm.cl\/wp-content\/uploads\/2023\/04\/Director-Nacional-1-1.jpg","_links":{"self":[{"href":"https:\/\/radiorevelacionfm.cl\/index.php?rest_route=\/wp\/v2\/posts\/30013","targetHints":{"allow":["GET"]}}],"collection":[{"href":"https:\/\/radiorevelacionfm.cl\/index.php?rest_route=\/wp\/v2\/posts"}],"about":[{"href":"https:\/\/radiorevelacionfm.cl\/index.php?rest_route=\/wp\/v2\/types\/post"}],"author":[{"embeddable":true,"href":"https:\/\/radiorevelacionfm.cl\/index.php?rest_route=\/wp\/v2\/users\/1"}],"replies":[{"embeddable":true,"href":"https:\/\/radiorevelacionfm.cl\/index.php?rest_route=%2Fwp%2Fv2%2Fcomments&post=30013"}],"version-history":[{"count":1,"href":"https:\/\/radiorevelacionfm.cl\/index.php?rest_route=\/wp\/v2\/posts\/30013\/revisions"}],"predecessor-version":[{"id":30015,"href":"https:\/\/radiorevelacionfm.cl\/index.php?rest_route=\/wp\/v2\/posts\/30013\/revisions\/30015"}],"wp:featuredmedia":[{"embeddable":true,"href":"https:\/\/radiorevelacionfm.cl\/index.php?rest_route=\/wp\/v2\/media\/30014"}],"wp:attachment":[{"href":"https:\/\/radiorevelacionfm.cl\/index.php?rest_route=%2Fwp%2Fv2%2Fmedia&parent=30013"}],"wp:term":[{"taxonomy":"category","embeddable":true,"href":"https:\/\/radiorevelacionfm.cl\/index.php?rest_route=%2Fwp%2Fv2%2Fcategories&post=30013"},{"taxonomy":"post_tag","embeddable":true,"href":"https:\/\/radiorevelacionfm.cl\/index.php?rest_route=%2Fwp%2Fv2%2Ftags&post=30013"}],"curies":[{"name":"wp","href":"https:\/\/api.w.org\/{rel}","templated":true}]}}