{"id":30011,"date":"2023-04-13T22:39:43","date_gmt":"2023-04-14T01:39:43","guid":{"rendered":"https:\/\/radiorevelacionfm.cl\/?p=30011"},"modified":"2023-04-13T22:39:43","modified_gmt":"2023-04-14T01:39:43","slug":"gobierno-anuncia-usd-1-500-millones-para-reforzar-la-seguridad-de-las-policias","status":"publish","type":"post","link":"https:\/\/radiorevelacionfm.cl\/?p=30011","title":{"rendered":"Gobierno anuncia USD 1.500 millones para reforzar la seguridad de las polic\u00edas"},"content":{"rendered":"<div class=\"flex_column av_one_full  flex_column_div av-zero-column-padding first  avia-builder-el-0  el_before_av_one_full  avia-builder-el-first  \" style='border-radius:0px; '><div  class='avia-image-container  av-styling-    avia-builder-el-1  avia-builder-el-no-sibling  avia-align-center '  itemprop=\"image\" itemscope=\"itemscope\" itemtype=\"https:\/\/schema.org\/ImageObject\"  ><div class='avia-image-container-inner'><div class='avia-image-overlay-wrap'><img decoding=\"async\" class='wp-image-4923 avia-img-lazy-loading-not-4923 avia_image' src=\"https:\/\/radiorevelacionfm.cl\/wp-content\/uploads\/2021\/06\/COMISARIA-COYHAIQUE-1-1.jpg\" alt='' title='COMISARIA COYHAIQUE (1) (1)' height=\"600\" width=\"1153\"  itemprop=\"thumbnailUrl\" srcset=\"https:\/\/radiorevelacionfm.cl\/wp-content\/uploads\/2021\/06\/COMISARIA-COYHAIQUE-1-1.jpg 1153w, https:\/\/radiorevelacionfm.cl\/wp-content\/uploads\/2021\/06\/COMISARIA-COYHAIQUE-1-1-300x156.jpg 300w, https:\/\/radiorevelacionfm.cl\/wp-content\/uploads\/2021\/06\/COMISARIA-COYHAIQUE-1-1-1030x536.jpg 1030w, https:\/\/radiorevelacionfm.cl\/wp-content\/uploads\/2021\/06\/COMISARIA-COYHAIQUE-1-1-768x400.jpg 768w, https:\/\/radiorevelacionfm.cl\/wp-content\/uploads\/2021\/06\/COMISARIA-COYHAIQUE-1-1-705x367.jpg 705w, https:\/\/radiorevelacionfm.cl\/wp-content\/uploads\/2021\/06\/COMISARIA-COYHAIQUE-1-1-600x312.jpg 600w\" sizes=\"(max-width: 1153px) 100vw, 1153px\" \/><\/div><\/div><\/div><\/div><div class=\"flex_column av_one_full  flex_column_div av-zero-column-padding first  avia-builder-el-2  el_after_av_one_full  el_before_av_one_full  column-top-margin\" style='border-radius:0px; '><section class=\"av_textblock_section \"  itemscope=\"itemscope\" itemtype=\"https:\/\/schema.org\/BlogPosting\" itemprop=\"blogPost\" ><div class='avia_textblock  '   itemprop=\"text\" ><p style=\"text-align: center;\"><strong><span style=\"font-size: 18pt;\">Gobierno anuncia USD 1.500 millones para reforzar la seguridad de las polic\u00edas<\/span><\/strong><\/p>\n<div id=\"gtx-trans\" style=\"position: absolute; left: -50px; top: 4.31534px;\">\n<div class=\"gtx-trans-icon\"><\/div>\n<\/div>\n<\/div><\/section><\/div><div class=\"flex_column av_one_full  flex_column_div av-zero-column-padding first  avia-builder-el-4  el_after_av_one_full  el_before_av_hr  column-top-margin\" style='border-radius:0px; '><section class=\"av_textblock_section \"  itemscope=\"itemscope\" itemtype=\"https:\/\/schema.org\/BlogPosting\" itemprop=\"blogPost\" ><div class='avia_textblock  '   itemprop=\"text\" ><p style=\"text-align: justify;\"><span style=\"font-size: 12pt;\">Como parte de una estrategia integral para abordar los desaf\u00edos de seguridad p\u00fablica el Presidente de la Rep\u00fablica anunci\u00f3 este jueves 6 de abril un <strong><em>\u201cplan de reforzamiento de la seguridad de las polic\u00edas\u201d <\/em><\/strong>y el <strong><em>\u201cplan calles sin violencia\u201d.<\/em><\/strong><\/span><\/p>\n<p style=\"text-align: justify;\"><span style=\"font-size: 12pt;\">El plan de reforzamiento de la seguridad busca proteger a los funcionarios policiales que participan en operativos y entregarles m\u00e1s y mejores herramientas para enfrentar la delincuencia y el crimen organizado. Con ese objetivo el Gobierno ha destinado un fondo extraordinario de 1.500 millones de d\u00f3lares para la compra de nuevo equipamiento, la actualizaci\u00f3n de armamento y el mejoramiento de los protocolos operativos. Adem\u00e1s, se enviar\u00e1 al parlamento la legislaci\u00f3n que permita definir por ley la obligatoriedad de c\u00e1maras por parte de polic\u00edas.<\/span><\/p>\n<p style=\"text-align: justify;\"><strong><span style=\"font-size: 12pt;\">Plan de intervenci\u00f3n \u201cCalles sin violencia\u201d<\/span><\/strong><\/p>\n<p style=\"text-align: justify;\"><span style=\"font-size: 12pt;\">El plan se desarrollar\u00e1 en 30 comunas del pa\u00eds que concentran un tercio de la poblaci\u00f3n nacional y cerca del 50% de los delitos m\u00e1s violentos.<\/span><\/p>\n<p style=\"text-align: justify;\"><span style=\"font-size: 12pt;\">El piloto comenzar\u00e1 en la comuna de Santiago durante el mes de abril y en el resto de las comunas comenzar\u00e1 en mayo.<\/span><\/p>\n<p style=\"text-align: justify;\"><span style=\"font-size: 12pt;\">La intervenci\u00f3n considera estrategias espec\u00edficas para cada territorio de acuerdo con sus caracter\u00edsticas e implica el trabajo conjunto entre Carabineros, PDI, Fiscal\u00eda, instituciones fiscalizadoras, municipalidades y otros \u00f3rganos de gobierno, y adem\u00e1s define una l\u00ednea de base comuna por comuna y una evaluaci\u00f3n mensual de resultados y avances.<\/span><\/p>\n<p style=\"text-align: justify;\"><span style=\"font-size: 12pt;\">La intervenci\u00f3n se dise\u00f1\u00f3 sobre la base de los factores que est\u00e1n presentes en los territorios donde existe mayor ocurrencia de delitos violentos entre ellos destaca la presencia de pandillas, crimen organizado y tr\u00e1ficos de drogas. Impunidad penal (delitos graves donde no se han encontrado los responsables o est\u00e1n fugados), el tr\u00e1fico y presencia de armas, y el deterioro barrial y consumo de alcohol y drogas en la v\u00eda p\u00fablica.<\/span><\/p>\n<p style=\"text-align: justify;\"><span style=\"font-size: 12pt;\">El plan considera cuatro \u00e1reas:<\/span><\/p>\n<p style=\"text-align: justify;\"><strong><span style=\"font-size: 12pt;\">a)\u00a0<\/span><span style=\"font-size: 12pt;\">\u00a0\u00a0\u00a0\u00a0 Persecuci\u00f3n penal<\/span><\/strong><\/p>\n<ul style=\"text-align: justify;\">\n<li><span style=\"font-size: 12pt;\">Focalizaci\u00f3n de la persecuci\u00f3n penal priorizada para esclarecer los homicidios y delitos asociados.<\/span><\/li>\n<li><span style=\"font-size: 12pt;\">Focos investigativos especialmente donde hay tr\u00e1fico de<\/span><\/li>\n<li><span style=\"font-size: 12pt;\">Refuerzo del trabajo coordinado que realizamos con Fiscal\u00eda y<\/span><\/li>\n<li><span style=\"font-size: 12pt;\">Apoyo de informaci\u00f3n y fiscalizadores SII\/Aduanas.<\/span><\/li>\n<li><span style=\"font-size: 12pt;\">Capacitaci\u00f3n a la Fiscal\u00eda y polic\u00edas en investigaci\u00f3n de delitos de alta complejidad (homicidios con imputado desconocido, CO).<\/span><\/li>\n<\/ul>\n<h1 style=\"text-align: justify;\"><span style=\"font-size: 12pt;\">b)\u00a0\u00a0\u00a0\u00a0 Reforzamiento de actividad policial: Focalizaci\u00f3n intensiva en la fiscalizaci\u00f3n de armas en sectores a intervenir<\/span><\/h1>\n<ul style=\"text-align: justify;\">\n<li><span style=\"font-size: 12pt;\">Aumento de patrullajes, operativos masivos y puntos de control: controles de identidad, b\u00fasqueda de armas irregulares, empadronamiento y fiscalizaci\u00f3n de asuntos migratorios, \u00f3rdenes de detenci\u00f3n pendientes, pr\u00f3fugos.<\/span><\/li>\n<li><span style=\"font-size: 12pt;\">Dotaci\u00f3n adicional en Carabineros para estas<\/span><\/li>\n<li><span style=\"font-size: 12pt;\">Programa especial de refuerzo de los equipamientos de protecci\u00f3n.<\/span><\/li>\n<\/ul>\n<h1 style=\"text-align: justify;\"><span style=\"font-size: 12pt;\">c)\u00a0\u00a0\u00a0\u00a0\u00a0 Fiscalizaci\u00f3n de infracciones e incivilidades<\/span><\/h1>\n<ul style=\"text-align: justify;\">\n<li><span style=\"font-size: 12pt;\">Fiscalizaci\u00f3n municipal de comercios regulares e irregulares; locales de venta de alcohol; fiscalizaci\u00f3n de salud (cociner\u00edas), de Aduanas y SII (contrabando); fiscalizaci\u00f3n de inmuebles ocupados de manera abusiva e ilegal.<\/span><\/li>\n<\/ul>\n<h1 style=\"text-align: justify;\"><span style=\"font-size: 12pt;\">d)\u00a0\u00a0\u00a0\u00a0 Intervenci\u00f3n comunitaria y recuperaci\u00f3n de espacios p\u00fablicos<\/span><\/h1>\n<ul>\n<li style=\"text-align: justify;\"><span style=\"font-size: 12pt;\">Llevar el Estado donde ha estado<\/span><\/li>\n<li style=\"text-align: justify;\"><span style=\"font-size: 12pt;\">Servicios sociales y tr\u00e1mites p\u00fablicos (Fosis, Registro Civil, Senadis, Senama, Sence, Sercotec).<\/span><\/li>\n<li style=\"text-align: justify;\"><span style=\"font-size: 12pt;\">Recuperaci\u00f3n de espacios p\u00fablicos: inversiones de mejoramiento Subdere, MINVU, Serviu, Municipios, entre<\/span><\/li>\n<li style=\"text-align: justify;\"><span style=\"font-size: 12pt;\">Inversiones relativas a prevenci\u00f3n del delito: c\u00e1mara de seguridad, luminarias,etc.<\/span><\/li>\n<\/ul>\n<\/div><\/section><\/div><div  style='height:50px' class='hr hr-invisible   avia-builder-el-6  el_after_av_one_full  el_before_av_social_share '><span class='hr-inner ' ><span class='hr-inner-style'><\/span><\/span><\/div><\/p>\n<div  class='av-social-sharing-box  avia-builder-el-7  el_after_av_hr  el_before_av_hr  '><div class='av-share-box'><h5 class='av-share-link-description av-no-toc '>Compartir esta noticia<\/h5><ul class='av-share-box-list noLightbox'><li class='av-share-link av-social-link-facebook' ><a target=\"_blank\" aria-label=\"Compartir en Facebook\" href='https:\/\/www.facebook.com\/sharer.php?u=https:\/\/radiorevelacionfm.cl\/?p=30011&#038;t=Gobierno%20anuncia%20USD%201.500%20millones%20para%20reforzar%20la%20seguridad%20de%20las%20polic%C3%ADas' aria-hidden='false' data-av_icon='\ue8f3' data-av_iconfont='entypo-fontello' title='' data-avia-related-tooltip='Compartir en Facebook' rel=\"noopener\"><span class='avia_hidden_link_text'>Compartir en Facebook<\/span><\/a><\/li><li class='av-share-link av-social-link-twitter' ><a target=\"_blank\" aria-label=\"Compartir en Twitter\" href='https:\/\/twitter.com\/share?text=Gobierno%20anuncia%20USD%201.500%20millones%20para%20reforzar%20la%20seguridad%20de%20las%20polic%C3%ADas&#038;url=https:\/\/radiorevelacionfm.cl\/?p=30011' aria-hidden='false' data-av_icon='\ue8f1' data-av_iconfont='entypo-fontello' title='' data-avia-related-tooltip='Compartir en Twitter' rel=\"noopener\"><span class='avia_hidden_link_text'>Compartir en Twitter<\/span><\/a><\/li><li class='av-share-link av-social-link-whatsapp' ><a target=\"_blank\" aria-label=\"Compartir en Whatsapp\" href='https:\/\/api.whatsapp.com\/send?text=https:\/\/radiorevelacionfm.cl\/?p=30011' aria-hidden='false' data-av_icon='\uf232' data-av_iconfont='entypo-fontello' title='' data-avia-related-tooltip='Compartir en Whatsapp' rel=\"noopener\"><span class='avia_hidden_link_text'>Compartir en Whatsapp<\/span><\/a><\/li><li class='av-share-link av-social-link-linkedin' ><a target=\"_blank\" aria-label=\"Compartir en LinkedIn\" href='https:\/\/linkedin.com\/shareArticle?mini=true&#038;title=Gobierno%20anuncia%20USD%201.500%20millones%20para%20reforzar%20la%20seguridad%20de%20las%20polic%C3%ADas&#038;url=https:\/\/radiorevelacionfm.cl\/?p=30011' aria-hidden='false' data-av_icon='\ue8fc' data-av_iconfont='entypo-fontello' title='' data-avia-related-tooltip='Compartir en LinkedIn' rel=\"noopener\"><span class='avia_hidden_link_text'>Compartir en LinkedIn<\/span><\/a><\/li><li class='av-share-link av-social-link-mail' ><a  aria-label=\"Compartir por correo\" href='mailto:?subject=Gobierno%20anuncia%20USD%201.500%20millones%20para%20reforzar%20la%20seguridad%20de%20las%20polic%C3%ADas&#038;body=https:\/\/radiorevelacionfm.cl\/?p=30011' aria-hidden='false' data-av_icon='\ue805' data-av_iconfont='entypo-fontello' title='' data-avia-related-tooltip='Compartir por correo'><span class='avia_hidden_link_text'>Compartir por correo<\/span><\/a><\/li><\/ul><\/div><\/div>\n<div  style='height:50px' class='hr hr-invisible   avia-builder-el-8  el_after_av_social_share  el_before_av_comments_list '><span class='hr-inner ' ><span class='hr-inner-style'><\/span><\/span><\/div>\n<div  class='av-buildercomment  av-blog-meta-html-info-disabled av-blog-meta-tag-disabled  '><\/div>\n","protected":false},"excerpt":{"rendered":"","protected":false},"author":1,"featured_media":4923,"comment_status":"open","ping_status":"open","sticky":false,"template":"","format":"standard","meta":{"footnotes":""},"categories":[36],"tags":[],"class_list":["post-30011","post","type-post","status-publish","format-standard","has-post-thumbnail","hentry","category-policial"],"jetpack_featured_media_url":"https:\/\/radiorevelacionfm.cl\/wp-content\/uploads\/2021\/06\/COMISARIA-COYHAIQUE-1-1.jpg","_links":{"self":[{"href":"https:\/\/radiorevelacionfm.cl\/index.php?rest_route=\/wp\/v2\/posts\/30011","targetHints":{"allow":["GET"]}}],"collection":[{"href":"https:\/\/radiorevelacionfm.cl\/index.php?rest_route=\/wp\/v2\/posts"}],"about":[{"href":"https:\/\/radiorevelacionfm.cl\/index.php?rest_route=\/wp\/v2\/types\/post"}],"author":[{"embeddable":true,"href":"https:\/\/radiorevelacionfm.cl\/index.php?rest_route=\/wp\/v2\/users\/1"}],"replies":[{"embeddable":true,"href":"https:\/\/radiorevelacionfm.cl\/index.php?rest_route=%2Fwp%2Fv2%2Fcomments&post=30011"}],"version-history":[{"count":1,"href":"https:\/\/radiorevelacionfm.cl\/index.php?rest_route=\/wp\/v2\/posts\/30011\/revisions"}],"predecessor-version":[{"id":30012,"href":"https:\/\/radiorevelacionfm.cl\/index.php?rest_route=\/wp\/v2\/posts\/30011\/revisions\/30012"}],"wp:featuredmedia":[{"embeddable":true,"href":"https:\/\/radiorevelacionfm.cl\/index.php?rest_route=\/wp\/v2\/media\/4923"}],"wp:attachment":[{"href":"https:\/\/radiorevelacionfm.cl\/index.php?rest_route=%2Fwp%2Fv2%2Fmedia&parent=30011"}],"wp:term":[{"taxonomy":"category","embeddable":true,"href":"https:\/\/radiorevelacionfm.cl\/index.php?rest_route=%2Fwp%2Fv2%2Fcategories&post=30011"},{"taxonomy":"post_tag","embeddable":true,"href":"https:\/\/radiorevelacionfm.cl\/index.php?rest_route=%2Fwp%2Fv2%2Ftags&post=30011"}],"curies":[{"name":"wp","href":"https:\/\/api.w.org\/{rel}","templated":true}]}}