{"id":30005,"date":"2023-04-13T11:00:48","date_gmt":"2023-04-13T14:00:48","guid":{"rendered":"https:\/\/radiorevelacionfm.cl\/?p=30005"},"modified":"2023-04-13T11:00:48","modified_gmt":"2023-04-13T14:00:48","slug":"virus-respiratorios-estacionales-como-prevenirlos-en-otono","status":"publish","type":"post","link":"https:\/\/radiorevelacionfm.cl\/?p=30005","title":{"rendered":"Virus respiratorios estacionales: \u00bfC\u00f3mo prevenirlos en oto\u00f1o?"},"content":{"rendered":"<div class=\"flex_column av_one_full  flex_column_div av-zero-column-padding first  avia-builder-el-0  el_before_av_one_full  avia-builder-el-first  \" style='border-radius:0px; '><div  class='avia-image-container  av-styling-    avia-builder-el-1  avia-builder-el-no-sibling  avia-align-center '  itemprop=\"image\" itemscope=\"itemscope\" itemtype=\"https:\/\/schema.org\/ImageObject\"  ><div class='avia-image-container-inner'><div class='avia-image-overlay-wrap'><img decoding=\"async\" class='wp-image-30006 avia-img-lazy-loading-not-30006 avia_image' src=\"https:\/\/radiorevelacionfm.cl\/wp-content\/uploads\/2023\/04\/resfriado-1-1.jpg\" alt='' title='resfriado (1) (1)' height=\"600\" width=\"1067\"  itemprop=\"thumbnailUrl\" srcset=\"https:\/\/radiorevelacionfm.cl\/wp-content\/uploads\/2023\/04\/resfriado-1-1.jpg 1067w, https:\/\/radiorevelacionfm.cl\/wp-content\/uploads\/2023\/04\/resfriado-1-1-300x169.jpg 300w, https:\/\/radiorevelacionfm.cl\/wp-content\/uploads\/2023\/04\/resfriado-1-1-1030x579.jpg 1030w, https:\/\/radiorevelacionfm.cl\/wp-content\/uploads\/2023\/04\/resfriado-1-1-768x432.jpg 768w, https:\/\/radiorevelacionfm.cl\/wp-content\/uploads\/2023\/04\/resfriado-1-1-705x396.jpg 705w, https:\/\/radiorevelacionfm.cl\/wp-content\/uploads\/2023\/04\/resfriado-1-1-450x253.jpg 450w, https:\/\/radiorevelacionfm.cl\/wp-content\/uploads\/2023\/04\/resfriado-1-1-600x337.jpg 600w\" sizes=\"(max-width: 1067px) 100vw, 1067px\" \/><\/div><\/div><\/div><\/div><div class=\"flex_column av_one_full  flex_column_div av-zero-column-padding first  avia-builder-el-2  el_after_av_one_full  el_before_av_one_full  column-top-margin\" style='border-radius:0px; '><section class=\"av_textblock_section \"  itemscope=\"itemscope\" itemtype=\"https:\/\/schema.org\/BlogPosting\" itemprop=\"blogPost\" ><div class='avia_textblock  '   itemprop=\"text\" ><p style=\"text-align: center;\"><span style=\"font-size: 18pt;\"><b>Virus respiratorios estacionales: \u00bfC\u00f3mo prevenirlos en oto\u00f1o?<\/b><\/span><\/p>\n<div id=\"gtx-trans\" style=\"position: absolute; left: -50px; top: 4.31534px;\">\n<div class=\"gtx-trans-icon\"><\/div>\n<\/div>\n<\/div><\/section><\/div><div class=\"flex_column av_one_full  flex_column_div av-zero-column-padding first  avia-builder-el-4  el_after_av_one_full  el_before_av_hr  column-top-margin\" style='border-radius:0px; '><section class=\"av_textblock_section \"  itemscope=\"itemscope\" itemtype=\"https:\/\/schema.org\/BlogPosting\" itemprop=\"blogPost\" ><div class='avia_textblock  '   itemprop=\"text\" ><p style=\"font-weight: 400; text-align: justify;\">Conocidos por tener una mayor circulaci\u00f3n en ciertas \u00e9pocas del a\u00f1o, los virus respiratorios estacionales suelen ser frecuentes entre ni\u00f1os y adultos mayores durante los primeros meses de oto\u00f1o, ya que, seg\u00fan especialistas, son los rangos etarios m\u00e1s vulnerables frente a contagios.<\/p>\n<p style=\"font-weight: 400; text-align: justify;\">De acuerdo al \u00faltimo informe del\u00a0<a href=\"https:\/\/www.ispch.gob.cl\/biomedico\/vigilancia-de-laboratorio\/ambitos-de-vigilancia\/vigilancia-virus-respiratorios\/informes-virus-respiratorios\/?y=2023\" data-saferedirecturl=\"https:\/\/www.google.com\/url?q=https:\/\/www.ispch.gob.cl\/biomedico\/vigilancia-de-laboratorio\/ambitos-de-vigilancia\/vigilancia-virus-respiratorios\/informes-virus-respiratorios\/?y%3D2023&amp;source=gmail&amp;ust=1681479633078000&amp;usg=AOvVaw3R1fhvZwwJpQ8JF5w4Llfx\">Instituto de Salud P\u00fablica del Ministerio de Salud<\/a>, de los 525 casos positivos registrados durante la semana del 2 al 8 de abril, la Influenza A fue el virus m\u00e1s detectado (29,3%). El grupo de edad m\u00e1s afectado fue el de 5 a 14 a\u00f1os. Luego se presentan casos de Adenovirus (23,4%), Parainfluenza (17,9%), SARS-CoV-2 (14,1%), VRS (9,9%), Influenza B (4,0%) y Metapneumovirus (1,4%). Sin embargo, de los 2.174 casos estudiados, el 25,6% correspondi\u00f3 al grupo de 1 a 4 a\u00f1os.<\/p>\n<p style=\"font-weight: 400; text-align: justify;\">Al respecto, la\u00a0Dra. Gema P\u00e9rez, broncopulmonar infantil de Cl\u00ednica D\u00e1vila y D\u00e1vila Vespucio,\u00a0sostiene: \u201cDesde el inicio de clases hemos visto continuamente el aumento de las consultas respiratorias, tanto ambulatorias como en urgencias. En este momento est\u00e1 circulando bastante influenza, rinovirus y coronavirus en ni\u00f1os y, por supuesto, uno que otro caso de virus sincicial, adenovirus, enterovirus\u201d.<\/p>\n<p style=\"font-weight: 400; text-align: justify;\">Por este motivo, recomienda la especialista: \u00abPrestar atenci\u00f3n a todos los s\u00edntomas respiratorios que al inicio son comunes, pero, cuando no baje la fiebre, llevar a los ni\u00f1os a urgencia, sobre todo a los m\u00e1s peque\u00f1os cuando hacen pausas para respirar y se les hunden las costillas\u201d.<\/p>\n<p style=\"font-weight: 400; text-align: justify;\">\u201cSabemos que iniciando el a\u00f1o escolar empiezan a circular mayores virus en los ni\u00f1os, dada las condiciones en que est\u00e1n, con salas cerradas y poca ventilaci\u00f3n, por ello, se producen m\u00e1s contagios. Los padres deben preocuparse y asistir a un centro de atenci\u00f3n de urgencia cuando el ni\u00f1o deje de comer, sienta decaimiento, tenga tos persistente asociada a dificultades respiratorias y su fiebre se mantenga por m\u00e1s de 3 d\u00edas pese recibir tratamiento. La fiebre no es un s\u00edntoma por s\u00ed solo para alertarse, debe acompa\u00f1arse de los signos ya mencionados\u201d, asegura el Dr.\u00a0Alfredo Labarca, urgenci\u00f3logo de Help.<\/p>\n<p style=\"font-weight: 400; text-align: justify;\">Asimismo, la\u00a0Dra. Ana Mar\u00eda Herrera, broncopulmonar infantojuvenil de Cl\u00ednica Santa Mar\u00eda, complementa: \u201cEn estos d\u00edas hemos visto muchos ni\u00f1os con s\u00edntomas de resfr\u00edo, con moquitos, un poco dolor de garganta y de tos. Por el incremento de las infecciones virales, en esta \u00e9poca tambi\u00e9n hemos visto bastantes ni\u00f1os con asma, que se han descompensado, muchos con crisis, incluso llegando a hospitalizarse\u201d.<\/p>\n<p style=\"font-weight: 400; text-align: justify;\">Para evitar este tipo de virus, especialistas sugieren tomar algunas medidas:<\/p>\n<ul style=\"font-weight: 400; text-align: justify;\">\n<li>Una buena higiene de las manos con alcohol gel o agua y jab\u00f3n.<\/li>\n<li>Hacer uso correcto de mascarillas en espacios cerrados y evitar los contaminantes intradomiciliarios como el humo del tabaco.<\/li>\n<li>No tener contacto estrecho con personas que presenten s\u00edntomas respiratorios.<\/li>\n<li>Evitar exponerse a cambios bruscos de temperatura.<\/li>\n<li>Promover desde la infancia la cobertura de la boca y la nariz al momento de toser o estornudar con el antebrazo.<\/li>\n<li>Mantener el estado de inmunizaciones al d\u00eda.<\/li>\n<\/ul>\n<p style=\"font-weight: 400; text-align: justify;\">Respecto al \u00faltimo punto, el\u00a0Dr. Jaime Lozano, jefe de Pediatr\u00eda de Cl\u00ednica Santa Mar\u00eda,\u00a0destaca que los ni\u00f1os vacunados poseen menos s\u00edntomas y riesgos de contagio: \u201cEn el caso de la del coronavirus, son dos dosis y hay un primer y segundo refuerzo, ya que en nuestro pa\u00eds est\u00e1 aprobada para su uso en los mayores de tres a\u00f1os. La tasa actual de vacunaci\u00f3n y de refuerzo en ni\u00f1o es muy baja. Tambi\u00e9n hay que recordar que se inici\u00f3 hace algunas semanas la campa\u00f1a contra la influenza y dentro del grupo objetivo est\u00e1n los ni\u00f1os entre seis meses y 10 a\u00f1os, enfermos cr\u00f3nicos, personas sobre los 65 a\u00f1os, embarazadas, entre otros\u00bb.<\/p>\n<p style=\"font-weight: 400; text-align: justify;\">De la misma forma, la\u00a0Dra. Leonila Ferreira, jefa de la Unidad de Paciente Cr\u00edtico (UPC) de Cl\u00ednica Biob\u00edo,\u00a0agrega: \u201cTenemos una baja vacunaci\u00f3n en los grupos de riesgo, lo cual, lamentablemente, podr\u00eda llevar a un aumento de casos graves. Esto se debe a que, pasado el tiempo, los niveles de anticuerpo disminuyen y con ello la inmunidad para el virus. Llegando a necesitar hospitalizaci\u00f3n, incluso en unidades de cuidados intensivos\u201d.<\/p>\n<\/div><\/section><\/div><div  style='height:50px' class='hr hr-invisible   avia-builder-el-6  el_after_av_one_full  el_before_av_social_share '><span class='hr-inner ' ><span class='hr-inner-style'><\/span><\/span><\/div><\/p>\n<div  class='av-social-sharing-box  avia-builder-el-7  el_after_av_hr  el_before_av_hr  '><div class='av-share-box'><h5 class='av-share-link-description av-no-toc '>Compartir esta noticia<\/h5><ul class='av-share-box-list noLightbox'><li class='av-share-link av-social-link-facebook' ><a target=\"_blank\" aria-label=\"Compartir en Facebook\" href='https:\/\/www.facebook.com\/sharer.php?u=https:\/\/radiorevelacionfm.cl\/?p=30005&#038;t=Virus%20respiratorios%20estacionales%3A%20%C2%BFC%C3%B3mo%20prevenirlos%20en%20oto%C3%B1o%3F' aria-hidden='false' data-av_icon='\ue8f3' data-av_iconfont='entypo-fontello' title='' data-avia-related-tooltip='Compartir en Facebook' rel=\"noopener\"><span class='avia_hidden_link_text'>Compartir en Facebook<\/span><\/a><\/li><li class='av-share-link av-social-link-twitter' ><a target=\"_blank\" aria-label=\"Compartir en Twitter\" href='https:\/\/twitter.com\/share?text=Virus%20respiratorios%20estacionales%3A%20%C2%BFC%C3%B3mo%20prevenirlos%20en%20oto%C3%B1o%3F&#038;url=https:\/\/radiorevelacionfm.cl\/?p=30005' aria-hidden='false' data-av_icon='\ue8f1' data-av_iconfont='entypo-fontello' title='' data-avia-related-tooltip='Compartir en Twitter' rel=\"noopener\"><span class='avia_hidden_link_text'>Compartir en Twitter<\/span><\/a><\/li><li class='av-share-link av-social-link-whatsapp' ><a target=\"_blank\" aria-label=\"Compartir en Whatsapp\" href='https:\/\/api.whatsapp.com\/send?text=https:\/\/radiorevelacionfm.cl\/?p=30005' aria-hidden='false' data-av_icon='\uf232' data-av_iconfont='entypo-fontello' title='' data-avia-related-tooltip='Compartir en Whatsapp' rel=\"noopener\"><span class='avia_hidden_link_text'>Compartir en Whatsapp<\/span><\/a><\/li><li class='av-share-link av-social-link-linkedin' ><a target=\"_blank\" aria-label=\"Compartir en LinkedIn\" href='https:\/\/linkedin.com\/shareArticle?mini=true&#038;title=Virus%20respiratorios%20estacionales%3A%20%C2%BFC%C3%B3mo%20prevenirlos%20en%20oto%C3%B1o%3F&#038;url=https:\/\/radiorevelacionfm.cl\/?p=30005' aria-hidden='false' data-av_icon='\ue8fc' data-av_iconfont='entypo-fontello' title='' data-avia-related-tooltip='Compartir en LinkedIn' rel=\"noopener\"><span class='avia_hidden_link_text'>Compartir en LinkedIn<\/span><\/a><\/li><li class='av-share-link av-social-link-mail' ><a  aria-label=\"Compartir por correo\" href='mailto:?subject=Virus%20respiratorios%20estacionales%3A%20%C2%BFC%C3%B3mo%20prevenirlos%20en%20oto%C3%B1o%3F&#038;body=https:\/\/radiorevelacionfm.cl\/?p=30005' aria-hidden='false' data-av_icon='\ue805' data-av_iconfont='entypo-fontello' title='' data-avia-related-tooltip='Compartir por correo'><span class='avia_hidden_link_text'>Compartir por correo<\/span><\/a><\/li><\/ul><\/div><\/div>\n<div  style='height:50px' class='hr hr-invisible   avia-builder-el-8  el_after_av_social_share  el_before_av_comments_list '><span class='hr-inner ' ><span class='hr-inner-style'><\/span><\/span><\/div>\n<div  class='av-buildercomment  av-blog-meta-html-info-disabled av-blog-meta-tag-disabled  '><\/div>\n","protected":false},"excerpt":{"rendered":"","protected":false},"author":1,"featured_media":30006,"comment_status":"open","ping_status":"open","sticky":false,"template":"","format":"standard","meta":{"footnotes":""},"categories":[46],"tags":[],"class_list":["post-30005","post","type-post","status-publish","format-standard","has-post-thumbnail","hentry","category-salud"],"jetpack_featured_media_url":"https:\/\/radiorevelacionfm.cl\/wp-content\/uploads\/2023\/04\/resfriado-1-1.jpg","_links":{"self":[{"href":"https:\/\/radiorevelacionfm.cl\/index.php?rest_route=\/wp\/v2\/posts\/30005","targetHints":{"allow":["GET"]}}],"collection":[{"href":"https:\/\/radiorevelacionfm.cl\/index.php?rest_route=\/wp\/v2\/posts"}],"about":[{"href":"https:\/\/radiorevelacionfm.cl\/index.php?rest_route=\/wp\/v2\/types\/post"}],"author":[{"embeddable":true,"href":"https:\/\/radiorevelacionfm.cl\/index.php?rest_route=\/wp\/v2\/users\/1"}],"replies":[{"embeddable":true,"href":"https:\/\/radiorevelacionfm.cl\/index.php?rest_route=%2Fwp%2Fv2%2Fcomments&post=30005"}],"version-history":[{"count":1,"href":"https:\/\/radiorevelacionfm.cl\/index.php?rest_route=\/wp\/v2\/posts\/30005\/revisions"}],"predecessor-version":[{"id":30007,"href":"https:\/\/radiorevelacionfm.cl\/index.php?rest_route=\/wp\/v2\/posts\/30005\/revisions\/30007"}],"wp:featuredmedia":[{"embeddable":true,"href":"https:\/\/radiorevelacionfm.cl\/index.php?rest_route=\/wp\/v2\/media\/30006"}],"wp:attachment":[{"href":"https:\/\/radiorevelacionfm.cl\/index.php?rest_route=%2Fwp%2Fv2%2Fmedia&parent=30005"}],"wp:term":[{"taxonomy":"category","embeddable":true,"href":"https:\/\/radiorevelacionfm.cl\/index.php?rest_route=%2Fwp%2Fv2%2Fcategories&post=30005"},{"taxonomy":"post_tag","embeddable":true,"href":"https:\/\/radiorevelacionfm.cl\/index.php?rest_route=%2Fwp%2Fv2%2Ftags&post=30005"}],"curies":[{"name":"wp","href":"https:\/\/api.w.org\/{rel}","templated":true}]}}