{"id":30001,"date":"2023-04-12T20:11:32","date_gmt":"2023-04-12T23:11:32","guid":{"rendered":"https:\/\/radiorevelacionfm.cl\/?p=30001"},"modified":"2023-04-12T20:11:32","modified_gmt":"2023-04-12T23:11:32","slug":"comenzo-a-funcionar-nuevo-turno-en-la-unidad-de-dialisis-del-hospital-de-puerto-aysen","status":"publish","type":"post","link":"https:\/\/radiorevelacionfm.cl\/?p=30001","title":{"rendered":"Comenz\u00f3 a funcionar nuevo turno en la Unidad de Di\u00e1lisis del Hospital de Puerto Ays\u00e9n"},"content":{"rendered":"<div class=\"flex_column av_one_full  flex_column_div av-zero-column-padding first  avia-builder-el-0  el_before_av_one_full  avia-builder-el-first  \" style='border-radius:0px; '><div  class='avia-image-container  av-styling-    avia-builder-el-1  avia-builder-el-no-sibling  avia-align-center '  itemprop=\"image\" itemscope=\"itemscope\" itemtype=\"https:\/\/schema.org\/ImageObject\"  ><div class='avia-image-container-inner'><div class='avia-image-overlay-wrap'><img decoding=\"async\" class='wp-image-30002 avia-img-lazy-loading-not-30002 avia_image' src=\"https:\/\/radiorevelacionfm.cl\/wp-content\/uploads\/2023\/04\/unidad-dialisis-001-1_optimized.jpg\" alt='' title='unidad-dialisis-001-(1)_optimized' height=\"600\" width=\"900\"  itemprop=\"thumbnailUrl\" srcset=\"https:\/\/radiorevelacionfm.cl\/wp-content\/uploads\/2023\/04\/unidad-dialisis-001-1_optimized.jpg 900w, https:\/\/radiorevelacionfm.cl\/wp-content\/uploads\/2023\/04\/unidad-dialisis-001-1_optimized-300x200.jpg 300w, https:\/\/radiorevelacionfm.cl\/wp-content\/uploads\/2023\/04\/unidad-dialisis-001-1_optimized-768x512.jpg 768w, https:\/\/radiorevelacionfm.cl\/wp-content\/uploads\/2023\/04\/unidad-dialisis-001-1_optimized-705x470.jpg 705w, https:\/\/radiorevelacionfm.cl\/wp-content\/uploads\/2023\/04\/unidad-dialisis-001-1_optimized-450x300.jpg 450w, https:\/\/radiorevelacionfm.cl\/wp-content\/uploads\/2023\/04\/unidad-dialisis-001-1_optimized-600x400.jpg 600w\" sizes=\"(max-width: 900px) 100vw, 900px\" \/><\/div><\/div><\/div><\/div><div class=\"flex_column av_one_full  flex_column_div av-zero-column-padding first  avia-builder-el-2  el_after_av_one_full  el_before_av_one_full  column-top-margin\" style='border-radius:0px; '><section class=\"av_textblock_section \"  itemscope=\"itemscope\" itemtype=\"https:\/\/schema.org\/BlogPosting\" itemprop=\"blogPost\" ><div class='avia_textblock  '   itemprop=\"text\" ><p style=\"text-align: center;\"><strong><span style=\"font-size: 18pt;\">Comenz\u00f3 a funcionar nuevo turno en la Unidad de Di\u00e1lisis del Hospital de Puerto Ays\u00e9n<\/span><\/strong><\/p>\n<div id=\"gtx-trans\" style=\"position: absolute; left: -50px; top: 4.31534px;\">\n<div class=\"gtx-trans-icon\"><\/div>\n<\/div>\n<\/div><\/section><\/div><div class=\"flex_column av_one_full  flex_column_div av-zero-column-padding first  avia-builder-el-4  el_after_av_one_full  el_before_av_hr  column-top-margin\" style='border-radius:0px; '><section class=\"av_textblock_section \"  itemscope=\"itemscope\" itemtype=\"https:\/\/schema.org\/BlogPosting\" itemprop=\"blogPost\" ><div class='avia_textblock  '   itemprop=\"text\" ><p style=\"font-weight: 400; text-align: justify;\">Una buena noticia es la que recibieron los usuarios de la Unidad de Di\u00e1lisis del Hospital de Puerto Ays\u00e9n, ya que, gracias a la apertura de un tercer turno, se podr\u00e1n aperturar nuevos cupos para estos pacientes que tienen alguna condici\u00f3n que complica su estado renal.<\/p>\n<p style=\"font-weight: 400; text-align: justify;\">Gracias a este incremento en su capacidad de resoluci\u00f3n, la Unidad aumentar\u00e1 su producci\u00f3n de los actuales 49 usuarios a un total de 54.<\/p>\n<p style=\"font-weight: 400; text-align: justify;\">Para H\u00e9ctor Uribe, presidente de la Agrupaci\u00f3n de Dializados de Puerto Ays\u00e9n y tambi\u00e9n usuario de la Unidad, destac\u00f3 este avance fundamental. \u201cQuiero agradecer a la direcci\u00f3n por el apoyo que nos est\u00e1 dando, es para un m\u00e1ximo de 60 pacientes en un futuro. Es un gran esfuerzo de la Direcci\u00f3n y del personal de la Unidad poder llegar a este tercer turno\u201d.<\/p>\n<p style=\"font-weight: 400; text-align: justify;\">Para Claudio Arriagada Momberg, director del establecimiento, el nuevo turno de la Unidad impactar\u00e1 positiva y directamente en los nuevos usuarios que estaban a la espera de cupo y tambi\u00e9n para los funcionarios que estaban con una importante carga laboral. \u201cMuy contento porque abrimos la posibilidad de que nuevas personas accedan a mejorar su calidad de vida. Se reforz\u00f3 el equipo de la Unidad, abriendo la posibilidad de que nuevas personas accedan a esta prestaci\u00f3n que es vital e important\u00edsima para sus vidas y que por falta de cupo no pod\u00edan ser atendidas. Con esto garantizamos su tratamiento\u201d.<\/p>\n<p style=\"font-weight: 400; text-align: justify;\">En tanto, la Dra. Mar\u00eda Claudia Mart\u00ednez, jefa de la Unidad de la Di\u00e1lisis, se\u00f1al\u00f3 su satisfacci\u00f3n por la lucha constante de estas personas por continuar con sus tratamientos y su continuo esp\u00edritu de lucha \u201cya se pudo concretar la apertura de este tercer turno para rescatar a los pacientes que se estaban dializando en Coyhaique, pacientes nuestros y dejar los turnos como corresponde\u201d se\u00f1al\u00f3 la profesional.<\/p>\n<p style=\"font-weight: 400; text-align: justify;\"><strong>Nuevos sillones para la Unidad de Di\u00e1lisis<\/strong><\/p>\n<p style=\"font-weight: 400; text-align: justify;\">Todo esto se suma a la incorporaci\u00f3n de tres nuevos sillones capaces de entregar hemodiafiltraci\u00f3n, nueva forma de di\u00e1lisis que limpia las toxinas del cuerpo de mejor manera y que est\u00e1 especialmente indicada en pacientes cuya presi\u00f3n arterial es inestable y que posiblemente requieran di\u00e1lisis por varios a\u00f1os, es decir cuya oportunidad de trasplante es baja \u201ces una di\u00e1lisis de mejor calidad y que tiene beneficios en todo sentido\u201d, remat\u00f3 la profesional y jefa de la Unidad.<\/p>\n<\/div><\/section><\/div><div  style='height:50px' class='hr hr-invisible   avia-builder-el-6  el_after_av_one_full  el_before_av_social_share '><span class='hr-inner ' ><span class='hr-inner-style'><\/span><\/span><\/div><\/p>\n<div  class='av-social-sharing-box  avia-builder-el-7  el_after_av_hr  el_before_av_hr  '><div class='av-share-box'><h5 class='av-share-link-description av-no-toc '>Compartir esta noticia<\/h5><ul class='av-share-box-list noLightbox'><li class='av-share-link av-social-link-facebook' ><a target=\"_blank\" aria-label=\"Compartir en Facebook\" href='https:\/\/www.facebook.com\/sharer.php?u=https:\/\/radiorevelacionfm.cl\/?p=30001&#038;t=Comenz%C3%B3%20a%20funcionar%20nuevo%20turno%20en%20la%20Unidad%20de%20Di%C3%A1lisis%20del%20Hospital%20de%20Puerto%20Ays%C3%A9n' aria-hidden='false' data-av_icon='\ue8f3' data-av_iconfont='entypo-fontello' title='' data-avia-related-tooltip='Compartir en Facebook' rel=\"noopener\"><span class='avia_hidden_link_text'>Compartir en Facebook<\/span><\/a><\/li><li class='av-share-link av-social-link-twitter' ><a target=\"_blank\" aria-label=\"Compartir en Twitter\" href='https:\/\/twitter.com\/share?text=Comenz%C3%B3%20a%20funcionar%20nuevo%20turno%20en%20la%20Unidad%20de%20Di%C3%A1lisis%20del%20Hospital%20de%20Puerto%20Ays%C3%A9n&#038;url=https:\/\/radiorevelacionfm.cl\/?p=30001' aria-hidden='false' data-av_icon='\ue8f1' data-av_iconfont='entypo-fontello' title='' data-avia-related-tooltip='Compartir en Twitter' rel=\"noopener\"><span class='avia_hidden_link_text'>Compartir en Twitter<\/span><\/a><\/li><li class='av-share-link av-social-link-whatsapp' ><a target=\"_blank\" aria-label=\"Compartir en Whatsapp\" href='https:\/\/api.whatsapp.com\/send?text=https:\/\/radiorevelacionfm.cl\/?p=30001' aria-hidden='false' data-av_icon='\uf232' data-av_iconfont='entypo-fontello' title='' data-avia-related-tooltip='Compartir en Whatsapp' rel=\"noopener\"><span class='avia_hidden_link_text'>Compartir en Whatsapp<\/span><\/a><\/li><li class='av-share-link av-social-link-linkedin' ><a target=\"_blank\" aria-label=\"Compartir en LinkedIn\" href='https:\/\/linkedin.com\/shareArticle?mini=true&#038;title=Comenz%C3%B3%20a%20funcionar%20nuevo%20turno%20en%20la%20Unidad%20de%20Di%C3%A1lisis%20del%20Hospital%20de%20Puerto%20Ays%C3%A9n&#038;url=https:\/\/radiorevelacionfm.cl\/?p=30001' aria-hidden='false' data-av_icon='\ue8fc' data-av_iconfont='entypo-fontello' title='' data-avia-related-tooltip='Compartir en LinkedIn' rel=\"noopener\"><span class='avia_hidden_link_text'>Compartir en LinkedIn<\/span><\/a><\/li><li class='av-share-link av-social-link-mail' ><a  aria-label=\"Compartir por correo\" href='mailto:?subject=Comenz%C3%B3%20a%20funcionar%20nuevo%20turno%20en%20la%20Unidad%20de%20Di%C3%A1lisis%20del%20Hospital%20de%20Puerto%20Ays%C3%A9n&#038;body=https:\/\/radiorevelacionfm.cl\/?p=30001' aria-hidden='false' data-av_icon='\ue805' data-av_iconfont='entypo-fontello' title='' data-avia-related-tooltip='Compartir por correo'><span class='avia_hidden_link_text'>Compartir por correo<\/span><\/a><\/li><\/ul><\/div><\/div>\n<div  style='height:50px' class='hr hr-invisible   avia-builder-el-8  el_after_av_social_share  el_before_av_comments_list '><span class='hr-inner ' ><span class='hr-inner-style'><\/span><\/span><\/div>\n<div  class='av-buildercomment  av-blog-meta-html-info-disabled av-blog-meta-tag-disabled  '><\/div>\n","protected":false},"excerpt":{"rendered":"","protected":false},"author":1,"featured_media":30002,"comment_status":"open","ping_status":"open","sticky":false,"template":"","format":"standard","meta":{"footnotes":""},"categories":[46],"tags":[],"class_list":["post-30001","post","type-post","status-publish","format-standard","has-post-thumbnail","hentry","category-salud"],"jetpack_featured_media_url":"https:\/\/radiorevelacionfm.cl\/wp-content\/uploads\/2023\/04\/unidad-dialisis-001-1_optimized.jpg","_links":{"self":[{"href":"https:\/\/radiorevelacionfm.cl\/index.php?rest_route=\/wp\/v2\/posts\/30001","targetHints":{"allow":["GET"]}}],"collection":[{"href":"https:\/\/radiorevelacionfm.cl\/index.php?rest_route=\/wp\/v2\/posts"}],"about":[{"href":"https:\/\/radiorevelacionfm.cl\/index.php?rest_route=\/wp\/v2\/types\/post"}],"author":[{"embeddable":true,"href":"https:\/\/radiorevelacionfm.cl\/index.php?rest_route=\/wp\/v2\/users\/1"}],"replies":[{"embeddable":true,"href":"https:\/\/radiorevelacionfm.cl\/index.php?rest_route=%2Fwp%2Fv2%2Fcomments&post=30001"}],"version-history":[{"count":1,"href":"https:\/\/radiorevelacionfm.cl\/index.php?rest_route=\/wp\/v2\/posts\/30001\/revisions"}],"predecessor-version":[{"id":30003,"href":"https:\/\/radiorevelacionfm.cl\/index.php?rest_route=\/wp\/v2\/posts\/30001\/revisions\/30003"}],"wp:featuredmedia":[{"embeddable":true,"href":"https:\/\/radiorevelacionfm.cl\/index.php?rest_route=\/wp\/v2\/media\/30002"}],"wp:attachment":[{"href":"https:\/\/radiorevelacionfm.cl\/index.php?rest_route=%2Fwp%2Fv2%2Fmedia&parent=30001"}],"wp:term":[{"taxonomy":"category","embeddable":true,"href":"https:\/\/radiorevelacionfm.cl\/index.php?rest_route=%2Fwp%2Fv2%2Fcategories&post=30001"},{"taxonomy":"post_tag","embeddable":true,"href":"https:\/\/radiorevelacionfm.cl\/index.php?rest_route=%2Fwp%2Fv2%2Ftags&post=30001"}],"curies":[{"name":"wp","href":"https:\/\/api.w.org\/{rel}","templated":true}]}}