{"id":29995,"date":"2023-04-12T18:27:49","date_gmt":"2023-04-12T21:27:49","guid":{"rendered":"https:\/\/radiorevelacionfm.cl\/?p=29995"},"modified":"2023-04-12T18:27:49","modified_gmt":"2023-04-12T21:27:49","slug":"inician-servicio-de-transporte-gratuito-para-adultos-mayores-expreso-conecta-mayor-en-comuna-de-aysen","status":"publish","type":"post","link":"https:\/\/radiorevelacionfm.cl\/?p=29995","title":{"rendered":"Inician servicio de transporte gratuito para adultos mayores \u201cExpreso Conecta Mayor\u201d en comuna de Ays\u00e9n"},"content":{"rendered":"<div class=\"flex_column av_one_full  flex_column_div av-zero-column-padding first  avia-builder-el-0  el_before_av_one_full  avia-builder-el-first  \" style='border-radius:0px; '><div  class='avia-image-container  av-styling-    avia-builder-el-1  avia-builder-el-no-sibling  avia-align-center '  itemprop=\"image\" itemscope=\"itemscope\" itemtype=\"https:\/\/schema.org\/ImageObject\"  ><div class='avia-image-container-inner'><div class='avia-image-overlay-wrap'><img decoding=\"async\" class='wp-image-29996 avia-img-lazy-loading-not-29996 avia_image' src=\"https:\/\/radiorevelacionfm.cl\/wp-content\/uploads\/2023\/04\/PXL_20230406_200518388-1-1-1.jpg\" alt='' title='PXL_20230406_200518388 (1) (1) (1)' height=\"600\" width=\"1067\"  itemprop=\"thumbnailUrl\" srcset=\"https:\/\/radiorevelacionfm.cl\/wp-content\/uploads\/2023\/04\/PXL_20230406_200518388-1-1-1.jpg 1067w, https:\/\/radiorevelacionfm.cl\/wp-content\/uploads\/2023\/04\/PXL_20230406_200518388-1-1-1-300x169.jpg 300w, https:\/\/radiorevelacionfm.cl\/wp-content\/uploads\/2023\/04\/PXL_20230406_200518388-1-1-1-1030x579.jpg 1030w, https:\/\/radiorevelacionfm.cl\/wp-content\/uploads\/2023\/04\/PXL_20230406_200518388-1-1-1-768x432.jpg 768w, https:\/\/radiorevelacionfm.cl\/wp-content\/uploads\/2023\/04\/PXL_20230406_200518388-1-1-1-705x396.jpg 705w, https:\/\/radiorevelacionfm.cl\/wp-content\/uploads\/2023\/04\/PXL_20230406_200518388-1-1-1-450x253.jpg 450w, https:\/\/radiorevelacionfm.cl\/wp-content\/uploads\/2023\/04\/PXL_20230406_200518388-1-1-1-600x337.jpg 600w\" sizes=\"(max-width: 1067px) 100vw, 1067px\" \/><\/div><\/div><\/div><\/div><div class=\"flex_column av_one_full  flex_column_div av-zero-column-padding first  avia-builder-el-2  el_after_av_one_full  el_before_av_one_full  column-top-margin\" style='border-radius:0px; '><section class=\"av_textblock_section \"  itemscope=\"itemscope\" itemtype=\"https:\/\/schema.org\/BlogPosting\" itemprop=\"blogPost\" ><div class='avia_textblock  '   itemprop=\"text\" ><p style=\"text-align: center;\"><strong><span style=\"font-size: 18pt;\">Inician servicio de transporte gratuito para adultos mayores \u201cExpreso Conecta Mayor\u201d en comuna de Ays\u00e9n <\/span><\/strong><\/p>\n<div id=\"gtx-trans\" style=\"position: absolute; left: -50px; top: 4.31534px;\">\n<div class=\"gtx-trans-icon\"><\/div>\n<\/div>\n<\/div><\/section><\/div><div class=\"flex_column av_one_full  flex_column_div av-zero-column-padding first  avia-builder-el-4  el_after_av_one_full  el_before_av_hr  column-top-margin\" style='border-radius:0px; '><section class=\"av_textblock_section \"  itemscope=\"itemscope\" itemtype=\"https:\/\/schema.org\/BlogPosting\" itemprop=\"blogPost\" ><div class='avia_textblock  '   itemprop=\"text\" ><p style=\"text-align: justify;\">Este mes, la Municipalidad de Ays\u00e9n comenz\u00f3 a operar un nuevo servicio gratuito para los adultos mayores de la comuna, llamado \u201cExpreso Conecta Mayor\u201d, el cual brindar\u00e1 una alternativa de transporte para quienes deban trasladarse a realizarse ex\u00e1menes o procedimientos de salud dentro de la comuna.<\/p>\n<p style=\"text-align: justify;\">\u201cEsta es una iniciativa que se ven\u00eda esperando hace casi un a\u00f1o, y hoy una empresa se sum\u00f3 al trabajo con nosotros\u201d, indic\u00f3 el alcalde de Ays\u00e9n, Julio Uribe Alvarado, quien recalc\u00f3 la importancia del servicio para los adultos mayores de la comuna, debido a que muchos de ellos deben recorrer largas distancias para poder acceder a la salud o realizar sus tr\u00e1mites.<\/p>\n<p style=\"text-align: justify;\">\u201cLos beneficiarios, que son los adultos mayores, ser\u00e1n trasladados a Coyhaique, al Servicio de Salud y donde necesitan hacer sus tr\u00e1mites, as\u00ed que estamos muy contentos de que esto funcione\u201d, agreg\u00f3 Uribe, quien aprovech\u00f3 la oportunidad para indicar que este tipo de iniciativas permiten cubrir parte de la necesidad de transporte p\u00fablico que requiere la comuna.<\/p>\n<p style=\"text-align: justify;\">El programa Expreso Conecta Mayor opera de lunes a viernes, realizando traslados de usuarios residentes de la comuna de Ays\u00e9n hacia diversos puntos, como Villa Ma\u00f1ihuales, Puerto Ays\u00e9n y Puerto Chacabuco. Adem\u00e1s, quienes necesiten asistir a realizarse controles de salud en Coyhaique, tambi\u00e9n podr\u00e1n utilizar el servicio.<\/p>\n<p style=\"text-align: justify;\">Mirna Turra, encargada de la Oficina del Adulto Mayor de la Municipalidad de Ays\u00e9n, se\u00f1al\u00f3 que \u201cel programa Expreso Conecta Mayor beneficia directamente a las personas mayores de 60 a\u00f1os, que est\u00e9n o no organizadas en clubes de adultos mayores\u201d. Respecto de c\u00f3mo acceder a este beneficio, indic\u00f3 que \u201cquienes quieran usar el servicio, deben comunicarse directamente con la Oficina del Adulto Mayor, en las dependencias de la Direcci\u00f3n de Desarrollo Comunitario\u201d. Quienes deseen llamar por tel\u00e9fono, pueden hacerlo al 672336560.<\/p>\n<p style=\"text-align: justify;\">\u201cVemos las caras contentas de los adultos mayores que est\u00e1n participando, los dos buses que estar\u00e1n a disposici\u00f3n de todos en Ays\u00e9n, Chacabuco y Ma\u00f1ihuales. Estamos felices, contentos y agradecidos por este proyecto que se ha hecho realidad\u201d, indic\u00f3 Rosa Navarro, presidenta de la Uni\u00f3n Comunal de Adultos Mayores.<\/p>\n<\/div><\/section><\/div><div  style='height:50px' class='hr hr-invisible   avia-builder-el-6  el_after_av_one_full  el_before_av_social_share '><span class='hr-inner ' ><span class='hr-inner-style'><\/span><\/span><\/div><\/p>\n<div  class='av-social-sharing-box  avia-builder-el-7  el_after_av_hr  el_before_av_hr  '><div class='av-share-box'><h5 class='av-share-link-description av-no-toc '>Compartir esta noticia<\/h5><ul class='av-share-box-list noLightbox'><li class='av-share-link av-social-link-facebook' ><a target=\"_blank\" aria-label=\"Compartir en Facebook\" href='https:\/\/www.facebook.com\/sharer.php?u=https:\/\/radiorevelacionfm.cl\/?p=29995&#038;t=Inician%20servicio%20de%20transporte%20gratuito%20para%20adultos%20mayores%20%E2%80%9CExpreso%20Conecta%20Mayor%E2%80%9D%20en%20comuna%20de%20Ays%C3%A9n' aria-hidden='false' data-av_icon='\ue8f3' data-av_iconfont='entypo-fontello' title='' data-avia-related-tooltip='Compartir en Facebook' rel=\"noopener\"><span class='avia_hidden_link_text'>Compartir en Facebook<\/span><\/a><\/li><li class='av-share-link av-social-link-twitter' ><a target=\"_blank\" aria-label=\"Compartir en Twitter\" href='https:\/\/twitter.com\/share?text=Inician%20servicio%20de%20transporte%20gratuito%20para%20adultos%20mayores%20%E2%80%9CExpreso%20Conecta%20Mayor%E2%80%9D%20en%20comuna%20de%20Ays%C3%A9n&#038;url=https:\/\/radiorevelacionfm.cl\/?p=29995' aria-hidden='false' data-av_icon='\ue8f1' data-av_iconfont='entypo-fontello' title='' data-avia-related-tooltip='Compartir en Twitter' rel=\"noopener\"><span class='avia_hidden_link_text'>Compartir en Twitter<\/span><\/a><\/li><li class='av-share-link av-social-link-whatsapp' ><a target=\"_blank\" aria-label=\"Compartir en Whatsapp\" href='https:\/\/api.whatsapp.com\/send?text=https:\/\/radiorevelacionfm.cl\/?p=29995' aria-hidden='false' data-av_icon='\uf232' data-av_iconfont='entypo-fontello' title='' data-avia-related-tooltip='Compartir en Whatsapp' rel=\"noopener\"><span class='avia_hidden_link_text'>Compartir en Whatsapp<\/span><\/a><\/li><li class='av-share-link av-social-link-linkedin' ><a target=\"_blank\" aria-label=\"Compartir en LinkedIn\" href='https:\/\/linkedin.com\/shareArticle?mini=true&#038;title=Inician%20servicio%20de%20transporte%20gratuito%20para%20adultos%20mayores%20%E2%80%9CExpreso%20Conecta%20Mayor%E2%80%9D%20en%20comuna%20de%20Ays%C3%A9n&#038;url=https:\/\/radiorevelacionfm.cl\/?p=29995' aria-hidden='false' data-av_icon='\ue8fc' data-av_iconfont='entypo-fontello' title='' data-avia-related-tooltip='Compartir en LinkedIn' rel=\"noopener\"><span class='avia_hidden_link_text'>Compartir en LinkedIn<\/span><\/a><\/li><li class='av-share-link av-social-link-mail' ><a  aria-label=\"Compartir por correo\" href='mailto:?subject=Inician%20servicio%20de%20transporte%20gratuito%20para%20adultos%20mayores%20%E2%80%9CExpreso%20Conecta%20Mayor%E2%80%9D%20en%20comuna%20de%20Ays%C3%A9n&#038;body=https:\/\/radiorevelacionfm.cl\/?p=29995' aria-hidden='false' data-av_icon='\ue805' data-av_iconfont='entypo-fontello' title='' data-avia-related-tooltip='Compartir por correo'><span class='avia_hidden_link_text'>Compartir por correo<\/span><\/a><\/li><\/ul><\/div><\/div>\n<div  style='height:50px' class='hr hr-invisible   avia-builder-el-8  el_after_av_social_share  el_before_av_comments_list '><span class='hr-inner ' ><span class='hr-inner-style'><\/span><\/span><\/div>\n<div  class='av-buildercomment  av-blog-meta-html-info-disabled av-blog-meta-tag-disabled  '><\/div>\n","protected":false},"excerpt":{"rendered":"","protected":false},"author":1,"featured_media":29996,"comment_status":"open","ping_status":"open","sticky":false,"template":"","format":"standard","meta":{"footnotes":""},"categories":[38],"tags":[],"class_list":["post-29995","post","type-post","status-publish","format-standard","has-post-thumbnail","hentry","category-regional"],"jetpack_featured_media_url":"https:\/\/radiorevelacionfm.cl\/wp-content\/uploads\/2023\/04\/PXL_20230406_200518388-1-1-1.jpg","_links":{"self":[{"href":"https:\/\/radiorevelacionfm.cl\/index.php?rest_route=\/wp\/v2\/posts\/29995","targetHints":{"allow":["GET"]}}],"collection":[{"href":"https:\/\/radiorevelacionfm.cl\/index.php?rest_route=\/wp\/v2\/posts"}],"about":[{"href":"https:\/\/radiorevelacionfm.cl\/index.php?rest_route=\/wp\/v2\/types\/post"}],"author":[{"embeddable":true,"href":"https:\/\/radiorevelacionfm.cl\/index.php?rest_route=\/wp\/v2\/users\/1"}],"replies":[{"embeddable":true,"href":"https:\/\/radiorevelacionfm.cl\/index.php?rest_route=%2Fwp%2Fv2%2Fcomments&post=29995"}],"version-history":[{"count":1,"href":"https:\/\/radiorevelacionfm.cl\/index.php?rest_route=\/wp\/v2\/posts\/29995\/revisions"}],"predecessor-version":[{"id":29997,"href":"https:\/\/radiorevelacionfm.cl\/index.php?rest_route=\/wp\/v2\/posts\/29995\/revisions\/29997"}],"wp:featuredmedia":[{"embeddable":true,"href":"https:\/\/radiorevelacionfm.cl\/index.php?rest_route=\/wp\/v2\/media\/29996"}],"wp:attachment":[{"href":"https:\/\/radiorevelacionfm.cl\/index.php?rest_route=%2Fwp%2Fv2%2Fmedia&parent=29995"}],"wp:term":[{"taxonomy":"category","embeddable":true,"href":"https:\/\/radiorevelacionfm.cl\/index.php?rest_route=%2Fwp%2Fv2%2Fcategories&post=29995"},{"taxonomy":"post_tag","embeddable":true,"href":"https:\/\/radiorevelacionfm.cl\/index.php?rest_route=%2Fwp%2Fv2%2Ftags&post=29995"}],"curies":[{"name":"wp","href":"https:\/\/api.w.org\/{rel}","templated":true}]}}