{"id":29993,"date":"2023-04-13T12:11:21","date_gmt":"2023-04-13T15:11:21","guid":{"rendered":"https:\/\/radiorevelacionfm.cl\/?p=29993"},"modified":"2023-04-13T12:11:21","modified_gmt":"2023-04-13T15:11:21","slug":"seremi-de-gobierno-desde-el-inicio-de-nuestra-gestion-como-gobierno-estamos-trabajando-en-materia-de-seguridad-publica","status":"publish","type":"post","link":"https:\/\/radiorevelacionfm.cl\/?p=29993","title":{"rendered":"Seremi de Gobierno: \u00abDesde el inicio de nuestra gesti\u00f3n como Gobierno estamos trabajando en materia de Seguridad P\u00fablica\u00bb"},"content":{"rendered":"<div class=\"flex_column av_one_full  flex_column_div av-zero-column-padding first  avia-builder-el-0  el_before_av_one_full  avia-builder-el-first  \" style='border-radius:0px; '><div  class='avia-image-container  av-styling-    avia-builder-el-1  avia-builder-el-no-sibling  avia-align-center '  itemprop=\"image\" itemscope=\"itemscope\" itemtype=\"https:\/\/schema.org\/ImageObject\"  ><div class='avia-image-container-inner'><div class='avia-image-overlay-wrap'><img decoding=\"async\" class='wp-image-20295 avia-img-lazy-loading-not-20295 avia_image' src=\"https:\/\/radiorevelacionfm.cl\/wp-content\/uploads\/2022\/08\/Tatiana-Pla-seremi-de-Gobierno-Aysen-1-1.jpg\" alt='' title='Tatiana-Pla-seremi-de-Gobierno-Aysen (1) (1)' height=\"600\" width=\"1041\"  itemprop=\"thumbnailUrl\" srcset=\"https:\/\/radiorevelacionfm.cl\/wp-content\/uploads\/2022\/08\/Tatiana-Pla-seremi-de-Gobierno-Aysen-1-1.jpg 1041w, https:\/\/radiorevelacionfm.cl\/wp-content\/uploads\/2022\/08\/Tatiana-Pla-seremi-de-Gobierno-Aysen-1-1-300x173.jpg 300w, https:\/\/radiorevelacionfm.cl\/wp-content\/uploads\/2022\/08\/Tatiana-Pla-seremi-de-Gobierno-Aysen-1-1-1030x594.jpg 1030w, https:\/\/radiorevelacionfm.cl\/wp-content\/uploads\/2022\/08\/Tatiana-Pla-seremi-de-Gobierno-Aysen-1-1-768x443.jpg 768w, https:\/\/radiorevelacionfm.cl\/wp-content\/uploads\/2022\/08\/Tatiana-Pla-seremi-de-Gobierno-Aysen-1-1-705x406.jpg 705w, https:\/\/radiorevelacionfm.cl\/wp-content\/uploads\/2022\/08\/Tatiana-Pla-seremi-de-Gobierno-Aysen-1-1-600x346.jpg 600w\" sizes=\"(max-width: 1041px) 100vw, 1041px\" \/><\/div><\/div><\/div><\/div><div class=\"flex_column av_one_full  flex_column_div av-zero-column-padding first  avia-builder-el-2  el_after_av_one_full  el_before_av_one_full  column-top-margin\" style='border-radius:0px; '><section class=\"av_textblock_section \"  itemscope=\"itemscope\" itemtype=\"https:\/\/schema.org\/BlogPosting\" itemprop=\"blogPost\" ><div class='avia_textblock  '   itemprop=\"text\" ><p style=\"text-align: center;\"><strong><span style=\"font-size: 18pt;\">Seremi de Gobierno: \u00abDesde el inicio de nuestra gesti\u00f3n como Gobierno estamos trabajando en materia de Seguridad P\u00fablica\u00bb<\/span><\/strong><\/p>\n<div id=\"gtx-trans\" style=\"position: absolute; left: -50px; top: 4.31534px;\">\n<div class=\"gtx-trans-icon\"><\/div>\n<\/div>\n<\/div><\/section><\/div><div class=\"flex_column av_one_full  flex_column_div av-zero-column-padding first  avia-builder-el-4  el_after_av_one_full  el_before_av_hr  column-top-margin\" style='border-radius:0px; '><section class=\"av_textblock_section \"  itemscope=\"itemscope\" itemtype=\"https:\/\/schema.org\/BlogPosting\" itemprop=\"blogPost\" ><div class='avia_textblock  '   itemprop=\"text\" ><p class=\"v1MsoNormal\" style=\"text-align: justify;\">El Gobierno dio a conocer nuevas medidas en Seguridad Ciudadana que entregan m\u00e1s recursos a Carabineros, Gendarmer\u00eda y a la PDI, adem\u00e1s de trabajo intersectorial con los Gobiernos Regionales y los municipios de todo el pa\u00eds, entre otras.<\/p>\n<p class=\"v1MsoNormal\" style=\"text-align: justify;\">La vocera de Gobierno se refiri\u00f3 a la pol\u00edtica sobre seguridad del Gobierno que \u2013asegur\u00f3- tiene origen en el programa de campa\u00f1a del Presidente Boric y que al asumir constataron que la realidad de Carabineros y las instituciones que persiguen el delito era m\u00e1s compleja de lo que pensaban.<\/p>\n<p class=\"v1MsoNormal\" style=\"text-align: justify;\">\u00abLa delincuencia no es un tema nuevo para el Gobierno. El alto mando de Carabineros inform\u00f3 al Ministerio del Interior que al comenzar nuestro Gobierno el 50% de su dotaci\u00f3n de veh\u00edculos estaban inutilizables, por eso el compromiso del Presidente Boric es renovar el 100% de ese 50%, pero eso no es todo. Hemos ido agilizando los proyectos de ley que estaban estancados en el Congreso, agradecemos tambi\u00e9n a los parlamentarios de nuestra regi\u00f3n que han votado en sinton\u00eda con lo que la ciudadan\u00eda est\u00e1 pidiendo: mayor seguridad, porque este es un tema que nos compete a todos y a todas, no es un tema s\u00f3lo del Gobierno, todos los actores sociales de la regi\u00f3n y del pa\u00eds deben colaborar para que nuestro pa\u00eds recupere la seguridad, la confianza y el respeto por las instituciones y las autoridades, hoy m\u00e1s que nunca debemos estar unidos. Nuestra Agenda de Seguridad es una agenda de Derechos y el llamado es a salir de la disputa pol\u00edtico-ideol\u00f3gica y de esta forma poder enfrentar la delincuencia y el crimen organizado con una democracia fortalecida\u00bb.<\/p>\n<p class=\"v1MsoNormal\" style=\"text-align: justify;\">Dentro de las nuevas medidas de Seguridad que ha generado el Gobierno se encuentra el trabajo que el Ministerio del Interior y Seguridad P\u00fablica ha venido desarrollando desde enero en un plan focalizado de intervenci\u00f3n en aquellas comunas que concentran los delitos violentos. El plan de intervenci\u00f3n se realizar\u00e1 en 30 comunas del pa\u00eds, las cuales se seleccionaron por la cantidad de delitos violentos y homicidios que concentran. El plan piloto comenzar\u00e1 en la comuna de Santiago durante el mes de abril y en el resto de las comunas comenzar\u00e1 en mayo. Las comunas seleccionadas concentran un tercio de la poblaci\u00f3n nacional y cerca del 50% de los delitos m\u00e1s violentos.<\/p>\n<p class=\"v1MsoNormal\" style=\"text-align: justify;\">El plan considera estrategias de intervenci\u00f3n espec\u00edficas para cada territorio en base a sus lineamientos, en colaboraci\u00f3n con Carabineros, PDI, Fiscal\u00eda, instituciones fiscalizadoras, municipalidades y otros \u00f3rganos de gobierno, y adem\u00e1s define una l\u00ednea de base comuna por comuna y una evaluaci\u00f3n mensual de resultados y avances.<\/p>\n<p class=\"v1MsoNormal\" style=\"text-align: justify;\">La intervenci\u00f3n se dise\u00f1\u00f3 sobre la base de los factores que est\u00e1n presentes en los territorios donde existe mayor ocurrencia de delitos violentos, como la presencia de pandillas, crimen organizado y tr\u00e1fico de drogas, impunidad penal (delitos graves donde no se han encontrado a los responsables o est\u00e1n fugados), \u00a0tr\u00e1fico y presencia de armas, deterioro o inexistencia de espacios p\u00fablicos adecuados, adem\u00e1s del consumo de alcohol y drogas en la v\u00eda p\u00fablica. Dependiendo de la presencia de los factores anteriormente mencionados, se establecen cuatro \u00e1reas de medidas, las cuales se implementar\u00e1n considerando los principales requerimientos: Persecuci\u00f3n penal, Focalizaci\u00f3n de la persecuci\u00f3n penal priorizada para esclarecer los homicidios y delitos asociados. Focos investigativos, especialmente donde hay tr\u00e1fico de armas. Refuerzo del trabajo coordinado que se est\u00e1 realizando con Fiscal\u00eda y PDI. Apoyo de informaci\u00f3n y fiscalizadores SII\/Aduanas. Capacitaci\u00f3n a la Fiscal\u00eda y Polic\u00edas en investigaci\u00f3n de delitos de alta complejidad (homicidios con imputado desconocido).<\/p>\n<p class=\"v1MsoNormal\" style=\"text-align: justify;\">Este Plan tambi\u00e9n contempla el reforzamiento de la actividad policial, a trav\u00e9s de una focalizaci\u00f3n intensiva en la fiscalizaci\u00f3n de armas en sectores a intervenir, con el aumento de patrullajes, operativos masivos y puntos de control, controles de identidad, b\u00fasqueda de armas irregulares, empadronamiento y fiscalizaci\u00f3n de asuntos migratorios, \u00f3rdenes de detenci\u00f3n pendientes, pr\u00f3fugos, que contar\u00e1 con una dotaci\u00f3n adicional en Carabineros para estas tareas y un programa especial de refuerzo de los equipamientos de protecci\u00f3n. Tambi\u00e9n incluye fiscalizaci\u00f3n de infracciones e incivilidades: fiscalizaci\u00f3n municipal de comercios regulares e irregulares; locales de venta de alcohol; fiscalizaci\u00f3n de salud (cociner\u00edas), de Aduanas y SII (contrabando); fiscalizaci\u00f3n de inmuebles ocupadas de manera abusiva e ilegal.<\/p>\n<p class=\"v1MsoNormal\" style=\"text-align: justify;\">Finalmente, se considera la intervenci\u00f3n comunitaria y recuperaci\u00f3n de espacios p\u00fablicos con\u00a0mayor presencia del Estado en Terreno con\u00a0servicios sociales y tr\u00e1mites p\u00fablicos de servicios como: Fosis, Registro Civil, Senadis, Senama, Sence, Sercotec, entre otros. Adem\u00e1s de la recuperaci\u00f3n de espacios p\u00fablicos a trav\u00e9s del mejoramiento de \u00e1reas verdes y espacios comunitarios con fondos Subdere, MINVU, Serviu, Municipios e inversiones relativas a prevenci\u00f3n del delito como: c\u00e1maras de seguridad, luminarias, etc.<\/p>\n<\/div><\/section><\/div><div  style='height:50px' class='hr hr-invisible   avia-builder-el-6  el_after_av_one_full  el_before_av_social_share '><span class='hr-inner ' ><span class='hr-inner-style'><\/span><\/span><\/div><\/p>\n<div  class='av-social-sharing-box  avia-builder-el-7  el_after_av_hr  el_before_av_hr  '><div class='av-share-box'><h5 class='av-share-link-description av-no-toc '>Compartir esta noticia<\/h5><ul class='av-share-box-list noLightbox'><li class='av-share-link av-social-link-facebook' ><a target=\"_blank\" aria-label=\"Compartir en Facebook\" href='https:\/\/www.facebook.com\/sharer.php?u=https:\/\/radiorevelacionfm.cl\/?p=29993&#038;t=Seremi%20de%20Gobierno%3A%20%C2%ABDesde%20el%20inicio%20de%20nuestra%20gesti%C3%B3n%20como%20Gobierno%20estamos%20trabajando%20en%20materia%20de%20Seguridad%20P%C3%BAblica%C2%BB' aria-hidden='false' data-av_icon='\ue8f3' data-av_iconfont='entypo-fontello' title='' data-avia-related-tooltip='Compartir en Facebook' rel=\"noopener\"><span class='avia_hidden_link_text'>Compartir en Facebook<\/span><\/a><\/li><li class='av-share-link av-social-link-twitter' ><a target=\"_blank\" aria-label=\"Compartir en Twitter\" href='https:\/\/twitter.com\/share?text=Seremi%20de%20Gobierno%3A%20%C2%ABDesde%20el%20inicio%20de%20nuestra%20gesti%C3%B3n%20como%20Gobierno%20estamos%20trabajando%20en%20materia%20de%20Seguridad%20P%C3%BAblica%C2%BB&#038;url=https:\/\/radiorevelacionfm.cl\/?p=29993' aria-hidden='false' data-av_icon='\ue8f1' data-av_iconfont='entypo-fontello' title='' data-avia-related-tooltip='Compartir en Twitter' rel=\"noopener\"><span class='avia_hidden_link_text'>Compartir en Twitter<\/span><\/a><\/li><li class='av-share-link av-social-link-whatsapp' ><a target=\"_blank\" aria-label=\"Compartir en Whatsapp\" href='https:\/\/api.whatsapp.com\/send?text=https:\/\/radiorevelacionfm.cl\/?p=29993' aria-hidden='false' data-av_icon='\uf232' data-av_iconfont='entypo-fontello' title='' data-avia-related-tooltip='Compartir en Whatsapp' rel=\"noopener\"><span class='avia_hidden_link_text'>Compartir en Whatsapp<\/span><\/a><\/li><li class='av-share-link av-social-link-linkedin' ><a target=\"_blank\" aria-label=\"Compartir en LinkedIn\" href='https:\/\/linkedin.com\/shareArticle?mini=true&#038;title=Seremi%20de%20Gobierno%3A%20%C2%ABDesde%20el%20inicio%20de%20nuestra%20gesti%C3%B3n%20como%20Gobierno%20estamos%20trabajando%20en%20materia%20de%20Seguridad%20P%C3%BAblica%C2%BB&#038;url=https:\/\/radiorevelacionfm.cl\/?p=29993' aria-hidden='false' data-av_icon='\ue8fc' data-av_iconfont='entypo-fontello' title='' data-avia-related-tooltip='Compartir en LinkedIn' rel=\"noopener\"><span class='avia_hidden_link_text'>Compartir en LinkedIn<\/span><\/a><\/li><li class='av-share-link av-social-link-mail' ><a  aria-label=\"Compartir por correo\" href='mailto:?subject=Seremi%20de%20Gobierno%3A%20%C2%ABDesde%20el%20inicio%20de%20nuestra%20gesti%C3%B3n%20como%20Gobierno%20estamos%20trabajando%20en%20materia%20de%20Seguridad%20P%C3%BAblica%C2%BB&#038;body=https:\/\/radiorevelacionfm.cl\/?p=29993' aria-hidden='false' data-av_icon='\ue805' data-av_iconfont='entypo-fontello' title='' data-avia-related-tooltip='Compartir por correo'><span class='avia_hidden_link_text'>Compartir por correo<\/span><\/a><\/li><\/ul><\/div><\/div>\n<div  style='height:50px' class='hr hr-invisible   avia-builder-el-8  el_after_av_social_share  el_before_av_comments_list '><span class='hr-inner ' ><span class='hr-inner-style'><\/span><\/span><\/div>\n<div  class='av-buildercomment  av-blog-meta-html-info-disabled av-blog-meta-tag-disabled  '><\/div>\n","protected":false},"excerpt":{"rendered":"","protected":false},"author":1,"featured_media":20295,"comment_status":"open","ping_status":"open","sticky":false,"template":"","format":"standard","meta":{"footnotes":""},"categories":[38],"tags":[],"class_list":["post-29993","post","type-post","status-publish","format-standard","has-post-thumbnail","hentry","category-regional"],"jetpack_featured_media_url":"https:\/\/radiorevelacionfm.cl\/wp-content\/uploads\/2022\/08\/Tatiana-Pla-seremi-de-Gobierno-Aysen-1-1.jpg","_links":{"self":[{"href":"https:\/\/radiorevelacionfm.cl\/index.php?rest_route=\/wp\/v2\/posts\/29993","targetHints":{"allow":["GET"]}}],"collection":[{"href":"https:\/\/radiorevelacionfm.cl\/index.php?rest_route=\/wp\/v2\/posts"}],"about":[{"href":"https:\/\/radiorevelacionfm.cl\/index.php?rest_route=\/wp\/v2\/types\/post"}],"author":[{"embeddable":true,"href":"https:\/\/radiorevelacionfm.cl\/index.php?rest_route=\/wp\/v2\/users\/1"}],"replies":[{"embeddable":true,"href":"https:\/\/radiorevelacionfm.cl\/index.php?rest_route=%2Fwp%2Fv2%2Fcomments&post=29993"}],"version-history":[{"count":1,"href":"https:\/\/radiorevelacionfm.cl\/index.php?rest_route=\/wp\/v2\/posts\/29993\/revisions"}],"predecessor-version":[{"id":29994,"href":"https:\/\/radiorevelacionfm.cl\/index.php?rest_route=\/wp\/v2\/posts\/29993\/revisions\/29994"}],"wp:featuredmedia":[{"embeddable":true,"href":"https:\/\/radiorevelacionfm.cl\/index.php?rest_route=\/wp\/v2\/media\/20295"}],"wp:attachment":[{"href":"https:\/\/radiorevelacionfm.cl\/index.php?rest_route=%2Fwp%2Fv2%2Fmedia&parent=29993"}],"wp:term":[{"taxonomy":"category","embeddable":true,"href":"https:\/\/radiorevelacionfm.cl\/index.php?rest_route=%2Fwp%2Fv2%2Fcategories&post=29993"},{"taxonomy":"post_tag","embeddable":true,"href":"https:\/\/radiorevelacionfm.cl\/index.php?rest_route=%2Fwp%2Fv2%2Ftags&post=29993"}],"curies":[{"name":"wp","href":"https:\/\/api.w.org\/{rel}","templated":true}]}}