{"id":29991,"date":"2023-04-12T17:51:14","date_gmt":"2023-04-12T20:51:14","guid":{"rendered":"https:\/\/radiorevelacionfm.cl\/?p=29991"},"modified":"2023-04-12T17:51:14","modified_gmt":"2023-04-12T20:51:14","slug":"caso-oscarito-familia-pone-su-esperanza-en-proximo-fallo-de-la-justicia","status":"publish","type":"post","link":"https:\/\/radiorevelacionfm.cl\/?p=29991","title":{"rendered":"Caso Oscarito: Familia pone su esperanza en pr\u00f3ximo fallo de la justicia"},"content":{"rendered":"<div class=\"flex_column av_one_full  flex_column_div av-zero-column-padding first  avia-builder-el-0  el_before_av_one_full  avia-builder-el-first  \" style='border-radius:0px; '><div  class='avia-image-container  av-styling-    avia-builder-el-1  avia-builder-el-no-sibling  avia-align-center '  itemprop=\"image\" itemscope=\"itemscope\" itemtype=\"https:\/\/schema.org\/ImageObject\"  ><div class='avia-image-container-inner'><div class='avia-image-overlay-wrap'><img decoding=\"async\" class='wp-image-10878 avia-img-lazy-loading-not-10878 avia_image' src=\"https:\/\/radiorevelacionfm.cl\/wp-content\/uploads\/2021\/11\/HOSPITAL-coyh-1-1.jpeg\" alt='' title='HOSPITAL coyh (1) (1)' height=\"600\" width=\"906\"  itemprop=\"thumbnailUrl\" srcset=\"https:\/\/radiorevelacionfm.cl\/wp-content\/uploads\/2021\/11\/HOSPITAL-coyh-1-1.jpeg 906w, https:\/\/radiorevelacionfm.cl\/wp-content\/uploads\/2021\/11\/HOSPITAL-coyh-1-1-300x199.jpeg 300w, https:\/\/radiorevelacionfm.cl\/wp-content\/uploads\/2021\/11\/HOSPITAL-coyh-1-1-768x509.jpeg 768w, https:\/\/radiorevelacionfm.cl\/wp-content\/uploads\/2021\/11\/HOSPITAL-coyh-1-1-705x467.jpeg 705w, https:\/\/radiorevelacionfm.cl\/wp-content\/uploads\/2021\/11\/HOSPITAL-coyh-1-1-600x397.jpeg 600w\" sizes=\"(max-width: 906px) 100vw, 906px\" \/><\/div><\/div><\/div><\/div><div class=\"flex_column av_one_full  flex_column_div av-zero-column-padding first  avia-builder-el-2  el_after_av_one_full  el_before_av_one_full  column-top-margin\" style='border-radius:0px; '><section class=\"av_textblock_section \"  itemscope=\"itemscope\" itemtype=\"https:\/\/schema.org\/BlogPosting\" itemprop=\"blogPost\" ><div class='avia_textblock  '   itemprop=\"text\" ><p style=\"text-align: center;\"><span style=\"font-size: 18pt;\"><strong>Caso Oscarito: Familia pone su esperanza en pr\u00f3ximo fallo de la justicia\u00a0<\/strong><\/span><\/p>\n<div id=\"gtx-trans\" style=\"position: absolute; left: -50px; top: 4.31534px;\">\n<div class=\"gtx-trans-icon\"><\/div>\n<\/div>\n<\/div><\/section><\/div><div class=\"flex_column av_one_full  flex_column_div av-zero-column-padding first  avia-builder-el-4  el_after_av_one_full  el_before_av_hr  column-top-margin\" style='border-radius:0px; '><section class=\"av_textblock_section \"  itemscope=\"itemscope\" itemtype=\"https:\/\/schema.org\/BlogPosting\" itemprop=\"blogPost\" ><div class='avia_textblock  '   itemprop=\"text\" ><p style=\"text-align: justify;\">A 5 a\u00f1os y medio de ocurrida la muerte de Oscarito Real Fern\u00e1ndez, en\u00a0octubre de 2017, su familia est\u00e1 expectante ante el fallo que dar\u00e1 a conocer el <strong>Primer Juzgado de Letras de Coyhaique<\/strong> sobre los responsables de las negligencias que le costaron la vida al beb\u00e9 de 2 meses y 17 dias en el Hospital Regional.<\/p>\n<p style=\"text-align: justify;\">\u201cSe han cumplido todos los plazos\u201d dice Oscar Real Leal, padre de Oscarito. Y agrega que \u201cen su momento se realiz\u00f3 una investigaci\u00f3n sumaria, que deriv\u00f3 a un sumario administrativo, esto indic\u00f3 la culpabilidad de los doctores tratantes de nuestro hijo, los cuales fueron sancionados, pero no como nosotros esperamos como familia\u201d.<\/p>\n<p style=\"text-align: justify;\">Y es que el sumario interno del Servicio de Salud Ays\u00e9n, de 2017 \u2013el cual la familia persigui\u00f3 por m\u00e1s de 2 a\u00f1os para conocerlo, logrando recibirlo reci\u00e9n en marzo de 2020-, concluy\u00f3 con la responsabilidad y sanciones para 4 m\u00e9dicos involucrados,\u00a0dict\u00e1ndose la medida disciplinaria de destituci\u00f3n para los pediatras;\u00a0Marco Antonio Reyes Mendoza y Leonardo Andr\u00e9s Maggi Campos, \u00e9ste \u00faltimo por 9 cargos,\u00a0al ser el directo responsable de las demoras vitales para atender, resolver e incluso derivar oportunamente a Oscarito a un centro de mayor complejidad, fuera de la Regi\u00f3n de Ays\u00e9n. Tambi\u00e9n el sumario sancion\u00f3 a otras 2 m\u00e9dicas;\u00a0Gissella Del R\u00edo Hern\u00e1ndez y Carla C\u00e1rcamo Vidal, con la medida disciplinaria de Censura.<br \/>\nSin embargo, pese a constatarse en la investigaci\u00f3n interna que la atenci\u00f3n y procedimientos fueron totalmente inadecuados para el beb\u00e9, quien fue llevado por sus padres al centro asistencial con un cuadro respiratorio agudo y diagn\u00f3stico de un metaneumovirus, el equipo m\u00e9dico se mantiene en labores en el centro hospitalario de la capital regional.<\/p>\n<p style=\"text-align: justify;\">\u201cHoy en d\u00eda estamos en una demanda civil donde el director del hospital, Jaime L\u00f3pez, reconoci\u00f3 que los doctores se equivocaron, hubo malas pr\u00e1cticas por ende una negligencia m\u00e9dica y ahora lo que est\u00e1 faltando es simplemente el fallo del juez que est\u00e1 a cargo de este caso, el que ha tenido sus plazos y estos plazos ya se agotaron hace bastante tiempo, ya a mediados del mes de febrero de este a\u00f1o debi\u00f3 haber quedado listo y nosotros estamos a la espera de este fallo\u201d, enfatiz\u00f3 Oscar Real.<\/p>\n<p style=\"text-align: justify;\"><strong>INVIERNO Y ATENCI\u00d3N CONFIABLE<\/strong><\/p>\n<p style=\"text-align: justify;\">Por su parte, Martina Fern\u00e1ndez, madre de Oscarito, se\u00f1al\u00f3 que si bien nunca olvidar\u00e1n a su hijo y la experiencia de perderlo en manos de especialistas de la salud, necesitan como familia cerrar el ciclo y sanar este episodio. Y por ello record\u00f3 que cada invierno reviven con m\u00e1s fuerza la situaci\u00f3n del servicio de salud del hospital de Coyhaique y la confianza de llevar a sus hijos ante alguna afecci\u00f3n respiratoria, y se apliquen los procedimientos correctos y comprometidos con la salud de los ni\u00f1os y ni\u00f1as de la zona.<\/p>\n<p style=\"text-align: justify;\">\u201cPara nosotros ha sido una agon\u00eda desde el d\u00eda uno, porque esto no nos permite a nosotros como familia cerrar el ciclo, el duelo. Nosotros nos mantenemos con el dolor, d\u00eda a d\u00eda, esperando a que se haga justicia y que podamos tener un precedente de que esto no puede seguir sucediendo\u201d.<\/p>\n<p style=\"text-align: justify;\">En el mismo sentido la madre de Oscarito reflexion\u00f3 sobre la proximidad de la temporada invernal, \u201cque implica m\u00e1s enfermedades respiratorias y seguimos con el mismo procedimiento que ha mantenido el hospital, sin una soluci\u00f3n, sin una respuesta, la verdad es que no es solo buscar justicia para nosotros, sino que en realidad, como familia, igual queremos que esto no vuelva a suceder, queremos tener la tranquilidad de que podemos llevar a nuestros hijos, y sabiendo que los funcionarios en ese momento no cumplieron con su deber, aparte de que el hospital no ten\u00eda los medios como para poder realizar ex\u00e1menes un fin de semana y todo eso, esperamos que eso cambie y no vuelva a pasarle a nadie m\u00e1s\u201d.<\/p>\n<\/div><\/section><\/div><div  style='height:50px' class='hr hr-invisible   avia-builder-el-6  el_after_av_one_full  el_before_av_social_share '><span class='hr-inner ' ><span class='hr-inner-style'><\/span><\/span><\/div><\/p>\n<div  class='av-social-sharing-box  avia-builder-el-7  el_after_av_hr  el_before_av_hr  '><div class='av-share-box'><h5 class='av-share-link-description av-no-toc '>Compartir esta noticia<\/h5><ul class='av-share-box-list noLightbox'><li class='av-share-link av-social-link-facebook' ><a target=\"_blank\" aria-label=\"Compartir en Facebook\" href='https:\/\/www.facebook.com\/sharer.php?u=https:\/\/radiorevelacionfm.cl\/?p=29991&#038;t=Caso%20Oscarito%3A%20Familia%20pone%20su%20esperanza%20en%20pr%C3%B3ximo%20fallo%20de%20la%20justicia' aria-hidden='false' data-av_icon='\ue8f3' data-av_iconfont='entypo-fontello' title='' data-avia-related-tooltip='Compartir en Facebook' rel=\"noopener\"><span class='avia_hidden_link_text'>Compartir en Facebook<\/span><\/a><\/li><li class='av-share-link av-social-link-twitter' ><a target=\"_blank\" aria-label=\"Compartir en Twitter\" href='https:\/\/twitter.com\/share?text=Caso%20Oscarito%3A%20Familia%20pone%20su%20esperanza%20en%20pr%C3%B3ximo%20fallo%20de%20la%20justicia&#038;url=https:\/\/radiorevelacionfm.cl\/?p=29991' aria-hidden='false' data-av_icon='\ue8f1' data-av_iconfont='entypo-fontello' title='' data-avia-related-tooltip='Compartir en Twitter' rel=\"noopener\"><span class='avia_hidden_link_text'>Compartir en Twitter<\/span><\/a><\/li><li class='av-share-link av-social-link-whatsapp' ><a target=\"_blank\" aria-label=\"Compartir en Whatsapp\" href='https:\/\/api.whatsapp.com\/send?text=https:\/\/radiorevelacionfm.cl\/?p=29991' aria-hidden='false' data-av_icon='\uf232' data-av_iconfont='entypo-fontello' title='' data-avia-related-tooltip='Compartir en Whatsapp' rel=\"noopener\"><span class='avia_hidden_link_text'>Compartir en Whatsapp<\/span><\/a><\/li><li class='av-share-link av-social-link-linkedin' ><a target=\"_blank\" aria-label=\"Compartir en LinkedIn\" href='https:\/\/linkedin.com\/shareArticle?mini=true&#038;title=Caso%20Oscarito%3A%20Familia%20pone%20su%20esperanza%20en%20pr%C3%B3ximo%20fallo%20de%20la%20justicia&#038;url=https:\/\/radiorevelacionfm.cl\/?p=29991' aria-hidden='false' data-av_icon='\ue8fc' data-av_iconfont='entypo-fontello' title='' data-avia-related-tooltip='Compartir en LinkedIn' rel=\"noopener\"><span class='avia_hidden_link_text'>Compartir en LinkedIn<\/span><\/a><\/li><li class='av-share-link av-social-link-mail' ><a  aria-label=\"Compartir por correo\" href='mailto:?subject=Caso%20Oscarito%3A%20Familia%20pone%20su%20esperanza%20en%20pr%C3%B3ximo%20fallo%20de%20la%20justicia&#038;body=https:\/\/radiorevelacionfm.cl\/?p=29991' aria-hidden='false' data-av_icon='\ue805' data-av_iconfont='entypo-fontello' title='' data-avia-related-tooltip='Compartir por correo'><span class='avia_hidden_link_text'>Compartir por correo<\/span><\/a><\/li><\/ul><\/div><\/div>\n<div  style='height:50px' class='hr hr-invisible   avia-builder-el-8  el_after_av_social_share  el_before_av_comments_list '><span class='hr-inner ' ><span class='hr-inner-style'><\/span><\/span><\/div>\n<div  class='av-buildercomment  av-blog-meta-html-info-disabled av-blog-meta-tag-disabled  '><\/div>\n","protected":false},"excerpt":{"rendered":"","protected":false},"author":1,"featured_media":10878,"comment_status":"open","ping_status":"open","sticky":false,"template":"","format":"standard","meta":{"footnotes":""},"categories":[38],"tags":[],"class_list":["post-29991","post","type-post","status-publish","format-standard","has-post-thumbnail","hentry","category-regional"],"jetpack_featured_media_url":"https:\/\/radiorevelacionfm.cl\/wp-content\/uploads\/2021\/11\/HOSPITAL-coyh-1-1.jpeg","_links":{"self":[{"href":"https:\/\/radiorevelacionfm.cl\/index.php?rest_route=\/wp\/v2\/posts\/29991","targetHints":{"allow":["GET"]}}],"collection":[{"href":"https:\/\/radiorevelacionfm.cl\/index.php?rest_route=\/wp\/v2\/posts"}],"about":[{"href":"https:\/\/radiorevelacionfm.cl\/index.php?rest_route=\/wp\/v2\/types\/post"}],"author":[{"embeddable":true,"href":"https:\/\/radiorevelacionfm.cl\/index.php?rest_route=\/wp\/v2\/users\/1"}],"replies":[{"embeddable":true,"href":"https:\/\/radiorevelacionfm.cl\/index.php?rest_route=%2Fwp%2Fv2%2Fcomments&post=29991"}],"version-history":[{"count":1,"href":"https:\/\/radiorevelacionfm.cl\/index.php?rest_route=\/wp\/v2\/posts\/29991\/revisions"}],"predecessor-version":[{"id":29992,"href":"https:\/\/radiorevelacionfm.cl\/index.php?rest_route=\/wp\/v2\/posts\/29991\/revisions\/29992"}],"wp:featuredmedia":[{"embeddable":true,"href":"https:\/\/radiorevelacionfm.cl\/index.php?rest_route=\/wp\/v2\/media\/10878"}],"wp:attachment":[{"href":"https:\/\/radiorevelacionfm.cl\/index.php?rest_route=%2Fwp%2Fv2%2Fmedia&parent=29991"}],"wp:term":[{"taxonomy":"category","embeddable":true,"href":"https:\/\/radiorevelacionfm.cl\/index.php?rest_route=%2Fwp%2Fv2%2Fcategories&post=29991"},{"taxonomy":"post_tag","embeddable":true,"href":"https:\/\/radiorevelacionfm.cl\/index.php?rest_route=%2Fwp%2Fv2%2Ftags&post=29991"}],"curies":[{"name":"wp","href":"https:\/\/api.w.org\/{rel}","templated":true}]}}