{"id":2999,"date":"2021-02-26T20:39:05","date_gmt":"2021-02-26T23:39:05","guid":{"rendered":"https:\/\/radiorevelacionfm.cl\/?p=2999"},"modified":"2021-02-26T20:39:05","modified_gmt":"2021-02-26T23:39:05","slug":"autoridades-confirman-llegada-de-13-mil-nuevas-dosis-coronavac-y-detallan-que-el-70-de-adultos-mayores-de-65-anos-ya-han-sido-vacunados","status":"publish","type":"post","link":"https:\/\/radiorevelacionfm.cl\/?p=2999","title":{"rendered":"Autoridades confirman llegada de 13 mil nuevas dosis Coronavac y detallan que el 70% de adultos mayores de 65 a\u00f1os ya han sido vacunados"},"content":{"rendered":"<div class=\"flex_column av_one_full  flex_column_div av-zero-column-padding first  avia-builder-el-0  el_before_av_one_full  avia-builder-el-first  \" style='border-radius:0px; '><div  class='avia-image-container  av-styling-    avia-builder-el-1  avia-builder-el-no-sibling  avia-align-center '  itemprop=\"image\" itemscope=\"itemscope\" itemtype=\"https:\/\/schema.org\/ImageObject\"  ><div class='avia-image-container-inner'><div class='avia-image-overlay-wrap'><img decoding=\"async\" class='wp-image-0 avia-img-lazy-loading-not-0 avia_image' src=\"https:\/\/radiorevelacionfm.cl\/wp-content\/uploads\/2021\/02\/WhatsApp-Image-2021-02-26-at-13.57.08-1.jpeg\" alt='' title=''   itemprop=\"thumbnailUrl\"  \/><\/div><\/div><\/div><\/div><div class=\"flex_column av_one_full  flex_column_div av-zero-column-padding first  avia-builder-el-2  el_after_av_one_full  el_before_av_one_full  column-top-margin\" style='border-radius:0px; '><section class=\"av_textblock_section \"  itemscope=\"itemscope\" itemtype=\"https:\/\/schema.org\/BlogPosting\" itemprop=\"blogPost\" ><div class='avia_textblock  '   itemprop=\"text\" ><p style=\"text-align: center;\"><strong><span style=\"font-size: 18pt;\">Autoridades confirman llegada de 13 mil nuevas dosis Coronavac y detallan que el 70% de adultos mayores de 65 a\u00f1os ya han sido vacunados<\/span><\/strong><\/p>\n<div id=\"gtx-trans\" style=\"position: absolute; left: -50px; top: 4.31534px;\">\n<div class=\"gtx-trans-icon\"><\/div>\n<\/div>\n<\/div><\/section><\/div><div class=\"flex_column av_one_full  flex_column_div av-zero-column-padding first  avia-builder-el-4  el_after_av_one_full  el_before_av_hr  column-top-margin\" style='border-radius:0px; '><section class=\"av_textblock_section \"  itemscope=\"itemscope\" itemtype=\"https:\/\/schema.org\/BlogPosting\" itemprop=\"blogPost\" ><div class='avia_textblock  '   itemprop=\"text\" ><p style=\"text-align: justify;\">Intendenta Margarita Ossa afirm\u00f3\u00a0 que a la fecha se han administrado m\u00e1s de 24 mil dosis y que en stock a\u00fan hay m\u00e1s de 10 mil. Las comunas que m\u00e1s destacan son O\u00b4Higgins con un 111%, Chile Chico con un 87,67% y Lago Verde con un 84,08%. Director del Servicio de Salud, Gabriel Burgos, confirm\u00f3 que debido al inicio de clases el 1 de marzo se tuvo que cambiar algunos recintos de vacunaci\u00f3n.<\/p>\n<p style=\"text-align: justify;\">A casi un mes de iniciada la campa\u00f1a de vacunaci\u00f3n masiva en la regi\u00f3n de Ays\u00e9n, las autoridades de Gobierno \u2013 encabezadas por la Intendenta Margarita Ossa, el director del Servicio de Salud, Gabriel Burgos y la seremi (s) de Salud, Ver\u00f3nica Ojeda \u2013 anunciaron que el proceso va a continuar seg\u00fan lo planificado gracias a la llegada de 13.200 nuevas dosis Coronavac en las pr\u00f3ximas horas.<\/p>\n<p style=\"text-align: justify;\">Tras 26 d\u00edas de vacunaci\u00f3n, el proceso de acuerdo a la Intendenta Margarita Ossa se ha llevado a cabo de forma correcta, sin grandes contratiempos, indicando que \u201cen la regi\u00f3n podemos se\u00f1alar que, hemos administrado 24 mil 025 dosis a nivel regional\u201d agregando que de esas vacunas \u201chemos administrado 11 mil 878 dosis a adultos mayores de 65 a\u00f1os o m\u00e1s, lo que equivale a un 70,06% de cobertura\u201d.<\/p>\n<p style=\"text-align: justify;\">Sobre el proceso en s\u00ed, Ossa Rojas explic\u00f3 que \u201ces posible hoy gracias al esfuerzo y trabajo del Gobierno del Presidente Sebasti\u00e1n Pi\u00f1era, dedic\u00e1ndose desde mayo del 2020 para asegurar una vacuna segura, eficaz y oportuna\u201d destacando acto seguido a nivel local el trabajo de los funcionarios de salud, los alcaldes y gobernaciones \u201cy despliegue realizado en esta tarea de inmunizar a la mayor de ayseninos posibles y as\u00ed, empezar a dejar atr\u00e1s esta pandemia\u201d.<\/p>\n<p style=\"text-align: justify;\">Gabriel Burgos, director del Servicio de Salud Ays\u00e9n, indic\u00f3 que \u201ceste proceso de vacunaci\u00f3n ha sido una labor mancomunada de instituciones, pero tambi\u00e9n de la sociedad civil. Llevamos un 70% de adultos mayores inmunizados en la regi\u00f3n, y nuestro esfuerzo est\u00e1 en alcanzar un mayor n\u00famero porque con ello podemos salvar vidas. Estamos trabajando de la mano con organizaciones y juntas de vecinos, con dirigentes muy comprometidos que han ido casa por casa buscando a esos adultos mayores rezagados\u201d.<\/p>\n<p style=\"text-align: justify;\">Precisamente en el af\u00e1n de llegar al m\u00e1ximo de poblaci\u00f3n posible, Burgos explic\u00f3 que \u201ccomo servicio hemos desplegado distintas estrategias, como con puntos fijos de inoculaci\u00f3n, pero tambi\u00e9n la estrategia variable de poder llegar a distintas sedes sociales e incluso movilizar nuestros equipos a los domicilios de las personas, de manera que nadie se reste de esta campa\u00f1a #YoMeVacuno\u201d.<\/p>\n<p style=\"text-align: justify;\">Para la pr\u00f3xima semana, de acuerdo al director del Servicio de Salud, se har\u00e1n efectivos cambios de los puntos de vacunaci\u00f3n \u201cporque hemos salido de las escuelas para el retorno a clases y as\u00ed colocar otros puntos y analizar estrategias y variables para acercarnos a cada uno de los lugares\u201d, puntualiz\u00f3.<\/p>\n<p style=\"text-align: justify;\">Desde la seremi de Salud, la subrogante Ver\u00f3nica Ojeda, detall\u00f3 \u201cno solamente es el equipo de salud, sino que hay personas que registran, hay much\u00edsimos dirigentes sociales trabajando con nosotros, adem\u00e1s del voluntariado de la agrupaci\u00f3n de enfermeras, Ej\u00e9rcito y la Universidad de Ays\u00e9n y eso, lo \u00fanico que nos demuestra que con unidad podemos llegar a las coberturas que estamos teniendo hoy d\u00eda\u201d.<\/p>\n<p style=\"text-align: justify;\">Ojeda agreg\u00f3 que desde el Minsal enviar\u00e1n 19 cajas fr\u00edas, dispositivos especiales para poder transportar en mejores condiciones las vacunas en v\u00edas terrestres y que as\u00ed se conserven por mayor tiempo.<\/p>\n<\/div><\/section><\/div><div  style='height:50px' class='hr hr-invisible   avia-builder-el-6  el_after_av_one_full  el_before_av_social_share '><span class='hr-inner ' ><span class='hr-inner-style'><\/span><\/span><\/div><\/p>\n<div  class='av-social-sharing-box  avia-builder-el-7  el_after_av_hr  el_before_av_hr  '><div class='av-share-box'><h5 class='av-share-link-description av-no-toc '>Compartir esta noticia<\/h5><ul class='av-share-box-list noLightbox'><li class='av-share-link av-social-link-facebook' ><a target=\"_blank\" aria-label=\"Compartir en Facebook\" href='https:\/\/www.facebook.com\/sharer.php?u=https:\/\/radiorevelacionfm.cl\/?p=2999&#038;t=Autoridades%20confirman%20llegada%20de%2013%20mil%20nuevas%20dosis%20Coronavac%20y%20detallan%20que%20el%2070%25%20de%20adultos%20mayores%20de%2065%20a%C3%B1os%20ya%20han%20sido%20vacunados' aria-hidden='false' data-av_icon='\ue8f3' data-av_iconfont='entypo-fontello' title='' data-avia-related-tooltip='Compartir en Facebook' rel=\"noopener\"><span class='avia_hidden_link_text'>Compartir en Facebook<\/span><\/a><\/li><li class='av-share-link av-social-link-twitter' ><a target=\"_blank\" aria-label=\"Compartir en Twitter\" href='https:\/\/twitter.com\/share?text=Autoridades%20confirman%20llegada%20de%2013%20mil%20nuevas%20dosis%20Coronavac%20y%20detallan%20que%20el%2070%25%20de%20adultos%20mayores%20de%2065%20a%C3%B1os%20ya%20han%20sido%20vacunados&#038;url=https:\/\/radiorevelacionfm.cl\/?p=2999' aria-hidden='false' data-av_icon='\ue8f1' data-av_iconfont='entypo-fontello' title='' data-avia-related-tooltip='Compartir en Twitter' rel=\"noopener\"><span class='avia_hidden_link_text'>Compartir en Twitter<\/span><\/a><\/li><li class='av-share-link av-social-link-whatsapp' ><a target=\"_blank\" aria-label=\"Compartir en Whatsapp\" href='https:\/\/api.whatsapp.com\/send?text=https:\/\/radiorevelacionfm.cl\/?p=2999' aria-hidden='false' data-av_icon='\uf232' data-av_iconfont='entypo-fontello' title='' data-avia-related-tooltip='Compartir en Whatsapp' rel=\"noopener\"><span class='avia_hidden_link_text'>Compartir en Whatsapp<\/span><\/a><\/li><li class='av-share-link av-social-link-linkedin' ><a target=\"_blank\" aria-label=\"Compartir en LinkedIn\" href='https:\/\/linkedin.com\/shareArticle?mini=true&#038;title=Autoridades%20confirman%20llegada%20de%2013%20mil%20nuevas%20dosis%20Coronavac%20y%20detallan%20que%20el%2070%25%20de%20adultos%20mayores%20de%2065%20a%C3%B1os%20ya%20han%20sido%20vacunados&#038;url=https:\/\/radiorevelacionfm.cl\/?p=2999' aria-hidden='false' data-av_icon='\ue8fc' data-av_iconfont='entypo-fontello' title='' data-avia-related-tooltip='Compartir en LinkedIn' rel=\"noopener\"><span class='avia_hidden_link_text'>Compartir en LinkedIn<\/span><\/a><\/li><li class='av-share-link av-social-link-mail' ><a  aria-label=\"Compartir por correo\" href='mailto:?subject=Autoridades%20confirman%20llegada%20de%2013%20mil%20nuevas%20dosis%20Coronavac%20y%20detallan%20que%20el%2070%25%20de%20adultos%20mayores%20de%2065%20a%C3%B1os%20ya%20han%20sido%20vacunados&#038;body=https:\/\/radiorevelacionfm.cl\/?p=2999' aria-hidden='false' data-av_icon='\ue805' data-av_iconfont='entypo-fontello' title='' data-avia-related-tooltip='Compartir por correo'><span class='avia_hidden_link_text'>Compartir por correo<\/span><\/a><\/li><\/ul><\/div><\/div>\n<div  style='height:50px' class='hr hr-invisible   avia-builder-el-8  el_after_av_social_share  el_before_av_comments_list '><span class='hr-inner ' ><span class='hr-inner-style'><\/span><\/span><\/div>\n<div  class='av-buildercomment  av-blog-meta-html-info-disabled av-blog-meta-tag-disabled  '><\/div>\n","protected":false},"excerpt":{"rendered":"","protected":false},"author":1,"featured_media":0,"comment_status":"open","ping_status":"open","sticky":false,"template":"","format":"standard","meta":{"footnotes":""},"categories":[46],"tags":[],"class_list":["post-2999","post","type-post","status-publish","format-standard","hentry","category-salud"],"jetpack_featured_media_url":"","_links":{"self":[{"href":"https:\/\/radiorevelacionfm.cl\/index.php?rest_route=\/wp\/v2\/posts\/2999","targetHints":{"allow":["GET"]}}],"collection":[{"href":"https:\/\/radiorevelacionfm.cl\/index.php?rest_route=\/wp\/v2\/posts"}],"about":[{"href":"https:\/\/radiorevelacionfm.cl\/index.php?rest_route=\/wp\/v2\/types\/post"}],"author":[{"embeddable":true,"href":"https:\/\/radiorevelacionfm.cl\/index.php?rest_route=\/wp\/v2\/users\/1"}],"replies":[{"embeddable":true,"href":"https:\/\/radiorevelacionfm.cl\/index.php?rest_route=%2Fwp%2Fv2%2Fcomments&post=2999"}],"version-history":[{"count":1,"href":"https:\/\/radiorevelacionfm.cl\/index.php?rest_route=\/wp\/v2\/posts\/2999\/revisions"}],"predecessor-version":[{"id":3001,"href":"https:\/\/radiorevelacionfm.cl\/index.php?rest_route=\/wp\/v2\/posts\/2999\/revisions\/3001"}],"wp:attachment":[{"href":"https:\/\/radiorevelacionfm.cl\/index.php?rest_route=%2Fwp%2Fv2%2Fmedia&parent=2999"}],"wp:term":[{"taxonomy":"category","embeddable":true,"href":"https:\/\/radiorevelacionfm.cl\/index.php?rest_route=%2Fwp%2Fv2%2Fcategories&post=2999"},{"taxonomy":"post_tag","embeddable":true,"href":"https:\/\/radiorevelacionfm.cl\/index.php?rest_route=%2Fwp%2Fv2%2Ftags&post=2999"}],"curies":[{"name":"wp","href":"https:\/\/api.w.org\/{rel}","templated":true}]}}