{"id":29979,"date":"2023-04-12T16:33:13","date_gmt":"2023-04-12T19:33:13","guid":{"rendered":"https:\/\/radiorevelacionfm.cl\/?p=29979"},"modified":"2023-04-12T16:33:13","modified_gmt":"2023-04-12T19:33:13","slug":"vecinas-y-vecinos-del-sector-estero-lechoso-se-unen-para-conformar-comunidad-de-aguas-apoyados-por-el-mop","status":"publish","type":"post","link":"https:\/\/radiorevelacionfm.cl\/?p=29979","title":{"rendered":"Vecinas y vecinos del sector Estero Lechoso se unen para conformar comunidad de aguas apoyados por el MOP"},"content":{"rendered":"<div class=\"flex_column av_one_full  flex_column_div av-zero-column-padding first  avia-builder-el-0  el_before_av_one_full  avia-builder-el-first  \" style='border-radius:0px; '><div  class='avia-image-container  av-styling-    avia-builder-el-1  avia-builder-el-no-sibling  avia-align-center '  itemprop=\"image\" itemscope=\"itemscope\" itemtype=\"https:\/\/schema.org\/ImageObject\"  ><div class='avia-image-container-inner'><div class='avia-image-overlay-wrap'><img decoding=\"async\" class='wp-image-29980 avia-img-lazy-loading-not-29980 avia_image' src=\"https:\/\/radiorevelacionfm.cl\/wp-content\/uploads\/2023\/04\/dga-2-comunidad-aguas-1_optimized-1.jpg\" alt='' title='dga-2-comunidad-aguas-(1)_optimized (1)' height=\"600\" width=\"1867\"  itemprop=\"thumbnailUrl\" srcset=\"https:\/\/radiorevelacionfm.cl\/wp-content\/uploads\/2023\/04\/dga-2-comunidad-aguas-1_optimized-1.jpg 1867w, https:\/\/radiorevelacionfm.cl\/wp-content\/uploads\/2023\/04\/dga-2-comunidad-aguas-1_optimized-1-300x96.jpg 300w, https:\/\/radiorevelacionfm.cl\/wp-content\/uploads\/2023\/04\/dga-2-comunidad-aguas-1_optimized-1-1030x331.jpg 1030w, https:\/\/radiorevelacionfm.cl\/wp-content\/uploads\/2023\/04\/dga-2-comunidad-aguas-1_optimized-1-768x247.jpg 768w, https:\/\/radiorevelacionfm.cl\/wp-content\/uploads\/2023\/04\/dga-2-comunidad-aguas-1_optimized-1-1536x494.jpg 1536w, https:\/\/radiorevelacionfm.cl\/wp-content\/uploads\/2023\/04\/dga-2-comunidad-aguas-1_optimized-1-1500x482.jpg 1500w, https:\/\/radiorevelacionfm.cl\/wp-content\/uploads\/2023\/04\/dga-2-comunidad-aguas-1_optimized-1-705x227.jpg 705w, https:\/\/radiorevelacionfm.cl\/wp-content\/uploads\/2023\/04\/dga-2-comunidad-aguas-1_optimized-1-450x145.jpg 450w, https:\/\/radiorevelacionfm.cl\/wp-content\/uploads\/2023\/04\/dga-2-comunidad-aguas-1_optimized-1-600x193.jpg 600w\" sizes=\"(max-width: 1867px) 100vw, 1867px\" \/><\/div><\/div><\/div><\/div>\n<div class=\"flex_column av_one_full  flex_column_div av-zero-column-padding first  avia-builder-el-2  el_after_av_one_full  el_before_av_one_full  column-top-margin\" style='border-radius:0px; '><section class=\"av_textblock_section \"  itemscope=\"itemscope\" itemtype=\"https:\/\/schema.org\/BlogPosting\" itemprop=\"blogPost\" ><div class='avia_textblock  '   itemprop=\"text\" ><p style=\"text-align: center;\"><strong><span style=\"font-size: 18pt;\">Vecinas y vecinos del sector Estero Lechoso se unen para conformar comunidad de aguas apoyados por el MOP<\/span><\/strong><\/p>\n<div id=\"gtx-trans\" style=\"position: absolute; left: -50px; top: 4.31534px;\">\n<div class=\"gtx-trans-icon\"><\/div>\n<\/div>\n<\/div><\/section><\/div><div class=\"flex_column av_one_full  flex_column_div av-zero-column-padding first  avia-builder-el-4  el_after_av_one_full  el_before_av_hr  column-top-margin\" style='border-radius:0px; '><section class=\"av_textblock_section \"  itemscope=\"itemscope\" itemtype=\"https:\/\/schema.org\/BlogPosting\" itemprop=\"blogPost\" ><div class='avia_textblock  '   itemprop=\"text\" ><p style=\"text-align: justify;\">El Director de la Direcci\u00f3n General de Aguas del Ministerio de Obras P\u00fablicas en la regi\u00f3n de Ays\u00e9n H\u00e9ctor Cort\u00e9s Gaete junto al encargado de Organizaciones de Usuarios de la Direcci\u00f3n General de Aguas (DGA) del MOP en la regi\u00f3n de Ays\u00e9n Carlos Flores Olivares, esta semana se reunieron con las y los vecinos de Puerto Ingeniero Ib\u00e1\u00f1ez, para apoyar la conformaci\u00f3n de la Comunidad de Aguas del Estero Lechoso, en el marco de un trabajo impulsado conjuntamente con la Comisi\u00f3n Nacional de Riego dependiente de la Secretar\u00eda Regional Ministerial de Agricultura a trav\u00e9s de su SEREMI Alan Espinoza y la Ilustre Municipalidad de R\u00edo Ib\u00e1\u00f1ez mediante su Alcalde Marcelo Santana.<\/p>\n<p style=\"text-align: justify;\">El Secretario Regional Ministerial de Obras P\u00fablicas, Patricio Sanhueza Ulloa indic\u00f3 al respecto que \u201ciniciativas como estas en el gobierno del presidente Gabriel Boric, nos permiten efectuar una gesti\u00f3n m\u00e1s cercana y de acompa\u00f1amiento a la comunidad en todo el proceso que significa la conformaci\u00f3n de una Comunidad de Aguas, m\u00e1s a\u00fan cuando \u00e9stas se encuentran ubicadas en sectores rurales, en donde queremos llegar con todos los instrumentos del Estado para que una vez que las personas adquieran sus derechos de aprovechamiento de aguas, tambi\u00e9n puedan contar con acceso a los beneficios que les permitir\u00e1n a estas comunidades cambios significativos en sus vidas. Hoy estamos descentralizando la gesti\u00f3n para ir en apoyo de nuestros vecinos y vecinas, lo que nos tiene muy conformes porque ya hemos podido llegar a otros sectores para conformar nuevas comunidades de agua como son en la cuenca del Lago General Carrera en el sector R\u00edo Avil\u00e9s, en el sector R\u00edo Jeinimeni y tambi\u00e9n en Villa Ortega, todos quienes gracias a las modificaciones al C\u00f3digo de Aguas hoy pueden tener una participaci\u00f3n activa en su propio desarrollo\u201d.<\/p>\n<p style=\"text-align: justify;\">Consultado al respecto, el Director Regional de Aguas del MOP, destaco la importancia del fortalecimiento de las Organizaciones Usuarios de Aguas (OUA) y resalt\u00f3 como ellas cobran relevancia dentro del contexto de la gobernanza en la administraci\u00f3n y uso eficiente del recurso h\u00eddrico en un escenario mundial de cambio clim\u00e1tico, en donde probablemente se van a regular las condiciones de disponibilidad del recurso h\u00eddrico en el futuro. \u201cComo Servicio hemos comprometido nuestro apoyo para la realizaci\u00f3n de las actividades de fortalecimiento que sean necesarias para el correcto funcionamiento de estas Comunidades de Aguas que hoy se encuentran en formaci\u00f3n, as\u00ed como tambi\u00e9n las que se conformen en el futuro. Hoy contamos con modificaciones al C\u00f3digo de Aguas que nos permiten trabajar enfocados en promover este tipo de organizaciones en un contexto como el actual, en donde el gobierno del presidente Gabriel Boric ve como prioritario el recurso h\u00eddrico para el consumo humano\u201d.<\/p>\n<p style=\"text-align: justify;\">Por su parte Carlos Flores Olivares, indic\u00f3 la relevancia de \u00a0registrar una Comunidad de Aguas y contar con su existencia legal y personalidad jur\u00eddica, se\u00f1alando que \u201cel registro de las comunidades de Aguas tiene mucha importancia, porque ese es el acto que da nacimiento a la comunidad como tal, y a partir de ah\u00ed en el futuro como comunidad organizada podr\u00e1n postular a proyectos de riego o de mejoramiento de infraestructura, as\u00ed como tambi\u00e9n al contar con personalidad jur\u00eddica podr\u00e1n tener acceso a cuenta en un Banco, entre otros beneficios que se puedan presentar en el futuro\u201d, y agreg\u00f3 que \u201cpara formar una Comunidad de Aguas existen dos v\u00edas y en ambas situaciones se parte sobre la base de que es una determinada cantidad de personas usuarias\/os que tienen derechos de aprovechamiento de aguas constituidos en un mismo punto \u00a0y que ocupan una misma infraestructura para distribuir el agua una vez que se capta del cauce natural\u201d.<\/p>\n<p style=\"text-align: justify;\">Las Comunidades de Aguas se pueden formar por dos v\u00edas: Una es la v\u00eda extrajudicial que es a trav\u00e9s de una escritura p\u00fablica en donde debe comparecer el 100% de sus integrantes, porque si falta una persona no se puede proceder por esta v\u00eda; y la otra forma es que se debe optar por la v\u00eda judicial, lo que implica el patrocinio de un abogado quien debe realizar una presentaci\u00f3n ante el Tribunal, suscrita por todas las personas interesadas en participar en esa Comunidad de Aguas y que tengan derechos de aprovechamiento de aguas, y dar continuidad al proceso correspondiente hasta obtener una sentencia judicial que declare organizada la comunidad. Una vez finalizado el tr\u00e1mite por cualquiera de estas dos v\u00edas, la comunidad de Aguas debe remitir los antecedentes a la Direcci\u00f3n General de Aguas del MOP en la regi\u00f3n de Ays\u00e9n para su an\u00e1lisis y admisibilidad, posteriormente se ir\u00e1 a terreno a realizar un informe t\u00e9cnico que d\u00e9 cuenta de esta situaci\u00f3n y finalmente se enviar\u00e1 a la DGA de Santiago para su revisi\u00f3n y proceder a registrar la Comunidad de Aguas en el Registro de Organizaciones de Usuarios.<\/p>\n<p style=\"text-align: justify;\">Al respecto, Jessy Vargas Bustamante secretaria de la Comunidad de Aguas en formaci\u00f3n del sector El Lechoso, ubicada en la comuna de R\u00edo Ib\u00e1\u00f1ez indic\u00f3 \u201chemos estado en diferentes reuniones y realmente todo lo que conlleva ser una agrupaci\u00f3n hoy en d\u00eda cobra m\u00e1s importancia, porque podemos estar en Estudios, podemos hacer proyectos, podemos tener revestimiento de canales, podemos tener una agrupaci\u00f3n en donde nos regimos por nuestros propios estatutos; entonces, cuando no existe esta comunidad o esta agrupaci\u00f3n, nos vemos todos desordenados y cada uno apunta para su lado. Esta es la importancia, porque todos los beneficios del Estado en la parte econ\u00f3mica bajan a trav\u00e9s de la comunidad o a trav\u00e9s de una agrupaci\u00f3n y por lo tanto, no nos puede llegar a nosotros los vecinos los beneficios como particulares. Hoy en d\u00eda, todos necesitamos del agua y cada vez vemos que es m\u00e1s escaza, a pesar de que vivimos ac\u00e1 \u2013 en donde supuestamente no tenemos sequ\u00eda- pero, claramente a\u00f1o a a\u00f1o nos hace falta este vital elemento que es el agua, y si no estamos en comunidad es muy dif\u00edcil que podamos proteger este bien, que hoy en d\u00eda es tan necesario\u201d.<\/p>\n<p style=\"text-align: justify;\"><strong><u>REUNI\u00d3N CON INDAP<\/u><\/strong><\/p>\n<p style=\"text-align: justify;\">Durante la ma\u00f1ana y en dependencias del Ministerio de Agricultura, las autoridades del MOP tambi\u00e9n se reunieron con el Jefe de Operaciones de INDAP, Sergio Sanhueza y equipo, para coordinar trabajo conjunto con relaci\u00f3n a las modificaciones al C\u00f3digo de Aguas publicadas en el Diario Oficial el d\u00eda 06 de abril de 2022, sus alcances e implicancias, y debido a que INDAP tiene una serie de instrumentos de fomento puede ir en ayuda de los peque\u00f1os agricultores como por ejemplo con financiamientos de proyectos de riego y con el Bono Legal de Aguas, considerando para eso que los peque\u00f1os agricultores cuenten con la orientaci\u00f3n respectiva en materias relacionadas con la Direcci\u00f3n General de Aguas, como es tener previamente sus derechos de aprovechamiento de aguas constituidos, antes de optar por los beneficios que entrega el Estado a trav\u00e9s de INDAP, por lo tanto esta reuni\u00f3n nos permiti\u00f3 trabajar conjuntamente en todas aquellas materias a trav\u00e9s de las cuales los dos Servicios P\u00fablicos podemos apoyar a las comunidades para el logro de sus proyectos y su desarrollo.<\/p>\n<\/div><\/section><\/div><\/p>\n<div  style='height:50px' class='hr hr-invisible   avia-builder-el-6  el_after_av_one_full  el_before_av_social_share '><span class='hr-inner ' ><span class='hr-inner-style'><\/span><\/span><\/div>\n<div  class='av-social-sharing-box  avia-builder-el-7  el_after_av_hr  el_before_av_hr  '><div class='av-share-box'><h5 class='av-share-link-description av-no-toc '>Compartir esta noticia<\/h5><ul class='av-share-box-list noLightbox'><li class='av-share-link av-social-link-facebook' ><a target=\"_blank\" aria-label=\"Compartir en Facebook\" href='https:\/\/www.facebook.com\/sharer.php?u=https:\/\/radiorevelacionfm.cl\/?p=29979&#038;t=Vecinas%20y%20vecinos%20del%20sector%20Estero%20Lechoso%20se%20unen%20para%20conformar%20comunidad%20de%20aguas%20apoyados%20por%20el%20MOP' aria-hidden='false' data-av_icon='\ue8f3' data-av_iconfont='entypo-fontello' title='' data-avia-related-tooltip='Compartir en Facebook' rel=\"noopener\"><span class='avia_hidden_link_text'>Compartir en Facebook<\/span><\/a><\/li><li class='av-share-link av-social-link-twitter' ><a target=\"_blank\" aria-label=\"Compartir en Twitter\" href='https:\/\/twitter.com\/share?text=Vecinas%20y%20vecinos%20del%20sector%20Estero%20Lechoso%20se%20unen%20para%20conformar%20comunidad%20de%20aguas%20apoyados%20por%20el%20MOP&#038;url=https:\/\/radiorevelacionfm.cl\/?p=29979' aria-hidden='false' data-av_icon='\ue8f1' data-av_iconfont='entypo-fontello' title='' data-avia-related-tooltip='Compartir en Twitter' rel=\"noopener\"><span class='avia_hidden_link_text'>Compartir en Twitter<\/span><\/a><\/li><li class='av-share-link av-social-link-whatsapp' ><a target=\"_blank\" aria-label=\"Compartir en Whatsapp\" href='https:\/\/api.whatsapp.com\/send?text=https:\/\/radiorevelacionfm.cl\/?p=29979' aria-hidden='false' data-av_icon='\uf232' data-av_iconfont='entypo-fontello' title='' data-avia-related-tooltip='Compartir en Whatsapp' rel=\"noopener\"><span class='avia_hidden_link_text'>Compartir en Whatsapp<\/span><\/a><\/li><li class='av-share-link av-social-link-linkedin' ><a target=\"_blank\" aria-label=\"Compartir en LinkedIn\" href='https:\/\/linkedin.com\/shareArticle?mini=true&#038;title=Vecinas%20y%20vecinos%20del%20sector%20Estero%20Lechoso%20se%20unen%20para%20conformar%20comunidad%20de%20aguas%20apoyados%20por%20el%20MOP&#038;url=https:\/\/radiorevelacionfm.cl\/?p=29979' aria-hidden='false' data-av_icon='\ue8fc' data-av_iconfont='entypo-fontello' title='' data-avia-related-tooltip='Compartir en LinkedIn' rel=\"noopener\"><span class='avia_hidden_link_text'>Compartir en LinkedIn<\/span><\/a><\/li><li class='av-share-link av-social-link-mail' ><a  aria-label=\"Compartir por correo\" href='mailto:?subject=Vecinas%20y%20vecinos%20del%20sector%20Estero%20Lechoso%20se%20unen%20para%20conformar%20comunidad%20de%20aguas%20apoyados%20por%20el%20MOP&#038;body=https:\/\/radiorevelacionfm.cl\/?p=29979' aria-hidden='false' data-av_icon='\ue805' data-av_iconfont='entypo-fontello' title='' data-avia-related-tooltip='Compartir por correo'><span class='avia_hidden_link_text'>Compartir por correo<\/span><\/a><\/li><\/ul><\/div><\/div>\n<div  style='height:50px' class='hr hr-invisible   avia-builder-el-8  el_after_av_social_share  el_before_av_comments_list '><span class='hr-inner ' ><span class='hr-inner-style'><\/span><\/span><\/div>\n<div  class='av-buildercomment  av-blog-meta-html-info-disabled av-blog-meta-tag-disabled  '><\/div>\n","protected":false},"excerpt":{"rendered":"","protected":false},"author":1,"featured_media":29980,"comment_status":"open","ping_status":"open","sticky":false,"template":"","format":"standard","meta":{"footnotes":""},"categories":[38],"tags":[],"class_list":["post-29979","post","type-post","status-publish","format-standard","has-post-thumbnail","hentry","category-regional"],"jetpack_featured_media_url":"https:\/\/radiorevelacionfm.cl\/wp-content\/uploads\/2023\/04\/dga-2-comunidad-aguas-1_optimized-1.jpg","_links":{"self":[{"href":"https:\/\/radiorevelacionfm.cl\/index.php?rest_route=\/wp\/v2\/posts\/29979","targetHints":{"allow":["GET"]}}],"collection":[{"href":"https:\/\/radiorevelacionfm.cl\/index.php?rest_route=\/wp\/v2\/posts"}],"about":[{"href":"https:\/\/radiorevelacionfm.cl\/index.php?rest_route=\/wp\/v2\/types\/post"}],"author":[{"embeddable":true,"href":"https:\/\/radiorevelacionfm.cl\/index.php?rest_route=\/wp\/v2\/users\/1"}],"replies":[{"embeddable":true,"href":"https:\/\/radiorevelacionfm.cl\/index.php?rest_route=%2Fwp%2Fv2%2Fcomments&post=29979"}],"version-history":[{"count":2,"href":"https:\/\/radiorevelacionfm.cl\/index.php?rest_route=\/wp\/v2\/posts\/29979\/revisions"}],"predecessor-version":[{"id":29986,"href":"https:\/\/radiorevelacionfm.cl\/index.php?rest_route=\/wp\/v2\/posts\/29979\/revisions\/29986"}],"wp:featuredmedia":[{"embeddable":true,"href":"https:\/\/radiorevelacionfm.cl\/index.php?rest_route=\/wp\/v2\/media\/29980"}],"wp:attachment":[{"href":"https:\/\/radiorevelacionfm.cl\/index.php?rest_route=%2Fwp%2Fv2%2Fmedia&parent=29979"}],"wp:term":[{"taxonomy":"category","embeddable":true,"href":"https:\/\/radiorevelacionfm.cl\/index.php?rest_route=%2Fwp%2Fv2%2Fcategories&post=29979"},{"taxonomy":"post_tag","embeddable":true,"href":"https:\/\/radiorevelacionfm.cl\/index.php?rest_route=%2Fwp%2Fv2%2Ftags&post=29979"}],"curies":[{"name":"wp","href":"https:\/\/api.w.org\/{rel}","templated":true}]}}